{"id":11978,"date":"2012-10-26T08:18:14","date_gmt":"2012-10-26T06:18:14","guid":{"rendered":"https:\/\/tele-mark.dk\/aennu-ett-foeretag-vid-omx-copenhagen-utoekar-sitt-samarbete-med-tele-mark-a-s\/"},"modified":"2025-09-26T09:16:31","modified_gmt":"2025-09-26T07:16:31","slug":"aennu-ett-foeretag-vid-omx-copenhagen-utoekar-sitt-samarbete-med-tele-mark-a-s","status":"publish","type":"post","link":"https:\/\/tele-mark.dk\/sv\/aennu-ett-foeretag-vid-omx-copenhagen-utoekar-sitt-samarbete-med-tele-mark-a-s\/","title":{"rendered":"\u00c4nnu ett f\u00f6retag vid OMX Copenhagen ut\u00f6kar sitt samarbete med Tele-Mark A\/S."},"content":{"rendered":"<p>Detta \u00e4r inte en kund som \u00e4r ok\u00e4nd f\u00f6r Tele-Mark A\/S, och Tele-Mark A\/S \u00e4r definitivt inte ok\u00e4nd f\u00f6r kunden. Vi har haft det stora n\u00f6jet att betj\u00e4na kunden sedan h\u00f6sten 2009, d\u00e5 det f\u00f6rsta avtalet skrevs under. Detta \u00e4r d\u00e4rf\u00f6r ett f\u00f6retag med en gedigen kunskap om Tele-Mark A\/S och v\u00e5ra kompetenser, kvalitet, service och professionalism. Detta var f\u00f6rmodligen en h\u00f6g prioritet f\u00f6r kunden n\u00e4r de valde Tele-Mark A\/S.   <\/p>\n<p>Mer specifikt inneb\u00e4r samarbetet att kontakta cirka 2 000 f\u00f6retag f\u00f6re ny\u00e5r, och d\u00e4refter kontakta upp till 25 000 f\u00f6retag under 2013. Detta \u00e4r en relativt stor uppgift som kr\u00e4ver viss ledning. <\/p>\n<p>Vi \u00e4r otroligt glada \u00f6ver att lansera projektet inom de n\u00e4rmaste veckorna! Och \u00e4r v\u00e4ldigt stolta \u00f6ver att v\u00e5r filosofi tas emot s\u00e5 v\u00e4l p\u00e5 marknaden! <\/p>\n<p><strong>L\u00e4s mer om:<\/strong><\/p>\n<ul>\n<li><a title=\"M\u00f6tesbokning\" href=\"\/telemarketing\/modebooking\/\">M\u00f6tesbokning<\/a><\/li>\n<li><a title=\"Telemarketing\" href=\"https:\/\/tele-mark.dk\/sv\/telemarketing\/\">Telemarketing<\/a><\/li>\n<li><a title=\"M\u00f6tesbokare\" href=\"https:\/\/tele-mark.dk\/sv\/telemarketing\/moetesbokare\/\">M\u00f6tesbokare<\/a><\/li>\n<\/ul>\n<div class=\"fb-share-button\" data-layout=\"button\"><\/div>\n","protected":false},"excerpt":{"rendered":"<p>Detta \u00e4r inte en kund som \u00e4r ok\u00e4nd f\u00f6r Tele-Mark A\/S, och Tele-Mark A\/S \u00e4r definitivt inte ok\u00e4nd f\u00f6r kunden. Vi har haft det stora n\u00f6jet att betj\u00e4na kunden sedan h\u00f6sten 2009, d\u00e5 det f\u00f6rsta avtalet skrevs under. Detta \u00e4r d\u00e4rf\u00f6r ett f\u00f6retag med en gedigen kunskap om Tele-Mark A\/S och v\u00e5ra kompetenser, kvalitet, service &#8230; <a title=\"\u00c4nnu ett f\u00f6retag vid OMX Copenhagen ut\u00f6kar sitt samarbete med Tele-Mark A\/S.\" class=\"read-more\" href=\"https:\/\/tele-mark.dk\/sv\/aennu-ett-foeretag-vid-omx-copenhagen-utoekar-sitt-samarbete-med-tele-mark-a-s\/\" aria-label=\"L\u00e4s mer om \u00c4nnu ett f\u00f6retag vid OMX Copenhagen ut\u00f6kar sitt samarbete med Tele-Mark A\/S.\">L\u00e4s mer<\/a><\/p>\n","protected":false},"author":7,"featured_media":0,"comment_status":"closed","ping_status":"closed","sticky":false,"template":"","format":"standard","meta":{"_acf_changed":false,"footnotes":""},"categories":[90],"tags":[],"class_list":["post-11978","post","type-post","status-publish","format-standard","hentry","category-okategoriserad-sv"],"acf":[],"yoast_head":"<!-- This site is optimized with the Yoast SEO plugin v26.8 - https:\/\/yoast.com\/product\/yoast-seo-wordpress\/ -->\n<title>\u00c4nnu ett f\u00f6retag vid OMX Copenhagen ut\u00f6kar sitt samarbete med Tele-Mark A\/S. | Tele-Mark A\/S<\/title>\n<meta name=\"robots\" content=\"index, follow, max-snippet:-1, max-image-preview:large, max-video-preview:-1\" \/>\n<link rel=\"canonical\" href=\"https:\/\/tele-mark.dk\/sv\/?p=11978\" \/>\n<meta property=\"og:locale\" content=\"sv_SE\" \/>\n<meta property=\"og:type\" content=\"article\" \/>\n<meta property=\"og:title\" content=\"\u00c4nnu ett f\u00f6retag vid OMX Copenhagen ut\u00f6kar sitt samarbete med Tele-Mark A\/S. | Tele-Mark A\/S\" \/>\n<meta property=\"og:description\" content=\"Detta \u00e4r inte en kund som \u00e4r ok\u00e4nd f\u00f6r Tele-Mark A\/S, och Tele-Mark A\/S \u00e4r definitivt inte ok\u00e4nd f\u00f6r kunden. Vi har haft det stora n\u00f6jet att betj\u00e4na kunden sedan h\u00f6sten 2009, d\u00e5 det f\u00f6rsta avtalet skrevs under. Detta \u00e4r d\u00e4rf\u00f6r ett f\u00f6retag med en gedigen kunskap om Tele-Mark A\/S och v\u00e5ra kompetenser, kvalitet, service ... L\u00e4s mer\" \/>\n<meta property=\"og:url\" content=\"https:\/\/tele-mark.dk\/sv\/?p=11978\" \/>\n<meta property=\"og:site_name\" content=\"Tele-Mark A\/S\" \/>\n<meta property=\"article:published_time\" content=\"2012-10-26T06:18:14+00:00\" \/>\n<meta property=\"article:modified_time\" content=\"2025-09-26T07:16:31+00:00\" \/>\n<meta name=\"author\" content=\"MK@tele-mark.dk\" \/>\n<meta name=\"twitter:card\" content=\"summary_large_image\" \/>\n<meta name=\"twitter:label1\" content=\"Skriven av\" \/>\n\t<meta name=\"twitter:data1\" content=\"MK@tele-mark.dk\" \/>\n\t<meta name=\"twitter:label2\" content=\"Ber\u00e4knad l\u00e4stid\" \/>\n\t<meta name=\"twitter:data2\" content=\"1 minut\" \/>\n<script type=\"application\/ld+json\" class=\"yoast-schema-graph\">{\"@context\":\"https:\/\/schema.org\",\"@graph\":[{\"@type\":\"Article\",\"@id\":\"https:\/\/tele-mark.dk\/sv\/?p=11978#article\",\"isPartOf\":{\"@id\":\"https:\/\/tele-mark.dk\/sv\/?p=11978\"},\"author\":{\"name\":\"MK@tele-mark.dk\",\"@id\":\"https:\/\/tele-mark.dk\/#\/schema\/person\/b384f8c60f09de558a20bb8574465698\"},\"headline\":\"\u00c4nnu ett f\u00f6retag vid OMX Copenhagen ut\u00f6kar sitt samarbete med Tele-Mark A\/S.\",\"datePublished\":\"2012-10-26T06:18:14+00:00\",\"dateModified\":\"2025-09-26T07:16:31+00:00\",\"mainEntityOfPage\":{\"@id\":\"https:\/\/tele-mark.dk\/sv\/?p=11978\"},\"wordCount\":177,\"publisher\":{\"@id\":\"https:\/\/tele-mark.dk\/#organization\"},\"articleSection\":[\"Okategoriserad @sv\"],\"inLanguage\":\"sv-SE\"},{\"@type\":\"WebPage\",\"@id\":\"https:\/\/tele-mark.dk\/sv\/?p=11978\",\"url\":\"https:\/\/tele-mark.dk\/sv\/?p=11978\",\"name\":\"\u00c4nnu ett f\u00f6retag vid OMX Copenhagen ut\u00f6kar sitt samarbete med Tele-Mark A\/S. | Tele-Mark A\/S\",\"isPartOf\":{\"@id\":\"https:\/\/tele-mark.dk\/#website\"},\"datePublished\":\"2012-10-26T06:18:14+00:00\",\"dateModified\":\"2025-09-26T07:16:31+00:00\",\"breadcrumb\":{\"@id\":\"https:\/\/tele-mark.dk\/sv\/?p=11978#breadcrumb\"},\"inLanguage\":\"sv-SE\",\"potentialAction\":[{\"@type\":\"ReadAction\",\"target\":[\"https:\/\/tele-mark.dk\/sv\/?p=11978\"]}]},{\"@type\":\"BreadcrumbList\",\"@id\":\"https:\/\/tele-mark.dk\/sv\/?p=11978#breadcrumb\",\"itemListElement\":[{\"@type\":\"ListItem\",\"position\":1,\"name\":\"Forside\",\"item\":\"https:\/\/tele-mark.dk\/sv\/?page_id=10827\"},{\"@type\":\"ListItem\",\"position\":2,\"name\":\"\u00c4nnu ett f\u00f6retag vid OMX Copenhagen ut\u00f6kar sitt samarbete med Tele-Mark A\/S.\"}]},{\"@type\":\"WebSite\",\"@id\":\"https:\/\/tele-mark.dk\/#website\",\"url\":\"https:\/\/tele-mark.dk\/\",\"name\":\"Tele-Mark A\/S\",\"description\":\"Telemarketingbyr\u00e5 \u200b\u200bf\u00f6r Danmark, Norden, Europa och hela v\u00e4rlden\",\"publisher\":{\"@id\":\"https:\/\/tele-mark.dk\/#organization\"},\"potentialAction\":[{\"@type\":\"SearchAction\",\"target\":{\"@type\":\"EntryPoint\",\"urlTemplate\":\"https:\/\/tele-mark.dk\/?s={search_term_string}\"},\"query-input\":{\"@type\":\"PropertyValueSpecification\",\"valueRequired\":true,\"valueName\":\"search_term_string\"}}],\"inLanguage\":\"sv-SE\"},{\"@type\":\"Organization\",\"@id\":\"https:\/\/tele-mark.dk\/#organization\",\"name\":\"Tele-Mark A\/S\",\"url\":\"https:\/\/tele-mark.dk\/\",\"logo\":{\"@type\":\"ImageObject\",\"inLanguage\":\"sv-SE\",\"@id\":\"https:\/\/tele-mark.dk\/#\/schema\/logo\/image\/\",\"url\":\"https:\/\/tele-mark.dk\/wp-content\/uploads\/2025\/03\/Nyt-logo.svg\",\"contentUrl\":\"https:\/\/tele-mark.dk\/wp-content\/uploads\/2025\/03\/Nyt-logo.svg\",\"width\":433,\"height\":161,\"caption\":\"Tele-Mark A\/S\"},\"image\":{\"@id\":\"https:\/\/tele-mark.dk\/#\/schema\/logo\/image\/\"}},{\"@type\":\"Person\",\"@id\":\"https:\/\/tele-mark.dk\/#\/schema\/person\/b384f8c60f09de558a20bb8574465698\",\"name\":\"MK@tele-mark.dk\",\"url\":\"https:\/\/tele-mark.dk\/sv\/author\/mktele-mark-dk\/\"}]}<\/script>\n<!-- \/ Yoast SEO plugin. -->","yoast_head_json":{"title":"\u00c4nnu ett f\u00f6retag vid OMX Copenhagen ut\u00f6kar sitt samarbete med Tele-Mark A\/S. | Tele-Mark A\/S","robots":{"index":"index","follow":"follow","max-snippet":"max-snippet:-1","max-image-preview":"max-image-preview:large","max-video-preview":"max-video-preview:-1"},"canonical":"https:\/\/tele-mark.dk\/sv\/?p=11978","og_locale":"sv_SE","og_type":"article","og_title":"\u00c4nnu ett f\u00f6retag vid OMX Copenhagen ut\u00f6kar sitt samarbete med Tele-Mark A\/S. | Tele-Mark A\/S","og_description":"Detta \u00e4r inte en kund som \u00e4r ok\u00e4nd f\u00f6r Tele-Mark A\/S, och Tele-Mark A\/S \u00e4r definitivt inte ok\u00e4nd f\u00f6r kunden. Vi har haft det stora n\u00f6jet att betj\u00e4na kunden sedan h\u00f6sten 2009, d\u00e5 det f\u00f6rsta avtalet skrevs under. Detta \u00e4r d\u00e4rf\u00f6r ett f\u00f6retag med en gedigen kunskap om Tele-Mark A\/S och v\u00e5ra kompetenser, kvalitet, service ... L\u00e4s mer","og_url":"https:\/\/tele-mark.dk\/sv\/?p=11978","og_site_name":"Tele-Mark A\/S","article_published_time":"2012-10-26T06:18:14+00:00","article_modified_time":"2025-09-26T07:16:31+00:00","author":"MK@tele-mark.dk","twitter_card":"summary_large_image","twitter_misc":{"Skriven av":"MK@tele-mark.dk","Ber\u00e4knad l\u00e4stid":"1 minut"},"schema":{"@context":"https:\/\/schema.org","@graph":[{"@type":"Article","@id":"https:\/\/tele-mark.dk\/sv\/?p=11978#article","isPartOf":{"@id":"https:\/\/tele-mark.dk\/sv\/?p=11978"},"author":{"name":"MK@tele-mark.dk","@id":"https:\/\/tele-mark.dk\/#\/schema\/person\/b384f8c60f09de558a20bb8574465698"},"headline":"\u00c4nnu ett f\u00f6retag vid OMX Copenhagen ut\u00f6kar sitt samarbete med Tele-Mark A\/S.","datePublished":"2012-10-26T06:18:14+00:00","dateModified":"2025-09-26T07:16:31+00:00","mainEntityOfPage":{"@id":"https:\/\/tele-mark.dk\/sv\/?p=11978"},"wordCount":177,"publisher":{"@id":"https:\/\/tele-mark.dk\/#organization"},"articleSection":["Okategoriserad @sv"],"inLanguage":"sv-SE"},{"@type":"WebPage","@id":"https:\/\/tele-mark.dk\/sv\/?p=11978","url":"https:\/\/tele-mark.dk\/sv\/?p=11978","name":"\u00c4nnu ett f\u00f6retag vid OMX Copenhagen ut\u00f6kar sitt samarbete med Tele-Mark A\/S. | Tele-Mark A\/S","isPartOf":{"@id":"https:\/\/tele-mark.dk\/#website"},"datePublished":"2012-10-26T06:18:14+00:00","dateModified":"2025-09-26T07:16:31+00:00","breadcrumb":{"@id":"https:\/\/tele-mark.dk\/sv\/?p=11978#breadcrumb"},"inLanguage":"sv-SE","potentialAction":[{"@type":"ReadAction","target":["https:\/\/tele-mark.dk\/sv\/?p=11978"]}]},{"@type":"BreadcrumbList","@id":"https:\/\/tele-mark.dk\/sv\/?p=11978#breadcrumb","itemListElement":[{"@type":"ListItem","position":1,"name":"Forside","item":"https:\/\/tele-mark.dk\/sv\/?page_id=10827"},{"@type":"ListItem","position":2,"name":"\u00c4nnu ett f\u00f6retag vid OMX Copenhagen ut\u00f6kar sitt samarbete med Tele-Mark A\/S."}]},{"@type":"WebSite","@id":"https:\/\/tele-mark.dk\/#website","url":"https:\/\/tele-mark.dk\/","name":"Tele-Mark A\/S","description":"Telemarketingbyr\u00e5 \u200b\u200bf\u00f6r Danmark, Norden, Europa och hela v\u00e4rlden","publisher":{"@id":"https:\/\/tele-mark.dk\/#organization"},"potentialAction":[{"@type":"SearchAction","target":{"@type":"EntryPoint","urlTemplate":"https:\/\/tele-mark.dk\/?s={search_term_string}"},"query-input":{"@type":"PropertyValueSpecification","valueRequired":true,"valueName":"search_term_string"}}],"inLanguage":"sv-SE"},{"@type":"Organization","@id":"https:\/\/tele-mark.dk\/#organization","name":"Tele-Mark A\/S","url":"https:\/\/tele-mark.dk\/","logo":{"@type":"ImageObject","inLanguage":"sv-SE","@id":"https:\/\/tele-mark.dk\/#\/schema\/logo\/image\/","url":"https:\/\/tele-mark.dk\/wp-content\/uploads\/2025\/03\/Nyt-logo.svg","contentUrl":"https:\/\/tele-mark.dk\/wp-content\/uploads\/2025\/03\/Nyt-logo.svg","width":433,"height":161,"caption":"Tele-Mark A\/S"},"image":{"@id":"https:\/\/tele-mark.dk\/#\/schema\/logo\/image\/"}},{"@type":"Person","@id":"https:\/\/tele-mark.dk\/#\/schema\/person\/b384f8c60f09de558a20bb8574465698","name":"MK@tele-mark.dk","url":"https:\/\/tele-mark.dk\/sv\/author\/mktele-mark-dk\/"}]}},"_links":{"self":[{"href":"https:\/\/tele-mark.dk\/sv\/wp-json\/wp\/v2\/posts\/11978","targetHints":{"allow":["GET"]}}],"collection":[{"href":"https:\/\/tele-mark.dk\/sv\/wp-json\/wp\/v2\/posts"}],"about":[{"href":"https:\/\/tele-mark.dk\/sv\/wp-json\/wp\/v2\/types\/post"}],"author":[{"embeddable":true,"href":"https:\/\/tele-mark.dk\/sv\/wp-json\/wp\/v2\/users\/7"}],"replies":[{"embeddable":true,"href":"https:\/\/tele-mark.dk\/sv\/wp-json\/wp\/v2\/comments?post=11978"}],"version-history":[{"count":1,"href":"https:\/\/tele-mark.dk\/sv\/wp-json\/wp\/v2\/posts\/11978\/revisions"}],"predecessor-version":[{"id":11979,"href":"https:\/\/tele-mark.dk\/sv\/wp-json\/wp\/v2\/posts\/11978\/revisions\/11979"}],"wp:attachment":[{"href":"https:\/\/tele-mark.dk\/sv\/wp-json\/wp\/v2\/media?parent=11978"}],"wp:term":[{"taxonomy":"category","embeddable":true,"href":"https:\/\/tele-mark.dk\/sv\/wp-json\/wp\/v2\/categories?post=11978"},{"taxonomy":"post_tag","embeddable":true,"href":"https:\/\/tele-mark.dk\/sv\/wp-json\/wp\/v2\/tags?post=11978"}],"curies":[{"name":"wp","href":"https:\/\/api.w.org\/{rel}","templated":true}]}}