{"id":11922,"date":"2010-07-09T08:57:57","date_gmt":"2010-07-09T06:57:57","guid":{"rendered":"https:\/\/tele-mark.dk\/tele-mark-a-s-oenskar-dig-en-trevlig-sommar\/"},"modified":"2025-09-26T09:15:44","modified_gmt":"2025-09-26T07:15:44","slug":"tele-mark-a-s-oenskar-dig-en-trevlig-sommar","status":"publish","type":"post","link":"https:\/\/tele-mark.dk\/sv\/tele-mark-a-s-oenskar-dig-en-trevlig-sommar\/","title":{"rendered":"Tele-Mark A\/S \u00f6nskar dig en trevlig sommar!"},"content":{"rendered":"<p>Under veckorna 28, 29 och 30 kommer Tele-Mark A\/S att vara st\u00e4ngt f\u00f6r sommaren. Det betyder att vi \u00e4r fr\u00e4scha och redo att starta v\u00e5rt samarbete med v\u00e5ra m\u00e5nga goda kunder fr\u00e5n och med vecka 31. <\/p>\n<p>Trots semesters\u00e4songen har flera av v\u00e5ra kunder en \u00f6nskan och behov av m\u00f6ten under hela perioden \u2013 \u00f6nskem\u00e5l och behov som vi naturligtvis uppfyller.<\/p>\n<p>Dessutom finns det ett antal kunder som redan har m\u00f6ten i vecka 31 \u2013 bokade veckorna f\u00f6re v\u00e5r semester.<\/p>\n<p>Vi \u00f6nskar alla v\u00e5ra kunder och leverant\u00f6rer en riktigt fin och solig sommar.<\/p>\n<p><strong>L\u00e4s mer om:<\/strong><\/p>\n<ul>\n<li><a title=\"M\u00f6tesbokning\" href=\"\/telemarketing\/modebooking\/\">M\u00f6tesbokning<\/a><\/li>\n<li><a title=\"Telemarketing\" href=\"https:\/\/tele-mark.dk\/sv\/telemarketing\/\">Telemarketing<\/a><\/li>\n<li><a title=\"M\u00f6tesbokare\" href=\"https:\/\/tele-mark.dk\/sv\/telemarketing\/moetesbokare\/\">M\u00f6tesbokare<\/a><\/li>\n<\/ul>\n<div class=\"fb-share-button\" data-layout=\"button\"><\/div>\n","protected":false},"excerpt":{"rendered":"<p>Under veckorna 28, 29 och 30 kommer Tele-Mark A\/S att vara st\u00e4ngt f\u00f6r sommaren. Det betyder att vi \u00e4r fr\u00e4scha och redo att starta v\u00e5rt samarbete med v\u00e5ra m\u00e5nga goda kunder fr\u00e5n och med vecka 31. Trots semesters\u00e4songen har flera av v\u00e5ra kunder en \u00f6nskan och behov av m\u00f6ten under hela perioden \u2013 \u00f6nskem\u00e5l och &#8230; <a title=\"Tele-Mark A\/S \u00f6nskar dig en trevlig sommar!\" class=\"read-more\" href=\"https:\/\/tele-mark.dk\/sv\/tele-mark-a-s-oenskar-dig-en-trevlig-sommar\/\" aria-label=\"L\u00e4s mer om Tele-Mark A\/S \u00f6nskar dig en trevlig sommar!\">L\u00e4s mer<\/a><\/p>\n","protected":false},"author":7,"featured_media":0,"comment_status":"closed","ping_status":"closed","sticky":false,"template":"","format":"standard","meta":{"_acf_changed":false,"footnotes":""},"categories":[90],"tags":[],"class_list":["post-11922","post","type-post","status-publish","format-standard","hentry","category-okategoriserad-sv"],"acf":[],"yoast_head":"<!-- This site is optimized with the Yoast SEO plugin v26.8 - https:\/\/yoast.com\/product\/yoast-seo-wordpress\/ -->\n<title>Tele-Mark A\/S \u00f6nskar dig en trevlig sommar! | Tele-Mark A\/S<\/title>\n<meta name=\"robots\" content=\"index, follow, max-snippet:-1, max-image-preview:large, max-video-preview:-1\" \/>\n<link rel=\"canonical\" href=\"https:\/\/tele-mark.dk\/sv\/?p=11922\" \/>\n<meta property=\"og:locale\" content=\"sv_SE\" \/>\n<meta property=\"og:type\" content=\"article\" \/>\n<meta property=\"og:title\" content=\"Tele-Mark A\/S \u00f6nskar dig en trevlig sommar! | Tele-Mark A\/S\" \/>\n<meta property=\"og:description\" content=\"Under veckorna 28, 29 och 30 kommer Tele-Mark A\/S att vara st\u00e4ngt f\u00f6r sommaren. Det betyder att vi \u00e4r fr\u00e4scha och redo att starta v\u00e5rt samarbete med v\u00e5ra m\u00e5nga goda kunder fr\u00e5n och med vecka 31. Trots semesters\u00e4songen har flera av v\u00e5ra kunder en \u00f6nskan och behov av m\u00f6ten under hela perioden \u2013 \u00f6nskem\u00e5l och ... L\u00e4s mer\" \/>\n<meta property=\"og:url\" content=\"https:\/\/tele-mark.dk\/sv\/?p=11922\" \/>\n<meta property=\"og:site_name\" content=\"Tele-Mark A\/S\" \/>\n<meta property=\"article:published_time\" content=\"2010-07-09T06:57:57+00:00\" \/>\n<meta property=\"article:modified_time\" content=\"2025-09-26T07:15:44+00:00\" \/>\n<meta name=\"author\" content=\"MK@tele-mark.dk\" \/>\n<meta name=\"twitter:card\" content=\"summary_large_image\" \/>\n<meta name=\"twitter:label1\" content=\"Skriven av\" \/>\n\t<meta name=\"twitter:data1\" content=\"MK@tele-mark.dk\" \/>\n\t<meta name=\"twitter:label2\" content=\"Ber\u00e4knad l\u00e4stid\" \/>\n\t<meta name=\"twitter:data2\" content=\"1 minut\" \/>\n<script type=\"application\/ld+json\" class=\"yoast-schema-graph\">{\"@context\":\"https:\/\/schema.org\",\"@graph\":[{\"@type\":\"Article\",\"@id\":\"https:\/\/tele-mark.dk\/sv\/?p=11922#article\",\"isPartOf\":{\"@id\":\"https:\/\/tele-mark.dk\/sv\/?p=11922\"},\"author\":{\"name\":\"MK@tele-mark.dk\",\"@id\":\"https:\/\/tele-mark.dk\/#\/schema\/person\/b384f8c60f09de558a20bb8574465698\"},\"headline\":\"Tele-Mark A\/S \u00f6nskar dig en trevlig sommar!\",\"datePublished\":\"2010-07-09T06:57:57+00:00\",\"dateModified\":\"2025-09-26T07:15:44+00:00\",\"mainEntityOfPage\":{\"@id\":\"https:\/\/tele-mark.dk\/sv\/?p=11922\"},\"wordCount\":119,\"publisher\":{\"@id\":\"https:\/\/tele-mark.dk\/#organization\"},\"articleSection\":[\"Okategoriserad @sv\"],\"inLanguage\":\"sv-SE\"},{\"@type\":\"WebPage\",\"@id\":\"https:\/\/tele-mark.dk\/sv\/?p=11922\",\"url\":\"https:\/\/tele-mark.dk\/sv\/?p=11922\",\"name\":\"Tele-Mark A\/S \u00f6nskar dig en trevlig sommar! | Tele-Mark A\/S\",\"isPartOf\":{\"@id\":\"https:\/\/tele-mark.dk\/#website\"},\"datePublished\":\"2010-07-09T06:57:57+00:00\",\"dateModified\":\"2025-09-26T07:15:44+00:00\",\"breadcrumb\":{\"@id\":\"https:\/\/tele-mark.dk\/sv\/?p=11922#breadcrumb\"},\"inLanguage\":\"sv-SE\",\"potentialAction\":[{\"@type\":\"ReadAction\",\"target\":[\"https:\/\/tele-mark.dk\/sv\/?p=11922\"]}]},{\"@type\":\"BreadcrumbList\",\"@id\":\"https:\/\/tele-mark.dk\/sv\/?p=11922#breadcrumb\",\"itemListElement\":[{\"@type\":\"ListItem\",\"position\":1,\"name\":\"Forside\",\"item\":\"https:\/\/tele-mark.dk\/sv\/?page_id=10827\"},{\"@type\":\"ListItem\",\"position\":2,\"name\":\"Tele-Mark A\/S \u00f6nskar dig en trevlig sommar!\"}]},{\"@type\":\"WebSite\",\"@id\":\"https:\/\/tele-mark.dk\/#website\",\"url\":\"https:\/\/tele-mark.dk\/\",\"name\":\"Tele-Mark A\/S\",\"description\":\"Telemarketingbyr\u00e5 \u200b\u200bf\u00f6r Danmark, Norden, Europa och hela v\u00e4rlden\",\"publisher\":{\"@id\":\"https:\/\/tele-mark.dk\/#organization\"},\"potentialAction\":[{\"@type\":\"SearchAction\",\"target\":{\"@type\":\"EntryPoint\",\"urlTemplate\":\"https:\/\/tele-mark.dk\/?s={search_term_string}\"},\"query-input\":{\"@type\":\"PropertyValueSpecification\",\"valueRequired\":true,\"valueName\":\"search_term_string\"}}],\"inLanguage\":\"sv-SE\"},{\"@type\":\"Organization\",\"@id\":\"https:\/\/tele-mark.dk\/#organization\",\"name\":\"Tele-Mark A\/S\",\"url\":\"https:\/\/tele-mark.dk\/\",\"logo\":{\"@type\":\"ImageObject\",\"inLanguage\":\"sv-SE\",\"@id\":\"https:\/\/tele-mark.dk\/#\/schema\/logo\/image\/\",\"url\":\"https:\/\/tele-mark.dk\/wp-content\/uploads\/2025\/03\/Nyt-logo.svg\",\"contentUrl\":\"https:\/\/tele-mark.dk\/wp-content\/uploads\/2025\/03\/Nyt-logo.svg\",\"width\":433,\"height\":161,\"caption\":\"Tele-Mark A\/S\"},\"image\":{\"@id\":\"https:\/\/tele-mark.dk\/#\/schema\/logo\/image\/\"}},{\"@type\":\"Person\",\"@id\":\"https:\/\/tele-mark.dk\/#\/schema\/person\/b384f8c60f09de558a20bb8574465698\",\"name\":\"MK@tele-mark.dk\",\"url\":\"https:\/\/tele-mark.dk\/sv\/author\/mktele-mark-dk\/\"}]}<\/script>\n<!-- \/ Yoast SEO plugin. -->","yoast_head_json":{"title":"Tele-Mark A\/S \u00f6nskar dig en trevlig sommar! | Tele-Mark A\/S","robots":{"index":"index","follow":"follow","max-snippet":"max-snippet:-1","max-image-preview":"max-image-preview:large","max-video-preview":"max-video-preview:-1"},"canonical":"https:\/\/tele-mark.dk\/sv\/?p=11922","og_locale":"sv_SE","og_type":"article","og_title":"Tele-Mark A\/S \u00f6nskar dig en trevlig sommar! | Tele-Mark A\/S","og_description":"Under veckorna 28, 29 och 30 kommer Tele-Mark A\/S att vara st\u00e4ngt f\u00f6r sommaren. Det betyder att vi \u00e4r fr\u00e4scha och redo att starta v\u00e5rt samarbete med v\u00e5ra m\u00e5nga goda kunder fr\u00e5n och med vecka 31. Trots semesters\u00e4songen har flera av v\u00e5ra kunder en \u00f6nskan och behov av m\u00f6ten under hela perioden \u2013 \u00f6nskem\u00e5l och ... L\u00e4s mer","og_url":"https:\/\/tele-mark.dk\/sv\/?p=11922","og_site_name":"Tele-Mark A\/S","article_published_time":"2010-07-09T06:57:57+00:00","article_modified_time":"2025-09-26T07:15:44+00:00","author":"MK@tele-mark.dk","twitter_card":"summary_large_image","twitter_misc":{"Skriven av":"MK@tele-mark.dk","Ber\u00e4knad l\u00e4stid":"1 minut"},"schema":{"@context":"https:\/\/schema.org","@graph":[{"@type":"Article","@id":"https:\/\/tele-mark.dk\/sv\/?p=11922#article","isPartOf":{"@id":"https:\/\/tele-mark.dk\/sv\/?p=11922"},"author":{"name":"MK@tele-mark.dk","@id":"https:\/\/tele-mark.dk\/#\/schema\/person\/b384f8c60f09de558a20bb8574465698"},"headline":"Tele-Mark A\/S \u00f6nskar dig en trevlig sommar!","datePublished":"2010-07-09T06:57:57+00:00","dateModified":"2025-09-26T07:15:44+00:00","mainEntityOfPage":{"@id":"https:\/\/tele-mark.dk\/sv\/?p=11922"},"wordCount":119,"publisher":{"@id":"https:\/\/tele-mark.dk\/#organization"},"articleSection":["Okategoriserad @sv"],"inLanguage":"sv-SE"},{"@type":"WebPage","@id":"https:\/\/tele-mark.dk\/sv\/?p=11922","url":"https:\/\/tele-mark.dk\/sv\/?p=11922","name":"Tele-Mark A\/S \u00f6nskar dig en trevlig sommar! | Tele-Mark A\/S","isPartOf":{"@id":"https:\/\/tele-mark.dk\/#website"},"datePublished":"2010-07-09T06:57:57+00:00","dateModified":"2025-09-26T07:15:44+00:00","breadcrumb":{"@id":"https:\/\/tele-mark.dk\/sv\/?p=11922#breadcrumb"},"inLanguage":"sv-SE","potentialAction":[{"@type":"ReadAction","target":["https:\/\/tele-mark.dk\/sv\/?p=11922"]}]},{"@type":"BreadcrumbList","@id":"https:\/\/tele-mark.dk\/sv\/?p=11922#breadcrumb","itemListElement":[{"@type":"ListItem","position":1,"name":"Forside","item":"https:\/\/tele-mark.dk\/sv\/?page_id=10827"},{"@type":"ListItem","position":2,"name":"Tele-Mark A\/S \u00f6nskar dig en trevlig sommar!"}]},{"@type":"WebSite","@id":"https:\/\/tele-mark.dk\/#website","url":"https:\/\/tele-mark.dk\/","name":"Tele-Mark A\/S","description":"Telemarketingbyr\u00e5 \u200b\u200bf\u00f6r Danmark, Norden, Europa och hela v\u00e4rlden","publisher":{"@id":"https:\/\/tele-mark.dk\/#organization"},"potentialAction":[{"@type":"SearchAction","target":{"@type":"EntryPoint","urlTemplate":"https:\/\/tele-mark.dk\/?s={search_term_string}"},"query-input":{"@type":"PropertyValueSpecification","valueRequired":true,"valueName":"search_term_string"}}],"inLanguage":"sv-SE"},{"@type":"Organization","@id":"https:\/\/tele-mark.dk\/#organization","name":"Tele-Mark A\/S","url":"https:\/\/tele-mark.dk\/","logo":{"@type":"ImageObject","inLanguage":"sv-SE","@id":"https:\/\/tele-mark.dk\/#\/schema\/logo\/image\/","url":"https:\/\/tele-mark.dk\/wp-content\/uploads\/2025\/03\/Nyt-logo.svg","contentUrl":"https:\/\/tele-mark.dk\/wp-content\/uploads\/2025\/03\/Nyt-logo.svg","width":433,"height":161,"caption":"Tele-Mark A\/S"},"image":{"@id":"https:\/\/tele-mark.dk\/#\/schema\/logo\/image\/"}},{"@type":"Person","@id":"https:\/\/tele-mark.dk\/#\/schema\/person\/b384f8c60f09de558a20bb8574465698","name":"MK@tele-mark.dk","url":"https:\/\/tele-mark.dk\/sv\/author\/mktele-mark-dk\/"}]}},"_links":{"self":[{"href":"https:\/\/tele-mark.dk\/sv\/wp-json\/wp\/v2\/posts\/11922","targetHints":{"allow":["GET"]}}],"collection":[{"href":"https:\/\/tele-mark.dk\/sv\/wp-json\/wp\/v2\/posts"}],"about":[{"href":"https:\/\/tele-mark.dk\/sv\/wp-json\/wp\/v2\/types\/post"}],"author":[{"embeddable":true,"href":"https:\/\/tele-mark.dk\/sv\/wp-json\/wp\/v2\/users\/7"}],"replies":[{"embeddable":true,"href":"https:\/\/tele-mark.dk\/sv\/wp-json\/wp\/v2\/comments?post=11922"}],"version-history":[{"count":1,"href":"https:\/\/tele-mark.dk\/sv\/wp-json\/wp\/v2\/posts\/11922\/revisions"}],"predecessor-version":[{"id":11923,"href":"https:\/\/tele-mark.dk\/sv\/wp-json\/wp\/v2\/posts\/11922\/revisions\/11923"}],"wp:attachment":[{"href":"https:\/\/tele-mark.dk\/sv\/wp-json\/wp\/v2\/media?parent=11922"}],"wp:term":[{"taxonomy":"category","embeddable":true,"href":"https:\/\/tele-mark.dk\/sv\/wp-json\/wp\/v2\/categories?post=11922"},{"taxonomy":"post_tag","embeddable":true,"href":"https:\/\/tele-mark.dk\/sv\/wp-json\/wp\/v2\/tags?post=11922"}],"curies":[{"name":"wp","href":"https:\/\/api.w.org\/{rel}","templated":true}]}}