{"id":11828,"date":"2010-12-16T08:47:20","date_gmt":"2010-12-16T07:47:20","guid":{"rendered":"https:\/\/tele-mark.dk\/aarhus-stoersta-och-aeldsta-kulturinstitutioner-foerlaenger-sitt-avtal-med-tele-mark-a-s\/"},"modified":"2025-09-26T09:14:43","modified_gmt":"2025-09-26T07:14:43","slug":"aarhus-stoersta-och-aeldsta-kulturinstitutioner-foerlaenger-sitt-avtal-med-tele-mark-a-s","status":"publish","type":"post","link":"https:\/\/tele-mark.dk\/sv\/aarhus-stoersta-och-aeldsta-kulturinstitutioner-foerlaenger-sitt-avtal-med-tele-mark-a-s\/","title":{"rendered":"Aarhus st\u00f6rsta och \u00e4ldsta kulturinstitutioner f\u00f6rl\u00e4nger sitt avtal med Tele-Mark A\/S."},"content":{"rendered":"<p>Strax f\u00f6re sommaren 2010 ingick Tele-Mark A\/S ett sp\u00e4nnande avtal med f\u00f6rmodligen Aarhus st\u00f6rsta och \u00e4ldsta kulturorganisation. De uppn\u00e5dda resultaten har varit helt tillfredsst\u00e4llande f\u00f6r organisationen. Man har d\u00e4rf\u00f6r kommit \u00f6verens om att forts\u00e4tta samarbetet under 2011.  <\/p>\n<p>Vi \u00e4r stolta och glada \u00f6ver att \u00e4ven vi kan g\u00f6ra skillnad f\u00f6r den h\u00e4r typen av organisationer.<\/p>\n<p>Alla inblandade medarbetare p\u00e5 Tele-Mark har hittills haft mycket goda erfarenheter av samarbetet, och vi ser alla fram emot 2011.<\/p>\n<p>Om du vill veta mer om huruvida Tele-Mark A\/S ocks\u00e5 kan g\u00f6ra skillnad f\u00f6r ditt f\u00f6retag, din organisation, f\u00f6rening etc., bokar vi g\u00e4rna ett icke-bindande m\u00f6te. Ring Mads eller Claus p\u00e5 70 237 238 <\/p>\n<p><strong>L\u00e4s mer om:<\/strong><\/p>\n<ul>\n<li><a title=\"M\u00f6tesbokning\" href=\"\/telemarketing\/modebooking\/\">M\u00f6tesbokning<\/a><\/li>\n<li><a title=\"Telemarketing\" href=\"https:\/\/tele-mark.dk\/sv\/telemarketing\/\">Telemarketing<\/a><\/li>\n<li><a title=\"M\u00f6tesbokare\" href=\"https:\/\/tele-mark.dk\/sv\/telemarketing\/moetesbokare\/\">M\u00f6tesbokare<\/a><\/li>\n<\/ul>\n","protected":false},"excerpt":{"rendered":"<p>Strax f\u00f6re sommaren 2010 ingick Tele-Mark A\/S ett sp\u00e4nnande avtal med f\u00f6rmodligen Aarhus st\u00f6rsta och \u00e4ldsta kulturorganisation. De uppn\u00e5dda resultaten har varit helt tillfredsst\u00e4llande f\u00f6r organisationen. Man har d\u00e4rf\u00f6r kommit \u00f6verens om att forts\u00e4tta samarbetet under 2011. Vi \u00e4r stolta och glada \u00f6ver att \u00e4ven vi kan g\u00f6ra skillnad f\u00f6r den h\u00e4r typen av organisationer. &#8230; <a title=\"Aarhus st\u00f6rsta och \u00e4ldsta kulturinstitutioner f\u00f6rl\u00e4nger sitt avtal med Tele-Mark A\/S.\" class=\"read-more\" href=\"https:\/\/tele-mark.dk\/sv\/aarhus-stoersta-och-aeldsta-kulturinstitutioner-foerlaenger-sitt-avtal-med-tele-mark-a-s\/\" aria-label=\"L\u00e4s mer om Aarhus st\u00f6rsta och \u00e4ldsta kulturinstitutioner f\u00f6rl\u00e4nger sitt avtal med Tele-Mark A\/S.\">L\u00e4s mer<\/a><\/p>\n","protected":false},"author":7,"featured_media":0,"comment_status":"closed","ping_status":"closed","sticky":false,"template":"","format":"standard","meta":{"_acf_changed":false,"footnotes":""},"categories":[90],"tags":[],"class_list":["post-11828","post","type-post","status-publish","format-standard","hentry","category-okategoriserad-sv"],"acf":[],"yoast_head":"<!-- This site is optimized with the Yoast SEO plugin v26.8 - https:\/\/yoast.com\/product\/yoast-seo-wordpress\/ -->\n<title>Aarhus st\u00f6rsta och \u00e4ldsta kulturinstitutioner f\u00f6rl\u00e4nger sitt avtal med Tele-Mark A\/S. | Tele-Mark A\/S<\/title>\n<meta name=\"robots\" content=\"index, follow, max-snippet:-1, max-image-preview:large, max-video-preview:-1\" \/>\n<link rel=\"canonical\" href=\"https:\/\/tele-mark.dk\/sv\/?p=11828\" \/>\n<meta property=\"og:locale\" content=\"sv_SE\" \/>\n<meta property=\"og:type\" content=\"article\" \/>\n<meta property=\"og:title\" content=\"Aarhus st\u00f6rsta och \u00e4ldsta kulturinstitutioner f\u00f6rl\u00e4nger sitt avtal med Tele-Mark A\/S. | Tele-Mark A\/S\" \/>\n<meta property=\"og:description\" content=\"Strax f\u00f6re sommaren 2010 ingick Tele-Mark A\/S ett sp\u00e4nnande avtal med f\u00f6rmodligen Aarhus st\u00f6rsta och \u00e4ldsta kulturorganisation. De uppn\u00e5dda resultaten har varit helt tillfredsst\u00e4llande f\u00f6r organisationen. Man har d\u00e4rf\u00f6r kommit \u00f6verens om att forts\u00e4tta samarbetet under 2011. Vi \u00e4r stolta och glada \u00f6ver att \u00e4ven vi kan g\u00f6ra skillnad f\u00f6r den h\u00e4r typen av organisationer. ... L\u00e4s mer\" \/>\n<meta property=\"og:url\" content=\"https:\/\/tele-mark.dk\/sv\/?p=11828\" \/>\n<meta property=\"og:site_name\" content=\"Tele-Mark A\/S\" \/>\n<meta property=\"article:published_time\" content=\"2010-12-16T07:47:20+00:00\" \/>\n<meta property=\"article:modified_time\" content=\"2025-09-26T07:14:43+00:00\" \/>\n<meta name=\"author\" content=\"MK@tele-mark.dk\" \/>\n<meta name=\"twitter:card\" content=\"summary_large_image\" \/>\n<meta name=\"twitter:label1\" content=\"Skriven av\" \/>\n\t<meta name=\"twitter:data1\" content=\"MK@tele-mark.dk\" \/>\n\t<meta name=\"twitter:label2\" content=\"Ber\u00e4knad l\u00e4stid\" \/>\n\t<meta name=\"twitter:data2\" content=\"1 minut\" \/>\n<script type=\"application\/ld+json\" class=\"yoast-schema-graph\">{\"@context\":\"https:\/\/schema.org\",\"@graph\":[{\"@type\":\"Article\",\"@id\":\"https:\/\/tele-mark.dk\/sv\/?p=11828#article\",\"isPartOf\":{\"@id\":\"https:\/\/tele-mark.dk\/sv\/?p=11828\"},\"author\":{\"name\":\"MK@tele-mark.dk\",\"@id\":\"https:\/\/tele-mark.dk\/#\/schema\/person\/b384f8c60f09de558a20bb8574465698\"},\"headline\":\"Aarhus st\u00f6rsta och \u00e4ldsta kulturinstitutioner f\u00f6rl\u00e4nger sitt avtal med Tele-Mark A\/S.\",\"datePublished\":\"2010-12-16T07:47:20+00:00\",\"dateModified\":\"2025-09-26T07:14:43+00:00\",\"mainEntityOfPage\":{\"@id\":\"https:\/\/tele-mark.dk\/sv\/?p=11828\"},\"wordCount\":148,\"publisher\":{\"@id\":\"https:\/\/tele-mark.dk\/#organization\"},\"articleSection\":[\"Okategoriserad @sv\"],\"inLanguage\":\"sv-SE\"},{\"@type\":\"WebPage\",\"@id\":\"https:\/\/tele-mark.dk\/sv\/?p=11828\",\"url\":\"https:\/\/tele-mark.dk\/sv\/?p=11828\",\"name\":\"Aarhus st\u00f6rsta och \u00e4ldsta kulturinstitutioner f\u00f6rl\u00e4nger sitt avtal med Tele-Mark A\/S. | Tele-Mark A\/S\",\"isPartOf\":{\"@id\":\"https:\/\/tele-mark.dk\/#website\"},\"datePublished\":\"2010-12-16T07:47:20+00:00\",\"dateModified\":\"2025-09-26T07:14:43+00:00\",\"breadcrumb\":{\"@id\":\"https:\/\/tele-mark.dk\/sv\/?p=11828#breadcrumb\"},\"inLanguage\":\"sv-SE\",\"potentialAction\":[{\"@type\":\"ReadAction\",\"target\":[\"https:\/\/tele-mark.dk\/sv\/?p=11828\"]}]},{\"@type\":\"BreadcrumbList\",\"@id\":\"https:\/\/tele-mark.dk\/sv\/?p=11828#breadcrumb\",\"itemListElement\":[{\"@type\":\"ListItem\",\"position\":1,\"name\":\"Forside\",\"item\":\"https:\/\/tele-mark.dk\/sv\/?page_id=10827\"},{\"@type\":\"ListItem\",\"position\":2,\"name\":\"Aarhus st\u00f6rsta och \u00e4ldsta kulturinstitutioner f\u00f6rl\u00e4nger sitt avtal med Tele-Mark A\/S.\"}]},{\"@type\":\"WebSite\",\"@id\":\"https:\/\/tele-mark.dk\/#website\",\"url\":\"https:\/\/tele-mark.dk\/\",\"name\":\"Tele-Mark A\/S\",\"description\":\"Telemarketingbyr\u00e5 \u200b\u200bf\u00f6r Danmark, Norden, Europa och hela v\u00e4rlden\",\"publisher\":{\"@id\":\"https:\/\/tele-mark.dk\/#organization\"},\"potentialAction\":[{\"@type\":\"SearchAction\",\"target\":{\"@type\":\"EntryPoint\",\"urlTemplate\":\"https:\/\/tele-mark.dk\/?s={search_term_string}\"},\"query-input\":{\"@type\":\"PropertyValueSpecification\",\"valueRequired\":true,\"valueName\":\"search_term_string\"}}],\"inLanguage\":\"sv-SE\"},{\"@type\":\"Organization\",\"@id\":\"https:\/\/tele-mark.dk\/#organization\",\"name\":\"Tele-Mark A\/S\",\"url\":\"https:\/\/tele-mark.dk\/\",\"logo\":{\"@type\":\"ImageObject\",\"inLanguage\":\"sv-SE\",\"@id\":\"https:\/\/tele-mark.dk\/#\/schema\/logo\/image\/\",\"url\":\"https:\/\/tele-mark.dk\/wp-content\/uploads\/2025\/03\/Nyt-logo.svg\",\"contentUrl\":\"https:\/\/tele-mark.dk\/wp-content\/uploads\/2025\/03\/Nyt-logo.svg\",\"width\":433,\"height\":161,\"caption\":\"Tele-Mark A\/S\"},\"image\":{\"@id\":\"https:\/\/tele-mark.dk\/#\/schema\/logo\/image\/\"}},{\"@type\":\"Person\",\"@id\":\"https:\/\/tele-mark.dk\/#\/schema\/person\/b384f8c60f09de558a20bb8574465698\",\"name\":\"MK@tele-mark.dk\",\"url\":\"https:\/\/tele-mark.dk\/sv\/author\/mktele-mark-dk\/\"}]}<\/script>\n<!-- \/ Yoast SEO plugin. -->","yoast_head_json":{"title":"Aarhus st\u00f6rsta och \u00e4ldsta kulturinstitutioner f\u00f6rl\u00e4nger sitt avtal med Tele-Mark A\/S. | Tele-Mark A\/S","robots":{"index":"index","follow":"follow","max-snippet":"max-snippet:-1","max-image-preview":"max-image-preview:large","max-video-preview":"max-video-preview:-1"},"canonical":"https:\/\/tele-mark.dk\/sv\/?p=11828","og_locale":"sv_SE","og_type":"article","og_title":"Aarhus st\u00f6rsta och \u00e4ldsta kulturinstitutioner f\u00f6rl\u00e4nger sitt avtal med Tele-Mark A\/S. | Tele-Mark A\/S","og_description":"Strax f\u00f6re sommaren 2010 ingick Tele-Mark A\/S ett sp\u00e4nnande avtal med f\u00f6rmodligen Aarhus st\u00f6rsta och \u00e4ldsta kulturorganisation. De uppn\u00e5dda resultaten har varit helt tillfredsst\u00e4llande f\u00f6r organisationen. Man har d\u00e4rf\u00f6r kommit \u00f6verens om att forts\u00e4tta samarbetet under 2011. Vi \u00e4r stolta och glada \u00f6ver att \u00e4ven vi kan g\u00f6ra skillnad f\u00f6r den h\u00e4r typen av organisationer. ... L\u00e4s mer","og_url":"https:\/\/tele-mark.dk\/sv\/?p=11828","og_site_name":"Tele-Mark A\/S","article_published_time":"2010-12-16T07:47:20+00:00","article_modified_time":"2025-09-26T07:14:43+00:00","author":"MK@tele-mark.dk","twitter_card":"summary_large_image","twitter_misc":{"Skriven av":"MK@tele-mark.dk","Ber\u00e4knad l\u00e4stid":"1 minut"},"schema":{"@context":"https:\/\/schema.org","@graph":[{"@type":"Article","@id":"https:\/\/tele-mark.dk\/sv\/?p=11828#article","isPartOf":{"@id":"https:\/\/tele-mark.dk\/sv\/?p=11828"},"author":{"name":"MK@tele-mark.dk","@id":"https:\/\/tele-mark.dk\/#\/schema\/person\/b384f8c60f09de558a20bb8574465698"},"headline":"Aarhus st\u00f6rsta och \u00e4ldsta kulturinstitutioner f\u00f6rl\u00e4nger sitt avtal med Tele-Mark A\/S.","datePublished":"2010-12-16T07:47:20+00:00","dateModified":"2025-09-26T07:14:43+00:00","mainEntityOfPage":{"@id":"https:\/\/tele-mark.dk\/sv\/?p=11828"},"wordCount":148,"publisher":{"@id":"https:\/\/tele-mark.dk\/#organization"},"articleSection":["Okategoriserad @sv"],"inLanguage":"sv-SE"},{"@type":"WebPage","@id":"https:\/\/tele-mark.dk\/sv\/?p=11828","url":"https:\/\/tele-mark.dk\/sv\/?p=11828","name":"Aarhus st\u00f6rsta och \u00e4ldsta kulturinstitutioner f\u00f6rl\u00e4nger sitt avtal med Tele-Mark A\/S. | Tele-Mark A\/S","isPartOf":{"@id":"https:\/\/tele-mark.dk\/#website"},"datePublished":"2010-12-16T07:47:20+00:00","dateModified":"2025-09-26T07:14:43+00:00","breadcrumb":{"@id":"https:\/\/tele-mark.dk\/sv\/?p=11828#breadcrumb"},"inLanguage":"sv-SE","potentialAction":[{"@type":"ReadAction","target":["https:\/\/tele-mark.dk\/sv\/?p=11828"]}]},{"@type":"BreadcrumbList","@id":"https:\/\/tele-mark.dk\/sv\/?p=11828#breadcrumb","itemListElement":[{"@type":"ListItem","position":1,"name":"Forside","item":"https:\/\/tele-mark.dk\/sv\/?page_id=10827"},{"@type":"ListItem","position":2,"name":"Aarhus st\u00f6rsta och \u00e4ldsta kulturinstitutioner f\u00f6rl\u00e4nger sitt avtal med Tele-Mark A\/S."}]},{"@type":"WebSite","@id":"https:\/\/tele-mark.dk\/#website","url":"https:\/\/tele-mark.dk\/","name":"Tele-Mark A\/S","description":"Telemarketingbyr\u00e5 \u200b\u200bf\u00f6r Danmark, Norden, Europa och hela v\u00e4rlden","publisher":{"@id":"https:\/\/tele-mark.dk\/#organization"},"potentialAction":[{"@type":"SearchAction","target":{"@type":"EntryPoint","urlTemplate":"https:\/\/tele-mark.dk\/?s={search_term_string}"},"query-input":{"@type":"PropertyValueSpecification","valueRequired":true,"valueName":"search_term_string"}}],"inLanguage":"sv-SE"},{"@type":"Organization","@id":"https:\/\/tele-mark.dk\/#organization","name":"Tele-Mark A\/S","url":"https:\/\/tele-mark.dk\/","logo":{"@type":"ImageObject","inLanguage":"sv-SE","@id":"https:\/\/tele-mark.dk\/#\/schema\/logo\/image\/","url":"https:\/\/tele-mark.dk\/wp-content\/uploads\/2025\/03\/Nyt-logo.svg","contentUrl":"https:\/\/tele-mark.dk\/wp-content\/uploads\/2025\/03\/Nyt-logo.svg","width":433,"height":161,"caption":"Tele-Mark A\/S"},"image":{"@id":"https:\/\/tele-mark.dk\/#\/schema\/logo\/image\/"}},{"@type":"Person","@id":"https:\/\/tele-mark.dk\/#\/schema\/person\/b384f8c60f09de558a20bb8574465698","name":"MK@tele-mark.dk","url":"https:\/\/tele-mark.dk\/sv\/author\/mktele-mark-dk\/"}]}},"_links":{"self":[{"href":"https:\/\/tele-mark.dk\/sv\/wp-json\/wp\/v2\/posts\/11828","targetHints":{"allow":["GET"]}}],"collection":[{"href":"https:\/\/tele-mark.dk\/sv\/wp-json\/wp\/v2\/posts"}],"about":[{"href":"https:\/\/tele-mark.dk\/sv\/wp-json\/wp\/v2\/types\/post"}],"author":[{"embeddable":true,"href":"https:\/\/tele-mark.dk\/sv\/wp-json\/wp\/v2\/users\/7"}],"replies":[{"embeddable":true,"href":"https:\/\/tele-mark.dk\/sv\/wp-json\/wp\/v2\/comments?post=11828"}],"version-history":[{"count":1,"href":"https:\/\/tele-mark.dk\/sv\/wp-json\/wp\/v2\/posts\/11828\/revisions"}],"predecessor-version":[{"id":11830,"href":"https:\/\/tele-mark.dk\/sv\/wp-json\/wp\/v2\/posts\/11828\/revisions\/11830"}],"wp:attachment":[{"href":"https:\/\/tele-mark.dk\/sv\/wp-json\/wp\/v2\/media?parent=11828"}],"wp:term":[{"taxonomy":"category","embeddable":true,"href":"https:\/\/tele-mark.dk\/sv\/wp-json\/wp\/v2\/categories?post=11828"},{"taxonomy":"post_tag","embeddable":true,"href":"https:\/\/tele-mark.dk\/sv\/wp-json\/wp\/v2\/tags?post=11828"}],"curies":[{"name":"wp","href":"https:\/\/api.w.org\/{rel}","templated":true}]}}