{"id":11778,"date":"2011-06-20T08:36:17","date_gmt":"2011-06-20T06:36:17","guid":{"rendered":"https:\/\/tele-mark.dk\/hektiskt-jobbat-aenda-fram-till-vecka-28-daa-vi-aaker-paa-3-veckors-vaelfoertjaent-sommarlov\/"},"modified":"2025-09-26T09:14:15","modified_gmt":"2025-09-26T07:14:15","slug":"hektiskt-jobbat-aenda-fram-till-vecka-28-daa-vi-aaker-paa-3-veckors-vaelfoertjaent-sommarlov","status":"publish","type":"post","link":"https:\/\/tele-mark.dk\/sv\/hektiskt-jobbat-aenda-fram-till-vecka-28-daa-vi-aaker-paa-3-veckors-vaelfoertjaent-sommarlov\/","title":{"rendered":"Hektiskt jobbat \u00e4nda fram till vecka 28, d\u00e5 vi \u00e5ker p\u00e5 3 veckors v\u00e4lf\u00f6rtj\u00e4nt sommarlov."},"content":{"rendered":"<p>Tele-Mark A\/S upplever \u00e5terigen i \u00e5r att v\u00e5ra kunder vill ha v\u00e5ra tj\u00e4nster \u00e4nda fram till v\u00e5r sommarsemester. \u00c4nda fram till den 8 juli arbetar vi h\u00e5rt f\u00f6r att f\u00e5 de sista sakerna gjorda innan vi alla g\u00e5r p\u00e5 en v\u00e4lf\u00f6rtj\u00e4nt sommarsemester fr\u00e5n vecka 28. <\/p>\n<p><strong>L\u00e4s mer om:<\/strong><\/p>\n<ul>\n<li><a title=\"M\u00f6tesbokning\" href=\"\/telemarketing\/modebooking\/\">M\u00f6tesbokning<\/a><\/li>\n<li><a title=\"Telemarketing\" href=\"https:\/\/tele-mark.dk\/sv\/telemarketing\/\">Telemarketing<\/a><\/li>\n<li><a title=\"M\u00f6tesbokare\" href=\"https:\/\/tele-mark.dk\/sv\/telemarketing\/moetesbokare\/\">M\u00f6tesbokare<\/a><\/li>\n<\/ul>\n<div class=\"fb-share-button\" data-layout=\"button\"><\/div>\n","protected":false},"excerpt":{"rendered":"<p>Tele-Mark A\/S upplever \u00e5terigen i \u00e5r att v\u00e5ra kunder vill ha v\u00e5ra tj\u00e4nster \u00e4nda fram till v\u00e5r sommarsemester. \u00c4nda fram till den 8 juli arbetar vi h\u00e5rt f\u00f6r att f\u00e5 de sista sakerna gjorda innan vi alla g\u00e5r p\u00e5 en v\u00e4lf\u00f6rtj\u00e4nt sommarsemester fr\u00e5n vecka 28. L\u00e4s mer om: M\u00f6tesbokning Telemarketing M\u00f6tesbokare<\/p>\n","protected":false},"author":7,"featured_media":0,"comment_status":"closed","ping_status":"closed","sticky":false,"template":"","format":"standard","meta":{"_acf_changed":false,"footnotes":""},"categories":[90],"tags":[],"class_list":["post-11778","post","type-post","status-publish","format-standard","hentry","category-okategoriserad-sv"],"acf":[],"yoast_head":"<!-- This site is optimized with the Yoast SEO plugin v26.8 - https:\/\/yoast.com\/product\/yoast-seo-wordpress\/ -->\n<title>Hektiskt jobbat \u00e4nda fram till vecka 28, d\u00e5 vi \u00e5ker p\u00e5 3 veckors v\u00e4lf\u00f6rtj\u00e4nt sommarlov. | Tele-Mark A\/S<\/title>\n<meta name=\"robots\" content=\"index, follow, max-snippet:-1, max-image-preview:large, max-video-preview:-1\" \/>\n<link rel=\"canonical\" href=\"https:\/\/tele-mark.dk\/sv\/?p=11778\" \/>\n<meta property=\"og:locale\" content=\"sv_SE\" \/>\n<meta property=\"og:type\" content=\"article\" \/>\n<meta property=\"og:title\" content=\"Hektiskt jobbat \u00e4nda fram till vecka 28, d\u00e5 vi \u00e5ker p\u00e5 3 veckors v\u00e4lf\u00f6rtj\u00e4nt sommarlov. | Tele-Mark A\/S\" \/>\n<meta property=\"og:description\" content=\"Tele-Mark A\/S upplever \u00e5terigen i \u00e5r att v\u00e5ra kunder vill ha v\u00e5ra tj\u00e4nster \u00e4nda fram till v\u00e5r sommarsemester. \u00c4nda fram till den 8 juli arbetar vi h\u00e5rt f\u00f6r att f\u00e5 de sista sakerna gjorda innan vi alla g\u00e5r p\u00e5 en v\u00e4lf\u00f6rtj\u00e4nt sommarsemester fr\u00e5n vecka 28. L\u00e4s mer om: M\u00f6tesbokning Telemarketing M\u00f6tesbokare\" \/>\n<meta property=\"og:url\" content=\"https:\/\/tele-mark.dk\/sv\/?p=11778\" \/>\n<meta property=\"og:site_name\" content=\"Tele-Mark A\/S\" \/>\n<meta property=\"article:published_time\" content=\"2011-06-20T06:36:17+00:00\" \/>\n<meta property=\"article:modified_time\" content=\"2025-09-26T07:14:15+00:00\" \/>\n<meta name=\"author\" content=\"MK@tele-mark.dk\" \/>\n<meta name=\"twitter:card\" content=\"summary_large_image\" \/>\n<meta name=\"twitter:label1\" content=\"Skriven av\" \/>\n\t<meta name=\"twitter:data1\" content=\"MK@tele-mark.dk\" \/>\n<script type=\"application\/ld+json\" class=\"yoast-schema-graph\">{\"@context\":\"https:\/\/schema.org\",\"@graph\":[{\"@type\":\"Article\",\"@id\":\"https:\/\/tele-mark.dk\/sv\/?p=11778#article\",\"isPartOf\":{\"@id\":\"https:\/\/tele-mark.dk\/sv\/?p=11778\"},\"author\":{\"name\":\"MK@tele-mark.dk\",\"@id\":\"https:\/\/tele-mark.dk\/#\/schema\/person\/b384f8c60f09de558a20bb8574465698\"},\"headline\":\"Hektiskt jobbat \u00e4nda fram till vecka 28, d\u00e5 vi \u00e5ker p\u00e5 3 veckors v\u00e4lf\u00f6rtj\u00e4nt sommarlov.\",\"datePublished\":\"2011-06-20T06:36:17+00:00\",\"dateModified\":\"2025-09-26T07:14:15+00:00\",\"mainEntityOfPage\":{\"@id\":\"https:\/\/tele-mark.dk\/sv\/?p=11778\"},\"wordCount\":80,\"publisher\":{\"@id\":\"https:\/\/tele-mark.dk\/#organization\"},\"articleSection\":[\"Okategoriserad @sv\"],\"inLanguage\":\"sv-SE\"},{\"@type\":\"WebPage\",\"@id\":\"https:\/\/tele-mark.dk\/sv\/?p=11778\",\"url\":\"https:\/\/tele-mark.dk\/sv\/?p=11778\",\"name\":\"Hektiskt jobbat \u00e4nda fram till vecka 28, d\u00e5 vi \u00e5ker p\u00e5 3 veckors v\u00e4lf\u00f6rtj\u00e4nt sommarlov. | Tele-Mark A\/S\",\"isPartOf\":{\"@id\":\"https:\/\/tele-mark.dk\/#website\"},\"datePublished\":\"2011-06-20T06:36:17+00:00\",\"dateModified\":\"2025-09-26T07:14:15+00:00\",\"breadcrumb\":{\"@id\":\"https:\/\/tele-mark.dk\/sv\/?p=11778#breadcrumb\"},\"inLanguage\":\"sv-SE\",\"potentialAction\":[{\"@type\":\"ReadAction\",\"target\":[\"https:\/\/tele-mark.dk\/sv\/?p=11778\"]}]},{\"@type\":\"BreadcrumbList\",\"@id\":\"https:\/\/tele-mark.dk\/sv\/?p=11778#breadcrumb\",\"itemListElement\":[{\"@type\":\"ListItem\",\"position\":1,\"name\":\"Forside\",\"item\":\"https:\/\/tele-mark.dk\/sv\/?page_id=10827\"},{\"@type\":\"ListItem\",\"position\":2,\"name\":\"Hektiskt jobbat \u00e4nda fram till vecka 28, d\u00e5 vi \u00e5ker p\u00e5 3 veckors v\u00e4lf\u00f6rtj\u00e4nt sommarlov.\"}]},{\"@type\":\"WebSite\",\"@id\":\"https:\/\/tele-mark.dk\/#website\",\"url\":\"https:\/\/tele-mark.dk\/\",\"name\":\"Tele-Mark A\/S\",\"description\":\"Telemarketingbyr\u00e5 \u200b\u200bf\u00f6r Danmark, Norden, Europa och hela v\u00e4rlden\",\"publisher\":{\"@id\":\"https:\/\/tele-mark.dk\/#organization\"},\"potentialAction\":[{\"@type\":\"SearchAction\",\"target\":{\"@type\":\"EntryPoint\",\"urlTemplate\":\"https:\/\/tele-mark.dk\/?s={search_term_string}\"},\"query-input\":{\"@type\":\"PropertyValueSpecification\",\"valueRequired\":true,\"valueName\":\"search_term_string\"}}],\"inLanguage\":\"sv-SE\"},{\"@type\":\"Organization\",\"@id\":\"https:\/\/tele-mark.dk\/#organization\",\"name\":\"Tele-Mark A\/S\",\"url\":\"https:\/\/tele-mark.dk\/\",\"logo\":{\"@type\":\"ImageObject\",\"inLanguage\":\"sv-SE\",\"@id\":\"https:\/\/tele-mark.dk\/#\/schema\/logo\/image\/\",\"url\":\"https:\/\/tele-mark.dk\/wp-content\/uploads\/2025\/03\/Nyt-logo.svg\",\"contentUrl\":\"https:\/\/tele-mark.dk\/wp-content\/uploads\/2025\/03\/Nyt-logo.svg\",\"width\":433,\"height\":161,\"caption\":\"Tele-Mark A\/S\"},\"image\":{\"@id\":\"https:\/\/tele-mark.dk\/#\/schema\/logo\/image\/\"}},{\"@type\":\"Person\",\"@id\":\"https:\/\/tele-mark.dk\/#\/schema\/person\/b384f8c60f09de558a20bb8574465698\",\"name\":\"MK@tele-mark.dk\",\"url\":\"https:\/\/tele-mark.dk\/sv\/author\/mktele-mark-dk\/\"}]}<\/script>\n<!-- \/ Yoast SEO plugin. -->","yoast_head_json":{"title":"Hektiskt jobbat \u00e4nda fram till vecka 28, d\u00e5 vi \u00e5ker p\u00e5 3 veckors v\u00e4lf\u00f6rtj\u00e4nt sommarlov. | Tele-Mark A\/S","robots":{"index":"index","follow":"follow","max-snippet":"max-snippet:-1","max-image-preview":"max-image-preview:large","max-video-preview":"max-video-preview:-1"},"canonical":"https:\/\/tele-mark.dk\/sv\/?p=11778","og_locale":"sv_SE","og_type":"article","og_title":"Hektiskt jobbat \u00e4nda fram till vecka 28, d\u00e5 vi \u00e5ker p\u00e5 3 veckors v\u00e4lf\u00f6rtj\u00e4nt sommarlov. | Tele-Mark A\/S","og_description":"Tele-Mark A\/S upplever \u00e5terigen i \u00e5r att v\u00e5ra kunder vill ha v\u00e5ra tj\u00e4nster \u00e4nda fram till v\u00e5r sommarsemester. \u00c4nda fram till den 8 juli arbetar vi h\u00e5rt f\u00f6r att f\u00e5 de sista sakerna gjorda innan vi alla g\u00e5r p\u00e5 en v\u00e4lf\u00f6rtj\u00e4nt sommarsemester fr\u00e5n vecka 28. L\u00e4s mer om: M\u00f6tesbokning Telemarketing M\u00f6tesbokare","og_url":"https:\/\/tele-mark.dk\/sv\/?p=11778","og_site_name":"Tele-Mark A\/S","article_published_time":"2011-06-20T06:36:17+00:00","article_modified_time":"2025-09-26T07:14:15+00:00","author":"MK@tele-mark.dk","twitter_card":"summary_large_image","twitter_misc":{"Skriven av":"MK@tele-mark.dk"},"schema":{"@context":"https:\/\/schema.org","@graph":[{"@type":"Article","@id":"https:\/\/tele-mark.dk\/sv\/?p=11778#article","isPartOf":{"@id":"https:\/\/tele-mark.dk\/sv\/?p=11778"},"author":{"name":"MK@tele-mark.dk","@id":"https:\/\/tele-mark.dk\/#\/schema\/person\/b384f8c60f09de558a20bb8574465698"},"headline":"Hektiskt jobbat \u00e4nda fram till vecka 28, d\u00e5 vi \u00e5ker p\u00e5 3 veckors v\u00e4lf\u00f6rtj\u00e4nt sommarlov.","datePublished":"2011-06-20T06:36:17+00:00","dateModified":"2025-09-26T07:14:15+00:00","mainEntityOfPage":{"@id":"https:\/\/tele-mark.dk\/sv\/?p=11778"},"wordCount":80,"publisher":{"@id":"https:\/\/tele-mark.dk\/#organization"},"articleSection":["Okategoriserad @sv"],"inLanguage":"sv-SE"},{"@type":"WebPage","@id":"https:\/\/tele-mark.dk\/sv\/?p=11778","url":"https:\/\/tele-mark.dk\/sv\/?p=11778","name":"Hektiskt jobbat \u00e4nda fram till vecka 28, d\u00e5 vi \u00e5ker p\u00e5 3 veckors v\u00e4lf\u00f6rtj\u00e4nt sommarlov. | Tele-Mark A\/S","isPartOf":{"@id":"https:\/\/tele-mark.dk\/#website"},"datePublished":"2011-06-20T06:36:17+00:00","dateModified":"2025-09-26T07:14:15+00:00","breadcrumb":{"@id":"https:\/\/tele-mark.dk\/sv\/?p=11778#breadcrumb"},"inLanguage":"sv-SE","potentialAction":[{"@type":"ReadAction","target":["https:\/\/tele-mark.dk\/sv\/?p=11778"]}]},{"@type":"BreadcrumbList","@id":"https:\/\/tele-mark.dk\/sv\/?p=11778#breadcrumb","itemListElement":[{"@type":"ListItem","position":1,"name":"Forside","item":"https:\/\/tele-mark.dk\/sv\/?page_id=10827"},{"@type":"ListItem","position":2,"name":"Hektiskt jobbat \u00e4nda fram till vecka 28, d\u00e5 vi \u00e5ker p\u00e5 3 veckors v\u00e4lf\u00f6rtj\u00e4nt sommarlov."}]},{"@type":"WebSite","@id":"https:\/\/tele-mark.dk\/#website","url":"https:\/\/tele-mark.dk\/","name":"Tele-Mark A\/S","description":"Telemarketingbyr\u00e5 \u200b\u200bf\u00f6r Danmark, Norden, Europa och hela v\u00e4rlden","publisher":{"@id":"https:\/\/tele-mark.dk\/#organization"},"potentialAction":[{"@type":"SearchAction","target":{"@type":"EntryPoint","urlTemplate":"https:\/\/tele-mark.dk\/?s={search_term_string}"},"query-input":{"@type":"PropertyValueSpecification","valueRequired":true,"valueName":"search_term_string"}}],"inLanguage":"sv-SE"},{"@type":"Organization","@id":"https:\/\/tele-mark.dk\/#organization","name":"Tele-Mark A\/S","url":"https:\/\/tele-mark.dk\/","logo":{"@type":"ImageObject","inLanguage":"sv-SE","@id":"https:\/\/tele-mark.dk\/#\/schema\/logo\/image\/","url":"https:\/\/tele-mark.dk\/wp-content\/uploads\/2025\/03\/Nyt-logo.svg","contentUrl":"https:\/\/tele-mark.dk\/wp-content\/uploads\/2025\/03\/Nyt-logo.svg","width":433,"height":161,"caption":"Tele-Mark A\/S"},"image":{"@id":"https:\/\/tele-mark.dk\/#\/schema\/logo\/image\/"}},{"@type":"Person","@id":"https:\/\/tele-mark.dk\/#\/schema\/person\/b384f8c60f09de558a20bb8574465698","name":"MK@tele-mark.dk","url":"https:\/\/tele-mark.dk\/sv\/author\/mktele-mark-dk\/"}]}},"_links":{"self":[{"href":"https:\/\/tele-mark.dk\/sv\/wp-json\/wp\/v2\/posts\/11778","targetHints":{"allow":["GET"]}}],"collection":[{"href":"https:\/\/tele-mark.dk\/sv\/wp-json\/wp\/v2\/posts"}],"about":[{"href":"https:\/\/tele-mark.dk\/sv\/wp-json\/wp\/v2\/types\/post"}],"author":[{"embeddable":true,"href":"https:\/\/tele-mark.dk\/sv\/wp-json\/wp\/v2\/users\/7"}],"replies":[{"embeddable":true,"href":"https:\/\/tele-mark.dk\/sv\/wp-json\/wp\/v2\/comments?post=11778"}],"version-history":[{"count":1,"href":"https:\/\/tele-mark.dk\/sv\/wp-json\/wp\/v2\/posts\/11778\/revisions"}],"predecessor-version":[{"id":11780,"href":"https:\/\/tele-mark.dk\/sv\/wp-json\/wp\/v2\/posts\/11778\/revisions\/11780"}],"wp:attachment":[{"href":"https:\/\/tele-mark.dk\/sv\/wp-json\/wp\/v2\/media?parent=11778"}],"wp:term":[{"taxonomy":"category","embeddable":true,"href":"https:\/\/tele-mark.dk\/sv\/wp-json\/wp\/v2\/categories?post=11778"},{"taxonomy":"post_tag","embeddable":true,"href":"https:\/\/tele-mark.dk\/sv\/wp-json\/wp\/v2\/tags?post=11778"}],"curies":[{"name":"wp","href":"https:\/\/api.w.org\/{rel}","templated":true}]}}