{"id":11723,"date":"2013-02-19T08:15:59","date_gmt":"2013-02-19T07:15:59","guid":{"rendered":"https:\/\/tele-mark.dk\/nytt-spaennande-avtal-med-en-av-landets-ledande-kulturorganisationer\/"},"modified":"2025-09-26T09:13:42","modified_gmt":"2025-09-26T07:13:42","slug":"nytt-spaennande-avtal-med-en-av-landets-ledande-kulturorganisationer","status":"publish","type":"post","link":"https:\/\/tele-mark.dk\/sv\/nytt-spaennande-avtal-med-en-av-landets-ledande-kulturorganisationer\/","title":{"rendered":"Nytt sp\u00e4nnande avtal med en av landets ledande kulturorganisationer!"},"content":{"rendered":"<p>Tele-Mark A\/S ing\u00e5r f\u00f6r tredje \u00e5ret i rad ett avtal med en av landets ledande kulturinstitutioner. Baserat p\u00e5 de tv\u00e5 f\u00f6reg\u00e5ende \u00e5rens insatser och resultat har institutionen valt att ing\u00e5 det hittills st\u00f6rsta avtalet med Tele-Mark A\/S. <\/p>\n<p>Vi ser fram emot att vara \u00e4nnu mer involverade i att st\u00e4rka institutionens redan starka marknadsposition under 2013.<\/p>\n<p>Det \u00e4r en fantastisk erfarenhet att vara med och forma kulturen i Danmark f\u00f6r tredje \u00e5ret i rad.<\/p>\n<p>Av marknadssk\u00e4l har vi kommit \u00f6verens om en rimlig begr\u00e4nsning med kulturinstitutionen. Vi har dock m\u00f6jlighet att betj\u00e4na en eller tv\u00e5 andra i Danmark, f\u00f6rutsatt att geografiska f\u00f6rh\u00e5llanden inte \u00e4r i konflikt. <\/p>\n<p>Om du \u00e4r intresserad av att h\u00f6ra mer om detta &#8211; v\u00e4nligen kontakta Mads Elefsen Kudsk p\u00e5 70 237 238 eller via e-post: <a href=\"mailto:mk@tele-mark.dk\">mk@tele-mark.dk<\/a><\/p>\n<p><strong>L\u00e4s mer om:<\/strong><\/p>\n<ul>\n<li><a title=\"M\u00f6tesbokning\" href=\"\/telemarketing\/modebooking\/\">M\u00f6tesbokning<\/a><\/li>\n<li><a title=\"Telemarketing\" href=\"https:\/\/tele-mark.dk\/sv\/telemarketing\/\">Telemarketing<\/a><\/li>\n<li><a title=\"M\u00f6tesbokare\" href=\"https:\/\/tele-mark.dk\/sv\/telemarketing\/moetesbokare\/\">M\u00f6tesbokare<\/a><\/li>\n<\/ul>\n","protected":false},"excerpt":{"rendered":"<p>Tele-Mark A\/S ing\u00e5r f\u00f6r tredje \u00e5ret i rad ett avtal med en av landets ledande kulturinstitutioner. Baserat p\u00e5 de tv\u00e5 f\u00f6reg\u00e5ende \u00e5rens insatser och resultat har institutionen valt att ing\u00e5 det hittills st\u00f6rsta avtalet med Tele-Mark A\/S. Vi ser fram emot att vara \u00e4nnu mer involverade i att st\u00e4rka institutionens redan starka marknadsposition under 2013. &#8230; <a title=\"Nytt sp\u00e4nnande avtal med en av landets ledande kulturorganisationer!\" class=\"read-more\" href=\"https:\/\/tele-mark.dk\/sv\/nytt-spaennande-avtal-med-en-av-landets-ledande-kulturorganisationer\/\" aria-label=\"L\u00e4s mer om Nytt sp\u00e4nnande avtal med en av landets ledande kulturorganisationer!\">L\u00e4s mer<\/a><\/p>\n","protected":false},"author":7,"featured_media":0,"comment_status":"closed","ping_status":"closed","sticky":false,"template":"","format":"standard","meta":{"_acf_changed":false,"footnotes":""},"categories":[90],"tags":[],"class_list":["post-11723","post","type-post","status-publish","format-standard","hentry","category-okategoriserad-sv"],"acf":[],"yoast_head":"<!-- This site is optimized with the Yoast SEO plugin v26.8 - https:\/\/yoast.com\/product\/yoast-seo-wordpress\/ -->\n<title>Nytt sp\u00e4nnande avtal med en av landets ledande kulturorganisationer! | Tele-Mark A\/S<\/title>\n<meta name=\"robots\" content=\"index, follow, max-snippet:-1, max-image-preview:large, max-video-preview:-1\" \/>\n<link rel=\"canonical\" href=\"https:\/\/tele-mark.dk\/sv\/?p=11723\" \/>\n<meta property=\"og:locale\" content=\"sv_SE\" \/>\n<meta property=\"og:type\" content=\"article\" \/>\n<meta property=\"og:title\" content=\"Nytt sp\u00e4nnande avtal med en av landets ledande kulturorganisationer! | Tele-Mark A\/S\" \/>\n<meta property=\"og:description\" content=\"Tele-Mark A\/S ing\u00e5r f\u00f6r tredje \u00e5ret i rad ett avtal med en av landets ledande kulturinstitutioner. Baserat p\u00e5 de tv\u00e5 f\u00f6reg\u00e5ende \u00e5rens insatser och resultat har institutionen valt att ing\u00e5 det hittills st\u00f6rsta avtalet med Tele-Mark A\/S. Vi ser fram emot att vara \u00e4nnu mer involverade i att st\u00e4rka institutionens redan starka marknadsposition under 2013. ... L\u00e4s mer\" \/>\n<meta property=\"og:url\" content=\"https:\/\/tele-mark.dk\/sv\/?p=11723\" \/>\n<meta property=\"og:site_name\" content=\"Tele-Mark A\/S\" \/>\n<meta property=\"article:published_time\" content=\"2013-02-19T07:15:59+00:00\" \/>\n<meta property=\"article:modified_time\" content=\"2025-09-26T07:13:42+00:00\" \/>\n<meta name=\"author\" content=\"MK@tele-mark.dk\" \/>\n<meta name=\"twitter:card\" content=\"summary_large_image\" \/>\n<meta name=\"twitter:label1\" content=\"Skriven av\" \/>\n\t<meta name=\"twitter:data1\" content=\"MK@tele-mark.dk\" \/>\n\t<meta name=\"twitter:label2\" content=\"Ber\u00e4knad l\u00e4stid\" \/>\n\t<meta name=\"twitter:data2\" content=\"1 minut\" \/>\n<script type=\"application\/ld+json\" class=\"yoast-schema-graph\">{\"@context\":\"https:\/\/schema.org\",\"@graph\":[{\"@type\":\"Article\",\"@id\":\"https:\/\/tele-mark.dk\/sv\/?p=11723#article\",\"isPartOf\":{\"@id\":\"https:\/\/tele-mark.dk\/sv\/?p=11723\"},\"author\":{\"name\":\"MK@tele-mark.dk\",\"@id\":\"https:\/\/tele-mark.dk\/#\/schema\/person\/b384f8c60f09de558a20bb8574465698\"},\"headline\":\"Nytt sp\u00e4nnande avtal med en av landets ledande kulturorganisationer!\",\"datePublished\":\"2013-02-19T07:15:59+00:00\",\"dateModified\":\"2025-09-26T07:13:42+00:00\",\"mainEntityOfPage\":{\"@id\":\"https:\/\/tele-mark.dk\/sv\/?p=11723\"},\"wordCount\":164,\"publisher\":{\"@id\":\"https:\/\/tele-mark.dk\/#organization\"},\"articleSection\":[\"Okategoriserad @sv\"],\"inLanguage\":\"sv-SE\"},{\"@type\":\"WebPage\",\"@id\":\"https:\/\/tele-mark.dk\/sv\/?p=11723\",\"url\":\"https:\/\/tele-mark.dk\/sv\/?p=11723\",\"name\":\"Nytt sp\u00e4nnande avtal med en av landets ledande kulturorganisationer! | Tele-Mark A\/S\",\"isPartOf\":{\"@id\":\"https:\/\/tele-mark.dk\/#website\"},\"datePublished\":\"2013-02-19T07:15:59+00:00\",\"dateModified\":\"2025-09-26T07:13:42+00:00\",\"breadcrumb\":{\"@id\":\"https:\/\/tele-mark.dk\/sv\/?p=11723#breadcrumb\"},\"inLanguage\":\"sv-SE\",\"potentialAction\":[{\"@type\":\"ReadAction\",\"target\":[\"https:\/\/tele-mark.dk\/sv\/?p=11723\"]}]},{\"@type\":\"BreadcrumbList\",\"@id\":\"https:\/\/tele-mark.dk\/sv\/?p=11723#breadcrumb\",\"itemListElement\":[{\"@type\":\"ListItem\",\"position\":1,\"name\":\"Forside\",\"item\":\"https:\/\/tele-mark.dk\/sv\/?page_id=10827\"},{\"@type\":\"ListItem\",\"position\":2,\"name\":\"Nytt sp\u00e4nnande avtal med en av landets ledande kulturorganisationer!\"}]},{\"@type\":\"WebSite\",\"@id\":\"https:\/\/tele-mark.dk\/#website\",\"url\":\"https:\/\/tele-mark.dk\/\",\"name\":\"Tele-Mark A\/S\",\"description\":\"Telemarketingbyr\u00e5 \u200b\u200bf\u00f6r Danmark, Norden, Europa och hela v\u00e4rlden\",\"publisher\":{\"@id\":\"https:\/\/tele-mark.dk\/#organization\"},\"potentialAction\":[{\"@type\":\"SearchAction\",\"target\":{\"@type\":\"EntryPoint\",\"urlTemplate\":\"https:\/\/tele-mark.dk\/?s={search_term_string}\"},\"query-input\":{\"@type\":\"PropertyValueSpecification\",\"valueRequired\":true,\"valueName\":\"search_term_string\"}}],\"inLanguage\":\"sv-SE\"},{\"@type\":\"Organization\",\"@id\":\"https:\/\/tele-mark.dk\/#organization\",\"name\":\"Tele-Mark A\/S\",\"url\":\"https:\/\/tele-mark.dk\/\",\"logo\":{\"@type\":\"ImageObject\",\"inLanguage\":\"sv-SE\",\"@id\":\"https:\/\/tele-mark.dk\/#\/schema\/logo\/image\/\",\"url\":\"https:\/\/tele-mark.dk\/wp-content\/uploads\/2025\/03\/Nyt-logo.svg\",\"contentUrl\":\"https:\/\/tele-mark.dk\/wp-content\/uploads\/2025\/03\/Nyt-logo.svg\",\"width\":433,\"height\":161,\"caption\":\"Tele-Mark A\/S\"},\"image\":{\"@id\":\"https:\/\/tele-mark.dk\/#\/schema\/logo\/image\/\"}},{\"@type\":\"Person\",\"@id\":\"https:\/\/tele-mark.dk\/#\/schema\/person\/b384f8c60f09de558a20bb8574465698\",\"name\":\"MK@tele-mark.dk\",\"url\":\"https:\/\/tele-mark.dk\/sv\/author\/mktele-mark-dk\/\"}]}<\/script>\n<!-- \/ Yoast SEO plugin. -->","yoast_head_json":{"title":"Nytt sp\u00e4nnande avtal med en av landets ledande kulturorganisationer! | Tele-Mark A\/S","robots":{"index":"index","follow":"follow","max-snippet":"max-snippet:-1","max-image-preview":"max-image-preview:large","max-video-preview":"max-video-preview:-1"},"canonical":"https:\/\/tele-mark.dk\/sv\/?p=11723","og_locale":"sv_SE","og_type":"article","og_title":"Nytt sp\u00e4nnande avtal med en av landets ledande kulturorganisationer! | Tele-Mark A\/S","og_description":"Tele-Mark A\/S ing\u00e5r f\u00f6r tredje \u00e5ret i rad ett avtal med en av landets ledande kulturinstitutioner. Baserat p\u00e5 de tv\u00e5 f\u00f6reg\u00e5ende \u00e5rens insatser och resultat har institutionen valt att ing\u00e5 det hittills st\u00f6rsta avtalet med Tele-Mark A\/S. Vi ser fram emot att vara \u00e4nnu mer involverade i att st\u00e4rka institutionens redan starka marknadsposition under 2013. ... L\u00e4s mer","og_url":"https:\/\/tele-mark.dk\/sv\/?p=11723","og_site_name":"Tele-Mark A\/S","article_published_time":"2013-02-19T07:15:59+00:00","article_modified_time":"2025-09-26T07:13:42+00:00","author":"MK@tele-mark.dk","twitter_card":"summary_large_image","twitter_misc":{"Skriven av":"MK@tele-mark.dk","Ber\u00e4knad l\u00e4stid":"1 minut"},"schema":{"@context":"https:\/\/schema.org","@graph":[{"@type":"Article","@id":"https:\/\/tele-mark.dk\/sv\/?p=11723#article","isPartOf":{"@id":"https:\/\/tele-mark.dk\/sv\/?p=11723"},"author":{"name":"MK@tele-mark.dk","@id":"https:\/\/tele-mark.dk\/#\/schema\/person\/b384f8c60f09de558a20bb8574465698"},"headline":"Nytt sp\u00e4nnande avtal med en av landets ledande kulturorganisationer!","datePublished":"2013-02-19T07:15:59+00:00","dateModified":"2025-09-26T07:13:42+00:00","mainEntityOfPage":{"@id":"https:\/\/tele-mark.dk\/sv\/?p=11723"},"wordCount":164,"publisher":{"@id":"https:\/\/tele-mark.dk\/#organization"},"articleSection":["Okategoriserad @sv"],"inLanguage":"sv-SE"},{"@type":"WebPage","@id":"https:\/\/tele-mark.dk\/sv\/?p=11723","url":"https:\/\/tele-mark.dk\/sv\/?p=11723","name":"Nytt sp\u00e4nnande avtal med en av landets ledande kulturorganisationer! | Tele-Mark A\/S","isPartOf":{"@id":"https:\/\/tele-mark.dk\/#website"},"datePublished":"2013-02-19T07:15:59+00:00","dateModified":"2025-09-26T07:13:42+00:00","breadcrumb":{"@id":"https:\/\/tele-mark.dk\/sv\/?p=11723#breadcrumb"},"inLanguage":"sv-SE","potentialAction":[{"@type":"ReadAction","target":["https:\/\/tele-mark.dk\/sv\/?p=11723"]}]},{"@type":"BreadcrumbList","@id":"https:\/\/tele-mark.dk\/sv\/?p=11723#breadcrumb","itemListElement":[{"@type":"ListItem","position":1,"name":"Forside","item":"https:\/\/tele-mark.dk\/sv\/?page_id=10827"},{"@type":"ListItem","position":2,"name":"Nytt sp\u00e4nnande avtal med en av landets ledande kulturorganisationer!"}]},{"@type":"WebSite","@id":"https:\/\/tele-mark.dk\/#website","url":"https:\/\/tele-mark.dk\/","name":"Tele-Mark A\/S","description":"Telemarketingbyr\u00e5 \u200b\u200bf\u00f6r Danmark, Norden, Europa och hela v\u00e4rlden","publisher":{"@id":"https:\/\/tele-mark.dk\/#organization"},"potentialAction":[{"@type":"SearchAction","target":{"@type":"EntryPoint","urlTemplate":"https:\/\/tele-mark.dk\/?s={search_term_string}"},"query-input":{"@type":"PropertyValueSpecification","valueRequired":true,"valueName":"search_term_string"}}],"inLanguage":"sv-SE"},{"@type":"Organization","@id":"https:\/\/tele-mark.dk\/#organization","name":"Tele-Mark A\/S","url":"https:\/\/tele-mark.dk\/","logo":{"@type":"ImageObject","inLanguage":"sv-SE","@id":"https:\/\/tele-mark.dk\/#\/schema\/logo\/image\/","url":"https:\/\/tele-mark.dk\/wp-content\/uploads\/2025\/03\/Nyt-logo.svg","contentUrl":"https:\/\/tele-mark.dk\/wp-content\/uploads\/2025\/03\/Nyt-logo.svg","width":433,"height":161,"caption":"Tele-Mark A\/S"},"image":{"@id":"https:\/\/tele-mark.dk\/#\/schema\/logo\/image\/"}},{"@type":"Person","@id":"https:\/\/tele-mark.dk\/#\/schema\/person\/b384f8c60f09de558a20bb8574465698","name":"MK@tele-mark.dk","url":"https:\/\/tele-mark.dk\/sv\/author\/mktele-mark-dk\/"}]}},"_links":{"self":[{"href":"https:\/\/tele-mark.dk\/sv\/wp-json\/wp\/v2\/posts\/11723","targetHints":{"allow":["GET"]}}],"collection":[{"href":"https:\/\/tele-mark.dk\/sv\/wp-json\/wp\/v2\/posts"}],"about":[{"href":"https:\/\/tele-mark.dk\/sv\/wp-json\/wp\/v2\/types\/post"}],"author":[{"embeddable":true,"href":"https:\/\/tele-mark.dk\/sv\/wp-json\/wp\/v2\/users\/7"}],"replies":[{"embeddable":true,"href":"https:\/\/tele-mark.dk\/sv\/wp-json\/wp\/v2\/comments?post=11723"}],"version-history":[{"count":1,"href":"https:\/\/tele-mark.dk\/sv\/wp-json\/wp\/v2\/posts\/11723\/revisions"}],"predecessor-version":[{"id":11725,"href":"https:\/\/tele-mark.dk\/sv\/wp-json\/wp\/v2\/posts\/11723\/revisions\/11725"}],"wp:attachment":[{"href":"https:\/\/tele-mark.dk\/sv\/wp-json\/wp\/v2\/media?parent=11723"}],"wp:term":[{"taxonomy":"category","embeddable":true,"href":"https:\/\/tele-mark.dk\/sv\/wp-json\/wp\/v2\/categories?post=11723"},{"taxonomy":"post_tag","embeddable":true,"href":"https:\/\/tele-mark.dk\/sv\/wp-json\/wp\/v2\/tags?post=11723"}],"curies":[{"name":"wp","href":"https:\/\/api.w.org\/{rel}","templated":true}]}}