{"id":11712,"date":"2012-09-14T08:19:28","date_gmt":"2012-09-14T06:19:28","guid":{"rendered":"https:\/\/tele-mark.dk\/tele-mark-a-s-foerlaenger-avtal-med-naerings-och-tillvaextministeriet\/"},"modified":"2025-09-26T09:13:37","modified_gmt":"2025-09-26T07:13:37","slug":"tele-mark-a-s-foerlaenger-avtal-med-naerings-och-tillvaextministeriet","status":"publish","type":"post","link":"https:\/\/tele-mark.dk\/sv\/tele-mark-a-s-foerlaenger-avtal-med-naerings-och-tillvaextministeriet\/","title":{"rendered":"Tele-Mark A\/S f\u00f6rl\u00e4nger avtal med N\u00e4rings- och Tillv\u00e4xtministeriet."},"content":{"rendered":"<p>Strax f\u00f6re sommaren avslutade vi en sp\u00e4nnande kampanj f\u00f6r en organisation, f\u00f6rankrad under N\u00e4rings- och tillv\u00e4xtdepartementet. Kundernas feedback har varit otroligt positiv. Inte bara i form av ankomsten av ett stort antal kvalitetsm\u00f6ten och nya &#8221;kunder&#8221;. Dessutom har projektet \u00e4ven spridit positiva vindar internt i organisationen.   <\/p>\n<p>En av v\u00e5ra n\u00e5got atypiska utmaningar visade sig vara att begr\u00e4nsa antalet m\u00f6ten. Vi uppt\u00e4ckte att n\u00e4stan alla vi kontaktade ville ha ett m\u00f6te med \u201doss\u201d, men ett m\u00f6te med alla \u00e4r l\u00e5ngt ifr\u00e5n vad kunden var intresserad av, eftersom ett antal villkor m\u00e5ste vara uppfyllda innan det \u00e4r relevant f\u00f6r v\u00e5r kund att kontakta oss. <\/p>\n<p>Vi har precis tecknat ett avtal om ytterligare en kampanj h\u00f6sten 2012. Denna kampanj kommer att st\u00f6djas av en relativt stor TV-kampanj, fr\u00e4mst p\u00e5 TV2 News. Vi ser alla fram emot den v\u00e4ldigt mycket.  <\/p>\n<p><strong>L\u00e4s mer om:<\/strong><\/p>\n<ul>\n<li><a title=\"M\u00f6tesbokning\" href=\"\/telemarketing\/modebooking\/\">M\u00f6tesbokning<\/a><\/li>\n<li><a title=\"Telemarketing\" href=\"https:\/\/tele-mark.dk\/sv\/telemarketing\/\">Telemarketing<\/a><\/li>\n<li><a title=\"M\u00f6tesbokare\" href=\"https:\/\/tele-mark.dk\/sv\/telemarketing\/moetesbokare\/\">M\u00f6tesbokare<\/a><\/li>\n<\/ul>\n","protected":false},"excerpt":{"rendered":"<p>Strax f\u00f6re sommaren avslutade vi en sp\u00e4nnande kampanj f\u00f6r en organisation, f\u00f6rankrad under N\u00e4rings- och tillv\u00e4xtdepartementet. Kundernas feedback har varit otroligt positiv. Inte bara i form av ankomsten av ett stort antal kvalitetsm\u00f6ten och nya &#8221;kunder&#8221;. Dessutom har projektet \u00e4ven spridit positiva vindar internt i organisationen. En av v\u00e5ra n\u00e5got atypiska utmaningar visade sig vara &#8230; <a title=\"Tele-Mark A\/S f\u00f6rl\u00e4nger avtal med N\u00e4rings- och Tillv\u00e4xtministeriet.\" class=\"read-more\" href=\"https:\/\/tele-mark.dk\/sv\/tele-mark-a-s-foerlaenger-avtal-med-naerings-och-tillvaextministeriet\/\" aria-label=\"L\u00e4s mer om Tele-Mark A\/S f\u00f6rl\u00e4nger avtal med N\u00e4rings- och Tillv\u00e4xtministeriet.\">L\u00e4s mer<\/a><\/p>\n","protected":false},"author":7,"featured_media":0,"comment_status":"closed","ping_status":"closed","sticky":false,"template":"","format":"standard","meta":{"_acf_changed":false,"footnotes":""},"categories":[90],"tags":[],"class_list":["post-11712","post","type-post","status-publish","format-standard","hentry","category-okategoriserad-sv"],"acf":[],"yoast_head":"<!-- This site is optimized with the Yoast SEO plugin v26.8 - https:\/\/yoast.com\/product\/yoast-seo-wordpress\/ -->\n<title>Tele-Mark A\/S f\u00f6rl\u00e4nger avtal med N\u00e4rings- och Tillv\u00e4xtministeriet. | Tele-Mark A\/S<\/title>\n<meta name=\"robots\" content=\"index, follow, max-snippet:-1, max-image-preview:large, max-video-preview:-1\" \/>\n<link rel=\"canonical\" href=\"https:\/\/tele-mark.dk\/sv\/?p=11712\" \/>\n<meta property=\"og:locale\" content=\"sv_SE\" \/>\n<meta property=\"og:type\" content=\"article\" \/>\n<meta property=\"og:title\" content=\"Tele-Mark A\/S f\u00f6rl\u00e4nger avtal med N\u00e4rings- och Tillv\u00e4xtministeriet. | Tele-Mark A\/S\" \/>\n<meta property=\"og:description\" content=\"Strax f\u00f6re sommaren avslutade vi en sp\u00e4nnande kampanj f\u00f6r en organisation, f\u00f6rankrad under N\u00e4rings- och tillv\u00e4xtdepartementet. Kundernas feedback har varit otroligt positiv. Inte bara i form av ankomsten av ett stort antal kvalitetsm\u00f6ten och nya &#8221;kunder&#8221;. Dessutom har projektet \u00e4ven spridit positiva vindar internt i organisationen. En av v\u00e5ra n\u00e5got atypiska utmaningar visade sig vara ... L\u00e4s mer\" \/>\n<meta property=\"og:url\" content=\"https:\/\/tele-mark.dk\/sv\/?p=11712\" \/>\n<meta property=\"og:site_name\" content=\"Tele-Mark A\/S\" \/>\n<meta property=\"article:published_time\" content=\"2012-09-14T06:19:28+00:00\" \/>\n<meta property=\"article:modified_time\" content=\"2025-09-26T07:13:37+00:00\" \/>\n<meta name=\"author\" content=\"MK@tele-mark.dk\" \/>\n<meta name=\"twitter:card\" content=\"summary_large_image\" \/>\n<meta name=\"twitter:label1\" content=\"Skriven av\" \/>\n\t<meta name=\"twitter:data1\" content=\"MK@tele-mark.dk\" \/>\n\t<meta name=\"twitter:label2\" content=\"Ber\u00e4knad l\u00e4stid\" \/>\n\t<meta name=\"twitter:data2\" content=\"1 minut\" \/>\n<script type=\"application\/ld+json\" class=\"yoast-schema-graph\">{\"@context\":\"https:\/\/schema.org\",\"@graph\":[{\"@type\":\"Article\",\"@id\":\"https:\/\/tele-mark.dk\/sv\/?p=11712#article\",\"isPartOf\":{\"@id\":\"https:\/\/tele-mark.dk\/sv\/?p=11712\"},\"author\":{\"name\":\"MK@tele-mark.dk\",\"@id\":\"https:\/\/tele-mark.dk\/#\/schema\/person\/b384f8c60f09de558a20bb8574465698\"},\"headline\":\"Tele-Mark A\/S f\u00f6rl\u00e4nger avtal med N\u00e4rings- och Tillv\u00e4xtministeriet.\",\"datePublished\":\"2012-09-14T06:19:28+00:00\",\"dateModified\":\"2025-09-26T07:13:37+00:00\",\"mainEntityOfPage\":{\"@id\":\"https:\/\/tele-mark.dk\/sv\/?p=11712\"},\"wordCount\":181,\"publisher\":{\"@id\":\"https:\/\/tele-mark.dk\/#organization\"},\"articleSection\":[\"Okategoriserad @sv\"],\"inLanguage\":\"sv-SE\"},{\"@type\":\"WebPage\",\"@id\":\"https:\/\/tele-mark.dk\/sv\/?p=11712\",\"url\":\"https:\/\/tele-mark.dk\/sv\/?p=11712\",\"name\":\"Tele-Mark A\/S f\u00f6rl\u00e4nger avtal med N\u00e4rings- och Tillv\u00e4xtministeriet. | Tele-Mark A\/S\",\"isPartOf\":{\"@id\":\"https:\/\/tele-mark.dk\/#website\"},\"datePublished\":\"2012-09-14T06:19:28+00:00\",\"dateModified\":\"2025-09-26T07:13:37+00:00\",\"breadcrumb\":{\"@id\":\"https:\/\/tele-mark.dk\/sv\/?p=11712#breadcrumb\"},\"inLanguage\":\"sv-SE\",\"potentialAction\":[{\"@type\":\"ReadAction\",\"target\":[\"https:\/\/tele-mark.dk\/sv\/?p=11712\"]}]},{\"@type\":\"BreadcrumbList\",\"@id\":\"https:\/\/tele-mark.dk\/sv\/?p=11712#breadcrumb\",\"itemListElement\":[{\"@type\":\"ListItem\",\"position\":1,\"name\":\"Forside\",\"item\":\"https:\/\/tele-mark.dk\/sv\/?page_id=10827\"},{\"@type\":\"ListItem\",\"position\":2,\"name\":\"Tele-Mark A\/S f\u00f6rl\u00e4nger avtal med N\u00e4rings- och Tillv\u00e4xtministeriet.\"}]},{\"@type\":\"WebSite\",\"@id\":\"https:\/\/tele-mark.dk\/#website\",\"url\":\"https:\/\/tele-mark.dk\/\",\"name\":\"Tele-Mark A\/S\",\"description\":\"Telemarketingbyr\u00e5 \u200b\u200bf\u00f6r Danmark, Norden, Europa och hela v\u00e4rlden\",\"publisher\":{\"@id\":\"https:\/\/tele-mark.dk\/#organization\"},\"potentialAction\":[{\"@type\":\"SearchAction\",\"target\":{\"@type\":\"EntryPoint\",\"urlTemplate\":\"https:\/\/tele-mark.dk\/?s={search_term_string}\"},\"query-input\":{\"@type\":\"PropertyValueSpecification\",\"valueRequired\":true,\"valueName\":\"search_term_string\"}}],\"inLanguage\":\"sv-SE\"},{\"@type\":\"Organization\",\"@id\":\"https:\/\/tele-mark.dk\/#organization\",\"name\":\"Tele-Mark A\/S\",\"url\":\"https:\/\/tele-mark.dk\/\",\"logo\":{\"@type\":\"ImageObject\",\"inLanguage\":\"sv-SE\",\"@id\":\"https:\/\/tele-mark.dk\/#\/schema\/logo\/image\/\",\"url\":\"https:\/\/tele-mark.dk\/wp-content\/uploads\/2025\/03\/Nyt-logo.svg\",\"contentUrl\":\"https:\/\/tele-mark.dk\/wp-content\/uploads\/2025\/03\/Nyt-logo.svg\",\"width\":433,\"height\":161,\"caption\":\"Tele-Mark A\/S\"},\"image\":{\"@id\":\"https:\/\/tele-mark.dk\/#\/schema\/logo\/image\/\"}},{\"@type\":\"Person\",\"@id\":\"https:\/\/tele-mark.dk\/#\/schema\/person\/b384f8c60f09de558a20bb8574465698\",\"name\":\"MK@tele-mark.dk\",\"url\":\"https:\/\/tele-mark.dk\/sv\/author\/mktele-mark-dk\/\"}]}<\/script>\n<!-- \/ Yoast SEO plugin. -->","yoast_head_json":{"title":"Tele-Mark A\/S f\u00f6rl\u00e4nger avtal med N\u00e4rings- och Tillv\u00e4xtministeriet. | Tele-Mark A\/S","robots":{"index":"index","follow":"follow","max-snippet":"max-snippet:-1","max-image-preview":"max-image-preview:large","max-video-preview":"max-video-preview:-1"},"canonical":"https:\/\/tele-mark.dk\/sv\/?p=11712","og_locale":"sv_SE","og_type":"article","og_title":"Tele-Mark A\/S f\u00f6rl\u00e4nger avtal med N\u00e4rings- och Tillv\u00e4xtministeriet. | Tele-Mark A\/S","og_description":"Strax f\u00f6re sommaren avslutade vi en sp\u00e4nnande kampanj f\u00f6r en organisation, f\u00f6rankrad under N\u00e4rings- och tillv\u00e4xtdepartementet. Kundernas feedback har varit otroligt positiv. Inte bara i form av ankomsten av ett stort antal kvalitetsm\u00f6ten och nya &#8221;kunder&#8221;. Dessutom har projektet \u00e4ven spridit positiva vindar internt i organisationen. En av v\u00e5ra n\u00e5got atypiska utmaningar visade sig vara ... L\u00e4s mer","og_url":"https:\/\/tele-mark.dk\/sv\/?p=11712","og_site_name":"Tele-Mark A\/S","article_published_time":"2012-09-14T06:19:28+00:00","article_modified_time":"2025-09-26T07:13:37+00:00","author":"MK@tele-mark.dk","twitter_card":"summary_large_image","twitter_misc":{"Skriven av":"MK@tele-mark.dk","Ber\u00e4knad l\u00e4stid":"1 minut"},"schema":{"@context":"https:\/\/schema.org","@graph":[{"@type":"Article","@id":"https:\/\/tele-mark.dk\/sv\/?p=11712#article","isPartOf":{"@id":"https:\/\/tele-mark.dk\/sv\/?p=11712"},"author":{"name":"MK@tele-mark.dk","@id":"https:\/\/tele-mark.dk\/#\/schema\/person\/b384f8c60f09de558a20bb8574465698"},"headline":"Tele-Mark A\/S f\u00f6rl\u00e4nger avtal med N\u00e4rings- och Tillv\u00e4xtministeriet.","datePublished":"2012-09-14T06:19:28+00:00","dateModified":"2025-09-26T07:13:37+00:00","mainEntityOfPage":{"@id":"https:\/\/tele-mark.dk\/sv\/?p=11712"},"wordCount":181,"publisher":{"@id":"https:\/\/tele-mark.dk\/#organization"},"articleSection":["Okategoriserad @sv"],"inLanguage":"sv-SE"},{"@type":"WebPage","@id":"https:\/\/tele-mark.dk\/sv\/?p=11712","url":"https:\/\/tele-mark.dk\/sv\/?p=11712","name":"Tele-Mark A\/S f\u00f6rl\u00e4nger avtal med N\u00e4rings- och Tillv\u00e4xtministeriet. | Tele-Mark A\/S","isPartOf":{"@id":"https:\/\/tele-mark.dk\/#website"},"datePublished":"2012-09-14T06:19:28+00:00","dateModified":"2025-09-26T07:13:37+00:00","breadcrumb":{"@id":"https:\/\/tele-mark.dk\/sv\/?p=11712#breadcrumb"},"inLanguage":"sv-SE","potentialAction":[{"@type":"ReadAction","target":["https:\/\/tele-mark.dk\/sv\/?p=11712"]}]},{"@type":"BreadcrumbList","@id":"https:\/\/tele-mark.dk\/sv\/?p=11712#breadcrumb","itemListElement":[{"@type":"ListItem","position":1,"name":"Forside","item":"https:\/\/tele-mark.dk\/sv\/?page_id=10827"},{"@type":"ListItem","position":2,"name":"Tele-Mark A\/S f\u00f6rl\u00e4nger avtal med N\u00e4rings- och Tillv\u00e4xtministeriet."}]},{"@type":"WebSite","@id":"https:\/\/tele-mark.dk\/#website","url":"https:\/\/tele-mark.dk\/","name":"Tele-Mark A\/S","description":"Telemarketingbyr\u00e5 \u200b\u200bf\u00f6r Danmark, Norden, Europa och hela v\u00e4rlden","publisher":{"@id":"https:\/\/tele-mark.dk\/#organization"},"potentialAction":[{"@type":"SearchAction","target":{"@type":"EntryPoint","urlTemplate":"https:\/\/tele-mark.dk\/?s={search_term_string}"},"query-input":{"@type":"PropertyValueSpecification","valueRequired":true,"valueName":"search_term_string"}}],"inLanguage":"sv-SE"},{"@type":"Organization","@id":"https:\/\/tele-mark.dk\/#organization","name":"Tele-Mark A\/S","url":"https:\/\/tele-mark.dk\/","logo":{"@type":"ImageObject","inLanguage":"sv-SE","@id":"https:\/\/tele-mark.dk\/#\/schema\/logo\/image\/","url":"https:\/\/tele-mark.dk\/wp-content\/uploads\/2025\/03\/Nyt-logo.svg","contentUrl":"https:\/\/tele-mark.dk\/wp-content\/uploads\/2025\/03\/Nyt-logo.svg","width":433,"height":161,"caption":"Tele-Mark A\/S"},"image":{"@id":"https:\/\/tele-mark.dk\/#\/schema\/logo\/image\/"}},{"@type":"Person","@id":"https:\/\/tele-mark.dk\/#\/schema\/person\/b384f8c60f09de558a20bb8574465698","name":"MK@tele-mark.dk","url":"https:\/\/tele-mark.dk\/sv\/author\/mktele-mark-dk\/"}]}},"_links":{"self":[{"href":"https:\/\/tele-mark.dk\/sv\/wp-json\/wp\/v2\/posts\/11712","targetHints":{"allow":["GET"]}}],"collection":[{"href":"https:\/\/tele-mark.dk\/sv\/wp-json\/wp\/v2\/posts"}],"about":[{"href":"https:\/\/tele-mark.dk\/sv\/wp-json\/wp\/v2\/types\/post"}],"author":[{"embeddable":true,"href":"https:\/\/tele-mark.dk\/sv\/wp-json\/wp\/v2\/users\/7"}],"replies":[{"embeddable":true,"href":"https:\/\/tele-mark.dk\/sv\/wp-json\/wp\/v2\/comments?post=11712"}],"version-history":[{"count":1,"href":"https:\/\/tele-mark.dk\/sv\/wp-json\/wp\/v2\/posts\/11712\/revisions"}],"predecessor-version":[{"id":11713,"href":"https:\/\/tele-mark.dk\/sv\/wp-json\/wp\/v2\/posts\/11712\/revisions\/11713"}],"wp:attachment":[{"href":"https:\/\/tele-mark.dk\/sv\/wp-json\/wp\/v2\/media?parent=11712"}],"wp:term":[{"taxonomy":"category","embeddable":true,"href":"https:\/\/tele-mark.dk\/sv\/wp-json\/wp\/v2\/categories?post=11712"},{"taxonomy":"post_tag","embeddable":true,"href":"https:\/\/tele-mark.dk\/sv\/wp-json\/wp\/v2\/tags?post=11712"}],"curies":[{"name":"wp","href":"https:\/\/api.w.org\/{rel}","templated":true}]}}