{"id":11704,"date":"2012-06-27T08:21:35","date_gmt":"2012-06-27T06:21:35","guid":{"rendered":"https:\/\/tele-mark.dk\/tele-mark-a-s-saeger-hej-och-adjoe\/"},"modified":"2025-09-26T09:13:36","modified_gmt":"2025-09-26T07:13:36","slug":"tele-mark-a-s-saeger-hej-och-adjoe","status":"publish","type":"post","link":"https:\/\/tele-mark.dk\/sv\/tele-mark-a-s-saeger-hej-och-adjoe\/","title":{"rendered":"Tele-Mark A\/S s\u00e4ger hej och adj\u00f6."},"content":{"rendered":"<p>Tele-Mark A\/S s\u00e4ger adj\u00f6 till Michael Winkel, en av v\u00e5ra kompetenta projektledare sedan 5 \u00e5r, fr\u00e5n och med den 31 juli. Michael Winkel har varit anst\u00e4lld p\u00e5 Tele-Mark A\/S sedan starten p\u00e5 00-talet. Michael valde att komplettera sina studier p\u00e5 cand.oecon med relevant arbete p\u00e5 Tele-Mark A\/S, f\u00f6rst som kontaktf\u00f6rmedlare, sedan som projektledare och de senaste 5 \u00e5ren, efter att ha tagit sin masterexamen, som projektledare.  <\/p>\n<p>Det \u00e4r sannerligen inte utan sorg som vi nu m\u00e5ste &#8221;skicka&#8221; Michael vidare, men vi har sannerligen bara de allra b\u00e4sta rekommendationer att ge Michael p\u00e5 hans v\u00e4g, och vi \u00e4r s\u00e4kra p\u00e5 att vi talar f\u00f6r alla p\u00e5 Tele-Mark A\/S n\u00e4r vi, med tack f\u00f6r den tid som g\u00e5tt, s\u00e5v\u00e4l som de m\u00e5nga anstr\u00e4ngningar som lagts ner, \u00f6nskar Michael all lycka p\u00e5 hans resa! Michael kommer s\u00e4kerligen att saknas av b\u00e5de kunder och kollegor. Vem vet, kanske v\u00e5ra v\u00e4gar korsas igen p\u00e5 ett eller annat s\u00e4tt. Vi \u00f6nskar Michael all lycka i framtiden.   <\/p>\n<p>Med det sagt \u00e4r vi ocks\u00e5 otroligt glada och inte minst stolta \u00f6ver att vi har lyckats hitta en fullt kvalificerad ers\u00e4ttare f\u00f6r Michael. Fr\u00e5n och med den 1 augusti 2012 har vi anst\u00e4llt S\u00f8ren Vestergaard, 39, som v\u00e5r nya projektledare. Han \u00e4r en v\u00e4lutbildad och kompetent kandidat som med mer \u00e4n 10 \u00e5rs branscherfarenhet anses vara en av de &#8221;tunga&#8221; projektledarna i branschen, efter att ha tillbringat de senaste 2\u00bd \u00e5ren som en av tv\u00e5 projektledare hos en av v\u00e5ra fantastiska och seri\u00f6sa kollegor. Vi \u00e4r helt s\u00e4kra p\u00e5 att S\u00f8ren, om n\u00e5gon, kommer att kunna fylla tj\u00e4nsten efter Michael till fullo.   <\/p>\n<p>Vi ser mycket fram emot att v\u00e5ra kunder ska kunna dra nytta av S\u00f8rens person och kompetens inom konsultverksamhet och projektledning direkt efter sommarsemestern. S\u00f8ren kommer att ing\u00e5 i Tele-Marks A\/S dagliga ledning, och tillsammans med de andra projektledarna kommer han att ansvara f\u00f6r att leverera den h\u00f6ga kvalitet och service till v\u00e5ra kunder som vi \u00e4r och kommer att forts\u00e4tta vara k\u00e4nda f\u00f6r. <\/p>\n<p>Denna omstrukturering har inte f\u00f6ranlett Tele-Mark A\/S att justera vare sig v\u00e5ra kortsiktiga eller l\u00e5ngsiktiga m\u00e5l. Vi kommer att forts\u00e4tta arbeta seri\u00f6st och m\u00e5lmedvetet f\u00f6r att beh\u00e5lla v\u00e5r position som en av landets absolut ledande partners inom <a href=\"\/telemarketing\/modebooking\/\">m\u00f6tesbokning<\/a> , leadgenerering och andra telemarketingdiscipliner. Vi ser fram emot framtiden.  <\/p>\n<p>P\u00e5 styrelsens v\u00e4gnar<\/p>\n<p>Mads Elefsen Kudsk<\/p>\n<p><strong>L\u00e4s mer om:<\/strong><\/p>\n<ul>\n<li><a title=\"M\u00f6tesbokning\" href=\"\/telemarketing\/modebooking\/\">M\u00f6tesbokning<\/a><\/li>\n<li><a title=\"Telemarketing\" href=\"https:\/\/tele-mark.dk\/sv\/telemarketing\/\">Telemarketing<\/a><\/li>\n<li><a title=\"M\u00f6tesbokare\" href=\"https:\/\/tele-mark.dk\/sv\/telemarketing\/moetesbokare\/\">M\u00f6tesbokare<\/a><\/li>\n<\/ul>\n<div class=\"fb-share-button\" data-layout=\"button\"><\/div>\n","protected":false},"excerpt":{"rendered":"<p>Tele-Mark A\/S s\u00e4ger adj\u00f6 till Michael Winkel, en av v\u00e5ra kompetenta projektledare sedan 5 \u00e5r, fr\u00e5n och med den 31 juli. Michael Winkel har varit anst\u00e4lld p\u00e5 Tele-Mark A\/S sedan starten p\u00e5 00-talet. Michael valde att komplettera sina studier p\u00e5 cand.oecon med relevant arbete p\u00e5 Tele-Mark A\/S, f\u00f6rst som kontaktf\u00f6rmedlare, sedan som projektledare och de &#8230; <a title=\"Tele-Mark A\/S s\u00e4ger hej och adj\u00f6.\" class=\"read-more\" href=\"https:\/\/tele-mark.dk\/sv\/tele-mark-a-s-saeger-hej-och-adjoe\/\" aria-label=\"L\u00e4s mer om Tele-Mark A\/S s\u00e4ger hej och adj\u00f6.\">L\u00e4s mer<\/a><\/p>\n","protected":false},"author":7,"featured_media":0,"comment_status":"closed","ping_status":"closed","sticky":false,"template":"","format":"standard","meta":{"_acf_changed":false,"footnotes":""},"categories":[90],"tags":[],"class_list":["post-11704","post","type-post","status-publish","format-standard","hentry","category-okategoriserad-sv"],"acf":[],"yoast_head":"<!-- This site is optimized with the Yoast SEO plugin v26.8 - https:\/\/yoast.com\/product\/yoast-seo-wordpress\/ -->\n<title>Tele-Mark A\/S s\u00e4ger hej och adj\u00f6. | Tele-Mark A\/S<\/title>\n<meta name=\"robots\" content=\"index, follow, max-snippet:-1, max-image-preview:large, max-video-preview:-1\" \/>\n<link rel=\"canonical\" href=\"https:\/\/tele-mark.dk\/sv\/?p=11704\" \/>\n<meta property=\"og:locale\" content=\"sv_SE\" \/>\n<meta property=\"og:type\" content=\"article\" \/>\n<meta property=\"og:title\" content=\"Tele-Mark A\/S s\u00e4ger hej och adj\u00f6. | Tele-Mark A\/S\" \/>\n<meta property=\"og:description\" content=\"Tele-Mark A\/S s\u00e4ger adj\u00f6 till Michael Winkel, en av v\u00e5ra kompetenta projektledare sedan 5 \u00e5r, fr\u00e5n och med den 31 juli. Michael Winkel har varit anst\u00e4lld p\u00e5 Tele-Mark A\/S sedan starten p\u00e5 00-talet. Michael valde att komplettera sina studier p\u00e5 cand.oecon med relevant arbete p\u00e5 Tele-Mark A\/S, f\u00f6rst som kontaktf\u00f6rmedlare, sedan som projektledare och de ... L\u00e4s mer\" \/>\n<meta property=\"og:url\" content=\"https:\/\/tele-mark.dk\/sv\/?p=11704\" \/>\n<meta property=\"og:site_name\" content=\"Tele-Mark A\/S\" \/>\n<meta property=\"article:published_time\" content=\"2012-06-27T06:21:35+00:00\" \/>\n<meta property=\"article:modified_time\" content=\"2025-09-26T07:13:36+00:00\" \/>\n<meta name=\"author\" content=\"MK@tele-mark.dk\" \/>\n<meta name=\"twitter:card\" content=\"summary_large_image\" \/>\n<meta name=\"twitter:label1\" content=\"Skriven av\" \/>\n\t<meta name=\"twitter:data1\" content=\"MK@tele-mark.dk\" \/>\n\t<meta name=\"twitter:label2\" content=\"Ber\u00e4knad l\u00e4stid\" \/>\n\t<meta name=\"twitter:data2\" content=\"2 minuter\" \/>\n<script type=\"application\/ld+json\" class=\"yoast-schema-graph\">{\"@context\":\"https:\/\/schema.org\",\"@graph\":[{\"@type\":\"Article\",\"@id\":\"https:\/\/tele-mark.dk\/sv\/?p=11704#article\",\"isPartOf\":{\"@id\":\"https:\/\/tele-mark.dk\/sv\/?p=11704\"},\"author\":{\"name\":\"MK@tele-mark.dk\",\"@id\":\"https:\/\/tele-mark.dk\/#\/schema\/person\/b384f8c60f09de558a20bb8574465698\"},\"headline\":\"Tele-Mark A\/S s\u00e4ger hej och adj\u00f6.\",\"datePublished\":\"2012-06-27T06:21:35+00:00\",\"dateModified\":\"2025-09-26T07:13:36+00:00\",\"mainEntityOfPage\":{\"@id\":\"https:\/\/tele-mark.dk\/sv\/?p=11704\"},\"wordCount\":453,\"publisher\":{\"@id\":\"https:\/\/tele-mark.dk\/#organization\"},\"articleSection\":[\"Okategoriserad @sv\"],\"inLanguage\":\"sv-SE\"},{\"@type\":\"WebPage\",\"@id\":\"https:\/\/tele-mark.dk\/sv\/?p=11704\",\"url\":\"https:\/\/tele-mark.dk\/sv\/?p=11704\",\"name\":\"Tele-Mark A\/S s\u00e4ger hej och adj\u00f6. | Tele-Mark A\/S\",\"isPartOf\":{\"@id\":\"https:\/\/tele-mark.dk\/#website\"},\"datePublished\":\"2012-06-27T06:21:35+00:00\",\"dateModified\":\"2025-09-26T07:13:36+00:00\",\"breadcrumb\":{\"@id\":\"https:\/\/tele-mark.dk\/sv\/?p=11704#breadcrumb\"},\"inLanguage\":\"sv-SE\",\"potentialAction\":[{\"@type\":\"ReadAction\",\"target\":[\"https:\/\/tele-mark.dk\/sv\/?p=11704\"]}]},{\"@type\":\"BreadcrumbList\",\"@id\":\"https:\/\/tele-mark.dk\/sv\/?p=11704#breadcrumb\",\"itemListElement\":[{\"@type\":\"ListItem\",\"position\":1,\"name\":\"Forside\",\"item\":\"https:\/\/tele-mark.dk\/sv\/?page_id=10827\"},{\"@type\":\"ListItem\",\"position\":2,\"name\":\"Tele-Mark A\/S s\u00e4ger hej och adj\u00f6.\"}]},{\"@type\":\"WebSite\",\"@id\":\"https:\/\/tele-mark.dk\/#website\",\"url\":\"https:\/\/tele-mark.dk\/\",\"name\":\"Tele-Mark A\/S\",\"description\":\"Telemarketingbyr\u00e5 \u200b\u200bf\u00f6r Danmark, Norden, Europa och hela v\u00e4rlden\",\"publisher\":{\"@id\":\"https:\/\/tele-mark.dk\/#organization\"},\"potentialAction\":[{\"@type\":\"SearchAction\",\"target\":{\"@type\":\"EntryPoint\",\"urlTemplate\":\"https:\/\/tele-mark.dk\/?s={search_term_string}\"},\"query-input\":{\"@type\":\"PropertyValueSpecification\",\"valueRequired\":true,\"valueName\":\"search_term_string\"}}],\"inLanguage\":\"sv-SE\"},{\"@type\":\"Organization\",\"@id\":\"https:\/\/tele-mark.dk\/#organization\",\"name\":\"Tele-Mark A\/S\",\"url\":\"https:\/\/tele-mark.dk\/\",\"logo\":{\"@type\":\"ImageObject\",\"inLanguage\":\"sv-SE\",\"@id\":\"https:\/\/tele-mark.dk\/#\/schema\/logo\/image\/\",\"url\":\"https:\/\/tele-mark.dk\/wp-content\/uploads\/2025\/03\/Nyt-logo.svg\",\"contentUrl\":\"https:\/\/tele-mark.dk\/wp-content\/uploads\/2025\/03\/Nyt-logo.svg\",\"width\":433,\"height\":161,\"caption\":\"Tele-Mark A\/S\"},\"image\":{\"@id\":\"https:\/\/tele-mark.dk\/#\/schema\/logo\/image\/\"}},{\"@type\":\"Person\",\"@id\":\"https:\/\/tele-mark.dk\/#\/schema\/person\/b384f8c60f09de558a20bb8574465698\",\"name\":\"MK@tele-mark.dk\",\"url\":\"https:\/\/tele-mark.dk\/sv\/author\/mktele-mark-dk\/\"}]}<\/script>\n<!-- \/ Yoast SEO plugin. -->","yoast_head_json":{"title":"Tele-Mark A\/S s\u00e4ger hej och adj\u00f6. | Tele-Mark A\/S","robots":{"index":"index","follow":"follow","max-snippet":"max-snippet:-1","max-image-preview":"max-image-preview:large","max-video-preview":"max-video-preview:-1"},"canonical":"https:\/\/tele-mark.dk\/sv\/?p=11704","og_locale":"sv_SE","og_type":"article","og_title":"Tele-Mark A\/S s\u00e4ger hej och adj\u00f6. | Tele-Mark A\/S","og_description":"Tele-Mark A\/S s\u00e4ger adj\u00f6 till Michael Winkel, en av v\u00e5ra kompetenta projektledare sedan 5 \u00e5r, fr\u00e5n och med den 31 juli. Michael Winkel har varit anst\u00e4lld p\u00e5 Tele-Mark A\/S sedan starten p\u00e5 00-talet. Michael valde att komplettera sina studier p\u00e5 cand.oecon med relevant arbete p\u00e5 Tele-Mark A\/S, f\u00f6rst som kontaktf\u00f6rmedlare, sedan som projektledare och de ... L\u00e4s mer","og_url":"https:\/\/tele-mark.dk\/sv\/?p=11704","og_site_name":"Tele-Mark A\/S","article_published_time":"2012-06-27T06:21:35+00:00","article_modified_time":"2025-09-26T07:13:36+00:00","author":"MK@tele-mark.dk","twitter_card":"summary_large_image","twitter_misc":{"Skriven av":"MK@tele-mark.dk","Ber\u00e4knad l\u00e4stid":"2 minuter"},"schema":{"@context":"https:\/\/schema.org","@graph":[{"@type":"Article","@id":"https:\/\/tele-mark.dk\/sv\/?p=11704#article","isPartOf":{"@id":"https:\/\/tele-mark.dk\/sv\/?p=11704"},"author":{"name":"MK@tele-mark.dk","@id":"https:\/\/tele-mark.dk\/#\/schema\/person\/b384f8c60f09de558a20bb8574465698"},"headline":"Tele-Mark A\/S s\u00e4ger hej och adj\u00f6.","datePublished":"2012-06-27T06:21:35+00:00","dateModified":"2025-09-26T07:13:36+00:00","mainEntityOfPage":{"@id":"https:\/\/tele-mark.dk\/sv\/?p=11704"},"wordCount":453,"publisher":{"@id":"https:\/\/tele-mark.dk\/#organization"},"articleSection":["Okategoriserad @sv"],"inLanguage":"sv-SE"},{"@type":"WebPage","@id":"https:\/\/tele-mark.dk\/sv\/?p=11704","url":"https:\/\/tele-mark.dk\/sv\/?p=11704","name":"Tele-Mark A\/S s\u00e4ger hej och adj\u00f6. | Tele-Mark A\/S","isPartOf":{"@id":"https:\/\/tele-mark.dk\/#website"},"datePublished":"2012-06-27T06:21:35+00:00","dateModified":"2025-09-26T07:13:36+00:00","breadcrumb":{"@id":"https:\/\/tele-mark.dk\/sv\/?p=11704#breadcrumb"},"inLanguage":"sv-SE","potentialAction":[{"@type":"ReadAction","target":["https:\/\/tele-mark.dk\/sv\/?p=11704"]}]},{"@type":"BreadcrumbList","@id":"https:\/\/tele-mark.dk\/sv\/?p=11704#breadcrumb","itemListElement":[{"@type":"ListItem","position":1,"name":"Forside","item":"https:\/\/tele-mark.dk\/sv\/?page_id=10827"},{"@type":"ListItem","position":2,"name":"Tele-Mark A\/S s\u00e4ger hej och adj\u00f6."}]},{"@type":"WebSite","@id":"https:\/\/tele-mark.dk\/#website","url":"https:\/\/tele-mark.dk\/","name":"Tele-Mark A\/S","description":"Telemarketingbyr\u00e5 \u200b\u200bf\u00f6r Danmark, Norden, Europa och hela v\u00e4rlden","publisher":{"@id":"https:\/\/tele-mark.dk\/#organization"},"potentialAction":[{"@type":"SearchAction","target":{"@type":"EntryPoint","urlTemplate":"https:\/\/tele-mark.dk\/?s={search_term_string}"},"query-input":{"@type":"PropertyValueSpecification","valueRequired":true,"valueName":"search_term_string"}}],"inLanguage":"sv-SE"},{"@type":"Organization","@id":"https:\/\/tele-mark.dk\/#organization","name":"Tele-Mark A\/S","url":"https:\/\/tele-mark.dk\/","logo":{"@type":"ImageObject","inLanguage":"sv-SE","@id":"https:\/\/tele-mark.dk\/#\/schema\/logo\/image\/","url":"https:\/\/tele-mark.dk\/wp-content\/uploads\/2025\/03\/Nyt-logo.svg","contentUrl":"https:\/\/tele-mark.dk\/wp-content\/uploads\/2025\/03\/Nyt-logo.svg","width":433,"height":161,"caption":"Tele-Mark A\/S"},"image":{"@id":"https:\/\/tele-mark.dk\/#\/schema\/logo\/image\/"}},{"@type":"Person","@id":"https:\/\/tele-mark.dk\/#\/schema\/person\/b384f8c60f09de558a20bb8574465698","name":"MK@tele-mark.dk","url":"https:\/\/tele-mark.dk\/sv\/author\/mktele-mark-dk\/"}]}},"_links":{"self":[{"href":"https:\/\/tele-mark.dk\/sv\/wp-json\/wp\/v2\/posts\/11704","targetHints":{"allow":["GET"]}}],"collection":[{"href":"https:\/\/tele-mark.dk\/sv\/wp-json\/wp\/v2\/posts"}],"about":[{"href":"https:\/\/tele-mark.dk\/sv\/wp-json\/wp\/v2\/types\/post"}],"author":[{"embeddable":true,"href":"https:\/\/tele-mark.dk\/sv\/wp-json\/wp\/v2\/users\/7"}],"replies":[{"embeddable":true,"href":"https:\/\/tele-mark.dk\/sv\/wp-json\/wp\/v2\/comments?post=11704"}],"version-history":[{"count":1,"href":"https:\/\/tele-mark.dk\/sv\/wp-json\/wp\/v2\/posts\/11704\/revisions"}],"predecessor-version":[{"id":11706,"href":"https:\/\/tele-mark.dk\/sv\/wp-json\/wp\/v2\/posts\/11704\/revisions\/11706"}],"wp:attachment":[{"href":"https:\/\/tele-mark.dk\/sv\/wp-json\/wp\/v2\/media?parent=11704"}],"wp:term":[{"taxonomy":"category","embeddable":true,"href":"https:\/\/tele-mark.dk\/sv\/wp-json\/wp\/v2\/categories?post=11704"},{"taxonomy":"post_tag","embeddable":true,"href":"https:\/\/tele-mark.dk\/sv\/wp-json\/wp\/v2\/tags?post=11704"}],"curies":[{"name":"wp","href":"https:\/\/api.w.org\/{rel}","templated":true}]}}