{"id":11685,"date":"2012-03-28T08:24:05","date_gmt":"2012-03-28T06:24:05","guid":{"rendered":"https:\/\/tele-mark.dk\/vaelkommen-till-utrikesministeriet\/"},"modified":"2025-09-26T09:13:28","modified_gmt":"2025-09-26T07:13:28","slug":"vaelkommen-till-utrikesministeriet","status":"publish","type":"post","link":"https:\/\/tele-mark.dk\/sv\/vaelkommen-till-utrikesministeriet\/","title":{"rendered":"V\u00e4lkommen till utrikesministeriet!"},"content":{"rendered":"<p>Efter mer \u00e4n 3 m\u00e5naders dialog och urvalsprocess fick vi ig\u00e5r besked om att vi hade blivit utvalda som den partner de ville samarbeta med i samband med genomf\u00f6randet av ett verkligt sp\u00e4nnande projekt f\u00f6r en del av Utrikesdepartementet.<\/p>\n<p>Utan att s\u00e4ga f\u00f6r mycket \u00e4r detta ett mycket intressant projekt som kan p\u00e5verka Danmarks export. Projektet kommer att vara s\u00e4rskilt viktigt f\u00f6r m\u00e5nga danska sm\u00e5 och medelstora f\u00f6retag. <\/p>\n<p>Vi v\u00e4lkomnar dig ombord \u2013 och ser verkligen fram emot att planera och lansera projektet efter p\u00e5sk. Och alla vi 80 anst\u00e4llda \u00e4r otroligt stolta \u00f6ver att ha blivit utvalda som partner till Utrikesdepartementet. <\/p>\n<p><strong>L\u00e4s mer om:<\/strong><\/p>\n<ul>\n<li><a title=\"M\u00f6tesbokning\" href=\"\/telemarketing\/modebooking\/\">M\u00f6tesbokning<\/a><\/li>\n<li><a title=\"Telemarketing\" href=\"https:\/\/tele-mark.dk\/sv\/telemarketing\/\">Telemarketing<\/a><\/li>\n<li><a title=\"M\u00f6tesbokare\" href=\"https:\/\/tele-mark.dk\/sv\/telemarketing\/moetesbokare\/\">M\u00f6tesbokare<\/a><\/li>\n<\/ul>\n<div class=\"fb-share-button\" data-layout=\"button\"><\/div>\n","protected":false},"excerpt":{"rendered":"<p>Efter mer \u00e4n 3 m\u00e5naders dialog och urvalsprocess fick vi ig\u00e5r besked om att vi hade blivit utvalda som den partner de ville samarbeta med i samband med genomf\u00f6randet av ett verkligt sp\u00e4nnande projekt f\u00f6r en del av Utrikesdepartementet. Utan att s\u00e4ga f\u00f6r mycket \u00e4r detta ett mycket intressant projekt som kan p\u00e5verka Danmarks export. &#8230; <a title=\"V\u00e4lkommen till utrikesministeriet!\" class=\"read-more\" href=\"https:\/\/tele-mark.dk\/sv\/vaelkommen-till-utrikesministeriet\/\" aria-label=\"L\u00e4s mer om V\u00e4lkommen till utrikesministeriet!\">L\u00e4s mer<\/a><\/p>\n","protected":false},"author":7,"featured_media":0,"comment_status":"closed","ping_status":"closed","sticky":false,"template":"","format":"standard","meta":{"_acf_changed":false,"footnotes":""},"categories":[90],"tags":[],"class_list":["post-11685","post","type-post","status-publish","format-standard","hentry","category-okategoriserad-sv"],"acf":[],"yoast_head":"<!-- This site is optimized with the Yoast SEO plugin v26.8 - https:\/\/yoast.com\/product\/yoast-seo-wordpress\/ -->\n<title>V\u00e4lkommen till utrikesministeriet! | Tele-Mark A\/S<\/title>\n<meta name=\"robots\" content=\"index, follow, max-snippet:-1, max-image-preview:large, max-video-preview:-1\" \/>\n<link rel=\"canonical\" href=\"https:\/\/tele-mark.dk\/sv\/?p=11685\" \/>\n<meta property=\"og:locale\" content=\"sv_SE\" \/>\n<meta property=\"og:type\" content=\"article\" \/>\n<meta property=\"og:title\" content=\"V\u00e4lkommen till utrikesministeriet! | Tele-Mark A\/S\" \/>\n<meta property=\"og:description\" content=\"Efter mer \u00e4n 3 m\u00e5naders dialog och urvalsprocess fick vi ig\u00e5r besked om att vi hade blivit utvalda som den partner de ville samarbeta med i samband med genomf\u00f6randet av ett verkligt sp\u00e4nnande projekt f\u00f6r en del av Utrikesdepartementet. Utan att s\u00e4ga f\u00f6r mycket \u00e4r detta ett mycket intressant projekt som kan p\u00e5verka Danmarks export. ... L\u00e4s mer\" \/>\n<meta property=\"og:url\" content=\"https:\/\/tele-mark.dk\/sv\/?p=11685\" \/>\n<meta property=\"og:site_name\" content=\"Tele-Mark A\/S\" \/>\n<meta property=\"article:published_time\" content=\"2012-03-28T06:24:05+00:00\" \/>\n<meta property=\"article:modified_time\" content=\"2025-09-26T07:13:28+00:00\" \/>\n<meta name=\"author\" content=\"MK@tele-mark.dk\" \/>\n<meta name=\"twitter:card\" content=\"summary_large_image\" \/>\n<meta name=\"twitter:label1\" content=\"Skriven av\" \/>\n\t<meta name=\"twitter:data1\" content=\"MK@tele-mark.dk\" \/>\n\t<meta name=\"twitter:label2\" content=\"Ber\u00e4knad l\u00e4stid\" \/>\n\t<meta name=\"twitter:data2\" content=\"1 minut\" \/>\n<script type=\"application\/ld+json\" class=\"yoast-schema-graph\">{\"@context\":\"https:\/\/schema.org\",\"@graph\":[{\"@type\":\"Article\",\"@id\":\"https:\/\/tele-mark.dk\/sv\/?p=11685#article\",\"isPartOf\":{\"@id\":\"https:\/\/tele-mark.dk\/sv\/?p=11685\"},\"author\":{\"name\":\"MK@tele-mark.dk\",\"@id\":\"https:\/\/tele-mark.dk\/#\/schema\/person\/b384f8c60f09de558a20bb8574465698\"},\"headline\":\"V\u00e4lkommen till utrikesministeriet!\",\"datePublished\":\"2012-03-28T06:24:05+00:00\",\"dateModified\":\"2025-09-26T07:13:28+00:00\",\"mainEntityOfPage\":{\"@id\":\"https:\/\/tele-mark.dk\/sv\/?p=11685\"},\"wordCount\":127,\"publisher\":{\"@id\":\"https:\/\/tele-mark.dk\/#organization\"},\"articleSection\":[\"Okategoriserad @sv\"],\"inLanguage\":\"sv-SE\"},{\"@type\":\"WebPage\",\"@id\":\"https:\/\/tele-mark.dk\/sv\/?p=11685\",\"url\":\"https:\/\/tele-mark.dk\/sv\/?p=11685\",\"name\":\"V\u00e4lkommen till utrikesministeriet! | Tele-Mark A\/S\",\"isPartOf\":{\"@id\":\"https:\/\/tele-mark.dk\/#website\"},\"datePublished\":\"2012-03-28T06:24:05+00:00\",\"dateModified\":\"2025-09-26T07:13:28+00:00\",\"breadcrumb\":{\"@id\":\"https:\/\/tele-mark.dk\/sv\/?p=11685#breadcrumb\"},\"inLanguage\":\"sv-SE\",\"potentialAction\":[{\"@type\":\"ReadAction\",\"target\":[\"https:\/\/tele-mark.dk\/sv\/?p=11685\"]}]},{\"@type\":\"BreadcrumbList\",\"@id\":\"https:\/\/tele-mark.dk\/sv\/?p=11685#breadcrumb\",\"itemListElement\":[{\"@type\":\"ListItem\",\"position\":1,\"name\":\"Forside\",\"item\":\"https:\/\/tele-mark.dk\/sv\/?page_id=10827\"},{\"@type\":\"ListItem\",\"position\":2,\"name\":\"V\u00e4lkommen till utrikesministeriet!\"}]},{\"@type\":\"WebSite\",\"@id\":\"https:\/\/tele-mark.dk\/#website\",\"url\":\"https:\/\/tele-mark.dk\/\",\"name\":\"Tele-Mark A\/S\",\"description\":\"Telemarketingbyr\u00e5 \u200b\u200bf\u00f6r Danmark, Norden, Europa och hela v\u00e4rlden\",\"publisher\":{\"@id\":\"https:\/\/tele-mark.dk\/#organization\"},\"potentialAction\":[{\"@type\":\"SearchAction\",\"target\":{\"@type\":\"EntryPoint\",\"urlTemplate\":\"https:\/\/tele-mark.dk\/?s={search_term_string}\"},\"query-input\":{\"@type\":\"PropertyValueSpecification\",\"valueRequired\":true,\"valueName\":\"search_term_string\"}}],\"inLanguage\":\"sv-SE\"},{\"@type\":\"Organization\",\"@id\":\"https:\/\/tele-mark.dk\/#organization\",\"name\":\"Tele-Mark A\/S\",\"url\":\"https:\/\/tele-mark.dk\/\",\"logo\":{\"@type\":\"ImageObject\",\"inLanguage\":\"sv-SE\",\"@id\":\"https:\/\/tele-mark.dk\/#\/schema\/logo\/image\/\",\"url\":\"https:\/\/tele-mark.dk\/wp-content\/uploads\/2025\/03\/Nyt-logo.svg\",\"contentUrl\":\"https:\/\/tele-mark.dk\/wp-content\/uploads\/2025\/03\/Nyt-logo.svg\",\"width\":433,\"height\":161,\"caption\":\"Tele-Mark A\/S\"},\"image\":{\"@id\":\"https:\/\/tele-mark.dk\/#\/schema\/logo\/image\/\"}},{\"@type\":\"Person\",\"@id\":\"https:\/\/tele-mark.dk\/#\/schema\/person\/b384f8c60f09de558a20bb8574465698\",\"name\":\"MK@tele-mark.dk\",\"url\":\"https:\/\/tele-mark.dk\/sv\/author\/mktele-mark-dk\/\"}]}<\/script>\n<!-- \/ Yoast SEO plugin. -->","yoast_head_json":{"title":"V\u00e4lkommen till utrikesministeriet! | Tele-Mark A\/S","robots":{"index":"index","follow":"follow","max-snippet":"max-snippet:-1","max-image-preview":"max-image-preview:large","max-video-preview":"max-video-preview:-1"},"canonical":"https:\/\/tele-mark.dk\/sv\/?p=11685","og_locale":"sv_SE","og_type":"article","og_title":"V\u00e4lkommen till utrikesministeriet! | Tele-Mark A\/S","og_description":"Efter mer \u00e4n 3 m\u00e5naders dialog och urvalsprocess fick vi ig\u00e5r besked om att vi hade blivit utvalda som den partner de ville samarbeta med i samband med genomf\u00f6randet av ett verkligt sp\u00e4nnande projekt f\u00f6r en del av Utrikesdepartementet. Utan att s\u00e4ga f\u00f6r mycket \u00e4r detta ett mycket intressant projekt som kan p\u00e5verka Danmarks export. ... L\u00e4s mer","og_url":"https:\/\/tele-mark.dk\/sv\/?p=11685","og_site_name":"Tele-Mark A\/S","article_published_time":"2012-03-28T06:24:05+00:00","article_modified_time":"2025-09-26T07:13:28+00:00","author":"MK@tele-mark.dk","twitter_card":"summary_large_image","twitter_misc":{"Skriven av":"MK@tele-mark.dk","Ber\u00e4knad l\u00e4stid":"1 minut"},"schema":{"@context":"https:\/\/schema.org","@graph":[{"@type":"Article","@id":"https:\/\/tele-mark.dk\/sv\/?p=11685#article","isPartOf":{"@id":"https:\/\/tele-mark.dk\/sv\/?p=11685"},"author":{"name":"MK@tele-mark.dk","@id":"https:\/\/tele-mark.dk\/#\/schema\/person\/b384f8c60f09de558a20bb8574465698"},"headline":"V\u00e4lkommen till utrikesministeriet!","datePublished":"2012-03-28T06:24:05+00:00","dateModified":"2025-09-26T07:13:28+00:00","mainEntityOfPage":{"@id":"https:\/\/tele-mark.dk\/sv\/?p=11685"},"wordCount":127,"publisher":{"@id":"https:\/\/tele-mark.dk\/#organization"},"articleSection":["Okategoriserad @sv"],"inLanguage":"sv-SE"},{"@type":"WebPage","@id":"https:\/\/tele-mark.dk\/sv\/?p=11685","url":"https:\/\/tele-mark.dk\/sv\/?p=11685","name":"V\u00e4lkommen till utrikesministeriet! | Tele-Mark A\/S","isPartOf":{"@id":"https:\/\/tele-mark.dk\/#website"},"datePublished":"2012-03-28T06:24:05+00:00","dateModified":"2025-09-26T07:13:28+00:00","breadcrumb":{"@id":"https:\/\/tele-mark.dk\/sv\/?p=11685#breadcrumb"},"inLanguage":"sv-SE","potentialAction":[{"@type":"ReadAction","target":["https:\/\/tele-mark.dk\/sv\/?p=11685"]}]},{"@type":"BreadcrumbList","@id":"https:\/\/tele-mark.dk\/sv\/?p=11685#breadcrumb","itemListElement":[{"@type":"ListItem","position":1,"name":"Forside","item":"https:\/\/tele-mark.dk\/sv\/?page_id=10827"},{"@type":"ListItem","position":2,"name":"V\u00e4lkommen till utrikesministeriet!"}]},{"@type":"WebSite","@id":"https:\/\/tele-mark.dk\/#website","url":"https:\/\/tele-mark.dk\/","name":"Tele-Mark A\/S","description":"Telemarketingbyr\u00e5 \u200b\u200bf\u00f6r Danmark, Norden, Europa och hela v\u00e4rlden","publisher":{"@id":"https:\/\/tele-mark.dk\/#organization"},"potentialAction":[{"@type":"SearchAction","target":{"@type":"EntryPoint","urlTemplate":"https:\/\/tele-mark.dk\/?s={search_term_string}"},"query-input":{"@type":"PropertyValueSpecification","valueRequired":true,"valueName":"search_term_string"}}],"inLanguage":"sv-SE"},{"@type":"Organization","@id":"https:\/\/tele-mark.dk\/#organization","name":"Tele-Mark A\/S","url":"https:\/\/tele-mark.dk\/","logo":{"@type":"ImageObject","inLanguage":"sv-SE","@id":"https:\/\/tele-mark.dk\/#\/schema\/logo\/image\/","url":"https:\/\/tele-mark.dk\/wp-content\/uploads\/2025\/03\/Nyt-logo.svg","contentUrl":"https:\/\/tele-mark.dk\/wp-content\/uploads\/2025\/03\/Nyt-logo.svg","width":433,"height":161,"caption":"Tele-Mark A\/S"},"image":{"@id":"https:\/\/tele-mark.dk\/#\/schema\/logo\/image\/"}},{"@type":"Person","@id":"https:\/\/tele-mark.dk\/#\/schema\/person\/b384f8c60f09de558a20bb8574465698","name":"MK@tele-mark.dk","url":"https:\/\/tele-mark.dk\/sv\/author\/mktele-mark-dk\/"}]}},"_links":{"self":[{"href":"https:\/\/tele-mark.dk\/sv\/wp-json\/wp\/v2\/posts\/11685","targetHints":{"allow":["GET"]}}],"collection":[{"href":"https:\/\/tele-mark.dk\/sv\/wp-json\/wp\/v2\/posts"}],"about":[{"href":"https:\/\/tele-mark.dk\/sv\/wp-json\/wp\/v2\/types\/post"}],"author":[{"embeddable":true,"href":"https:\/\/tele-mark.dk\/sv\/wp-json\/wp\/v2\/users\/7"}],"replies":[{"embeddable":true,"href":"https:\/\/tele-mark.dk\/sv\/wp-json\/wp\/v2\/comments?post=11685"}],"version-history":[{"count":1,"href":"https:\/\/tele-mark.dk\/sv\/wp-json\/wp\/v2\/posts\/11685\/revisions"}],"predecessor-version":[{"id":11687,"href":"https:\/\/tele-mark.dk\/sv\/wp-json\/wp\/v2\/posts\/11685\/revisions\/11687"}],"wp:attachment":[{"href":"https:\/\/tele-mark.dk\/sv\/wp-json\/wp\/v2\/media?parent=11685"}],"wp:term":[{"taxonomy":"category","embeddable":true,"href":"https:\/\/tele-mark.dk\/sv\/wp-json\/wp\/v2\/categories?post=11685"},{"taxonomy":"post_tag","embeddable":true,"href":"https:\/\/tele-mark.dk\/sv\/wp-json\/wp\/v2\/tags?post=11685"}],"curies":[{"name":"wp","href":"https:\/\/api.w.org\/{rel}","templated":true}]}}