{"id":11670,"date":"2016-04-29T07:36:38","date_gmt":"2016-04-29T05:36:38","guid":{"rendered":"https:\/\/tele-mark.dk\/tele-mark-a-s-flyttar-sin-adress\/"},"modified":"2025-09-26T09:13:11","modified_gmt":"2025-09-26T07:13:11","slug":"tele-mark-a-s-flyttar-sin-adress","status":"publish","type":"post","link":"https:\/\/tele-mark.dk\/sv\/tele-mark-a-s-flyttar-sin-adress\/","title":{"rendered":"Tele-Mark A\/S flyttar sin adress."},"content":{"rendered":"<p>Efter 9 riktigt bra \u00e5r p\u00e5 Carl Blochs Gade 37 \u00e4r det nu dags att g\u00e5 vidare f\u00f6r Tele-Mark A\/S.<\/p>\n<p>Utrymmet har varit f\u00f6r tr\u00e5ngt i n\u00e5gra \u00e5r nu. Vi ser alla fram emot att \u00f6ppna d\u00f6rrarna till v\u00e5rt nya huvudkontor p\u00e5 S\u00f8ren Frichs Vej 40F i slutet av augusti. Innan vi kan komma dit kommer huvudkontoret att genomg\u00e5 en mycket omfattande renovering. Resultatet blir ett vackert nytt huvudkontor med 85 v\u00e4l genomt\u00e4nkta och tysta arbetsplatser, redo att skapa den nya ramen f\u00f6r Danmarks b\u00e4sta medarbetare, f\u00f6r Danmarks b\u00e4sta kunder.   <\/p>\n<p>Vi ser fram emot att v\u00e4lkomna dig till denna vackra plats. Tele-Mark A\/S kommer att finnas p\u00e5 hela tredje v\u00e5ningen, samt i tornet, d\u00e4r det kommer att finnas m\u00f6tesrum med en vacker utsikt \u00f6ver Aarhus. <\/p>\n","protected":false},"excerpt":{"rendered":"<p>Efter 9 riktigt bra \u00e5r p\u00e5 Carl Blochs Gade 37 \u00e4r det nu dags att g\u00e5 vidare f\u00f6r Tele-Mark A\/S. Utrymmet har varit f\u00f6r tr\u00e5ngt i n\u00e5gra \u00e5r nu. Vi ser alla fram emot att \u00f6ppna d\u00f6rrarna till v\u00e5rt nya huvudkontor p\u00e5 S\u00f8ren Frichs Vej 40F i slutet av augusti. Innan vi kan komma dit &#8230; <a title=\"Tele-Mark A\/S flyttar sin adress.\" class=\"read-more\" href=\"https:\/\/tele-mark.dk\/sv\/tele-mark-a-s-flyttar-sin-adress\/\" aria-label=\"L\u00e4s mer om Tele-Mark A\/S flyttar sin adress.\">L\u00e4s mer<\/a><\/p>\n","protected":false},"author":7,"featured_media":0,"comment_status":"closed","ping_status":"closed","sticky":false,"template":"","format":"standard","meta":{"_acf_changed":false,"footnotes":""},"categories":[90],"tags":[],"class_list":["post-11670","post","type-post","status-publish","format-standard","hentry","category-okategoriserad-sv"],"acf":[],"yoast_head":"<!-- This site is optimized with the Yoast SEO plugin v26.8 - https:\/\/yoast.com\/product\/yoast-seo-wordpress\/ -->\n<title>Tele-Mark A\/S flyttar sin adress. | Tele-Mark A\/S<\/title>\n<meta name=\"robots\" content=\"index, follow, max-snippet:-1, max-image-preview:large, max-video-preview:-1\" \/>\n<link rel=\"canonical\" href=\"https:\/\/tele-mark.dk\/sv\/?p=11670\" \/>\n<meta property=\"og:locale\" content=\"sv_SE\" \/>\n<meta property=\"og:type\" content=\"article\" \/>\n<meta property=\"og:title\" content=\"Tele-Mark A\/S flyttar sin adress. | Tele-Mark A\/S\" \/>\n<meta property=\"og:description\" content=\"Efter 9 riktigt bra \u00e5r p\u00e5 Carl Blochs Gade 37 \u00e4r det nu dags att g\u00e5 vidare f\u00f6r Tele-Mark A\/S. Utrymmet har varit f\u00f6r tr\u00e5ngt i n\u00e5gra \u00e5r nu. Vi ser alla fram emot att \u00f6ppna d\u00f6rrarna till v\u00e5rt nya huvudkontor p\u00e5 S\u00f8ren Frichs Vej 40F i slutet av augusti. Innan vi kan komma dit ... L\u00e4s mer\" \/>\n<meta property=\"og:url\" content=\"https:\/\/tele-mark.dk\/sv\/?p=11670\" \/>\n<meta property=\"og:site_name\" content=\"Tele-Mark A\/S\" \/>\n<meta property=\"article:published_time\" content=\"2016-04-29T05:36:38+00:00\" \/>\n<meta property=\"article:modified_time\" content=\"2025-09-26T07:13:11+00:00\" \/>\n<meta name=\"author\" content=\"MK@tele-mark.dk\" \/>\n<meta name=\"twitter:card\" content=\"summary_large_image\" \/>\n<meta name=\"twitter:label1\" content=\"Skriven av\" \/>\n\t<meta name=\"twitter:data1\" content=\"MK@tele-mark.dk\" \/>\n\t<meta name=\"twitter:label2\" content=\"Ber\u00e4knad l\u00e4stid\" \/>\n\t<meta name=\"twitter:data2\" content=\"1 minut\" \/>\n<script type=\"application\/ld+json\" class=\"yoast-schema-graph\">{\"@context\":\"https:\/\/schema.org\",\"@graph\":[{\"@type\":\"Article\",\"@id\":\"https:\/\/tele-mark.dk\/sv\/?p=11670#article\",\"isPartOf\":{\"@id\":\"https:\/\/tele-mark.dk\/sv\/?p=11670\"},\"author\":{\"name\":\"MK@tele-mark.dk\",\"@id\":\"https:\/\/tele-mark.dk\/#\/schema\/person\/b384f8c60f09de558a20bb8574465698\"},\"headline\":\"Tele-Mark A\/S flyttar sin adress.\",\"datePublished\":\"2016-04-29T05:36:38+00:00\",\"dateModified\":\"2025-09-26T07:13:11+00:00\",\"mainEntityOfPage\":{\"@id\":\"https:\/\/tele-mark.dk\/sv\/?p=11670\"},\"wordCount\":147,\"publisher\":{\"@id\":\"https:\/\/tele-mark.dk\/#organization\"},\"articleSection\":[\"Okategoriserad @sv\"],\"inLanguage\":\"sv-SE\"},{\"@type\":\"WebPage\",\"@id\":\"https:\/\/tele-mark.dk\/sv\/?p=11670\",\"url\":\"https:\/\/tele-mark.dk\/sv\/?p=11670\",\"name\":\"Tele-Mark A\/S flyttar sin adress. | Tele-Mark A\/S\",\"isPartOf\":{\"@id\":\"https:\/\/tele-mark.dk\/#website\"},\"datePublished\":\"2016-04-29T05:36:38+00:00\",\"dateModified\":\"2025-09-26T07:13:11+00:00\",\"breadcrumb\":{\"@id\":\"https:\/\/tele-mark.dk\/sv\/?p=11670#breadcrumb\"},\"inLanguage\":\"sv-SE\",\"potentialAction\":[{\"@type\":\"ReadAction\",\"target\":[\"https:\/\/tele-mark.dk\/sv\/?p=11670\"]}]},{\"@type\":\"BreadcrumbList\",\"@id\":\"https:\/\/tele-mark.dk\/sv\/?p=11670#breadcrumb\",\"itemListElement\":[{\"@type\":\"ListItem\",\"position\":1,\"name\":\"Forside\",\"item\":\"https:\/\/tele-mark.dk\/sv\/?page_id=10827\"},{\"@type\":\"ListItem\",\"position\":2,\"name\":\"Tele-Mark A\/S flyttar sin adress.\"}]},{\"@type\":\"WebSite\",\"@id\":\"https:\/\/tele-mark.dk\/#website\",\"url\":\"https:\/\/tele-mark.dk\/\",\"name\":\"Tele-Mark A\/S\",\"description\":\"Telemarketingbyr\u00e5 \u200b\u200bf\u00f6r Danmark, Norden, Europa och hela v\u00e4rlden\",\"publisher\":{\"@id\":\"https:\/\/tele-mark.dk\/#organization\"},\"potentialAction\":[{\"@type\":\"SearchAction\",\"target\":{\"@type\":\"EntryPoint\",\"urlTemplate\":\"https:\/\/tele-mark.dk\/?s={search_term_string}\"},\"query-input\":{\"@type\":\"PropertyValueSpecification\",\"valueRequired\":true,\"valueName\":\"search_term_string\"}}],\"inLanguage\":\"sv-SE\"},{\"@type\":\"Organization\",\"@id\":\"https:\/\/tele-mark.dk\/#organization\",\"name\":\"Tele-Mark A\/S\",\"url\":\"https:\/\/tele-mark.dk\/\",\"logo\":{\"@type\":\"ImageObject\",\"inLanguage\":\"sv-SE\",\"@id\":\"https:\/\/tele-mark.dk\/#\/schema\/logo\/image\/\",\"url\":\"https:\/\/tele-mark.dk\/wp-content\/uploads\/2025\/03\/Nyt-logo.svg\",\"contentUrl\":\"https:\/\/tele-mark.dk\/wp-content\/uploads\/2025\/03\/Nyt-logo.svg\",\"width\":433,\"height\":161,\"caption\":\"Tele-Mark A\/S\"},\"image\":{\"@id\":\"https:\/\/tele-mark.dk\/#\/schema\/logo\/image\/\"}},{\"@type\":\"Person\",\"@id\":\"https:\/\/tele-mark.dk\/#\/schema\/person\/b384f8c60f09de558a20bb8574465698\",\"name\":\"MK@tele-mark.dk\",\"url\":\"https:\/\/tele-mark.dk\/sv\/author\/mktele-mark-dk\/\"}]}<\/script>\n<!-- \/ Yoast SEO plugin. -->","yoast_head_json":{"title":"Tele-Mark A\/S flyttar sin adress. | Tele-Mark A\/S","robots":{"index":"index","follow":"follow","max-snippet":"max-snippet:-1","max-image-preview":"max-image-preview:large","max-video-preview":"max-video-preview:-1"},"canonical":"https:\/\/tele-mark.dk\/sv\/?p=11670","og_locale":"sv_SE","og_type":"article","og_title":"Tele-Mark A\/S flyttar sin adress. | Tele-Mark A\/S","og_description":"Efter 9 riktigt bra \u00e5r p\u00e5 Carl Blochs Gade 37 \u00e4r det nu dags att g\u00e5 vidare f\u00f6r Tele-Mark A\/S. Utrymmet har varit f\u00f6r tr\u00e5ngt i n\u00e5gra \u00e5r nu. Vi ser alla fram emot att \u00f6ppna d\u00f6rrarna till v\u00e5rt nya huvudkontor p\u00e5 S\u00f8ren Frichs Vej 40F i slutet av augusti. Innan vi kan komma dit ... L\u00e4s mer","og_url":"https:\/\/tele-mark.dk\/sv\/?p=11670","og_site_name":"Tele-Mark A\/S","article_published_time":"2016-04-29T05:36:38+00:00","article_modified_time":"2025-09-26T07:13:11+00:00","author":"MK@tele-mark.dk","twitter_card":"summary_large_image","twitter_misc":{"Skriven av":"MK@tele-mark.dk","Ber\u00e4knad l\u00e4stid":"1 minut"},"schema":{"@context":"https:\/\/schema.org","@graph":[{"@type":"Article","@id":"https:\/\/tele-mark.dk\/sv\/?p=11670#article","isPartOf":{"@id":"https:\/\/tele-mark.dk\/sv\/?p=11670"},"author":{"name":"MK@tele-mark.dk","@id":"https:\/\/tele-mark.dk\/#\/schema\/person\/b384f8c60f09de558a20bb8574465698"},"headline":"Tele-Mark A\/S flyttar sin adress.","datePublished":"2016-04-29T05:36:38+00:00","dateModified":"2025-09-26T07:13:11+00:00","mainEntityOfPage":{"@id":"https:\/\/tele-mark.dk\/sv\/?p=11670"},"wordCount":147,"publisher":{"@id":"https:\/\/tele-mark.dk\/#organization"},"articleSection":["Okategoriserad @sv"],"inLanguage":"sv-SE"},{"@type":"WebPage","@id":"https:\/\/tele-mark.dk\/sv\/?p=11670","url":"https:\/\/tele-mark.dk\/sv\/?p=11670","name":"Tele-Mark A\/S flyttar sin adress. | Tele-Mark A\/S","isPartOf":{"@id":"https:\/\/tele-mark.dk\/#website"},"datePublished":"2016-04-29T05:36:38+00:00","dateModified":"2025-09-26T07:13:11+00:00","breadcrumb":{"@id":"https:\/\/tele-mark.dk\/sv\/?p=11670#breadcrumb"},"inLanguage":"sv-SE","potentialAction":[{"@type":"ReadAction","target":["https:\/\/tele-mark.dk\/sv\/?p=11670"]}]},{"@type":"BreadcrumbList","@id":"https:\/\/tele-mark.dk\/sv\/?p=11670#breadcrumb","itemListElement":[{"@type":"ListItem","position":1,"name":"Forside","item":"https:\/\/tele-mark.dk\/sv\/?page_id=10827"},{"@type":"ListItem","position":2,"name":"Tele-Mark A\/S flyttar sin adress."}]},{"@type":"WebSite","@id":"https:\/\/tele-mark.dk\/#website","url":"https:\/\/tele-mark.dk\/","name":"Tele-Mark A\/S","description":"Telemarketingbyr\u00e5 \u200b\u200bf\u00f6r Danmark, Norden, Europa och hela v\u00e4rlden","publisher":{"@id":"https:\/\/tele-mark.dk\/#organization"},"potentialAction":[{"@type":"SearchAction","target":{"@type":"EntryPoint","urlTemplate":"https:\/\/tele-mark.dk\/?s={search_term_string}"},"query-input":{"@type":"PropertyValueSpecification","valueRequired":true,"valueName":"search_term_string"}}],"inLanguage":"sv-SE"},{"@type":"Organization","@id":"https:\/\/tele-mark.dk\/#organization","name":"Tele-Mark A\/S","url":"https:\/\/tele-mark.dk\/","logo":{"@type":"ImageObject","inLanguage":"sv-SE","@id":"https:\/\/tele-mark.dk\/#\/schema\/logo\/image\/","url":"https:\/\/tele-mark.dk\/wp-content\/uploads\/2025\/03\/Nyt-logo.svg","contentUrl":"https:\/\/tele-mark.dk\/wp-content\/uploads\/2025\/03\/Nyt-logo.svg","width":433,"height":161,"caption":"Tele-Mark A\/S"},"image":{"@id":"https:\/\/tele-mark.dk\/#\/schema\/logo\/image\/"}},{"@type":"Person","@id":"https:\/\/tele-mark.dk\/#\/schema\/person\/b384f8c60f09de558a20bb8574465698","name":"MK@tele-mark.dk","url":"https:\/\/tele-mark.dk\/sv\/author\/mktele-mark-dk\/"}]}},"_links":{"self":[{"href":"https:\/\/tele-mark.dk\/sv\/wp-json\/wp\/v2\/posts\/11670","targetHints":{"allow":["GET"]}}],"collection":[{"href":"https:\/\/tele-mark.dk\/sv\/wp-json\/wp\/v2\/posts"}],"about":[{"href":"https:\/\/tele-mark.dk\/sv\/wp-json\/wp\/v2\/types\/post"}],"author":[{"embeddable":true,"href":"https:\/\/tele-mark.dk\/sv\/wp-json\/wp\/v2\/users\/7"}],"replies":[{"embeddable":true,"href":"https:\/\/tele-mark.dk\/sv\/wp-json\/wp\/v2\/comments?post=11670"}],"version-history":[{"count":1,"href":"https:\/\/tele-mark.dk\/sv\/wp-json\/wp\/v2\/posts\/11670\/revisions"}],"predecessor-version":[{"id":11671,"href":"https:\/\/tele-mark.dk\/sv\/wp-json\/wp\/v2\/posts\/11670\/revisions\/11671"}],"wp:attachment":[{"href":"https:\/\/tele-mark.dk\/sv\/wp-json\/wp\/v2\/media?parent=11670"}],"wp:term":[{"taxonomy":"category","embeddable":true,"href":"https:\/\/tele-mark.dk\/sv\/wp-json\/wp\/v2\/categories?post=11670"},{"taxonomy":"post_tag","embeddable":true,"href":"https:\/\/tele-mark.dk\/sv\/wp-json\/wp\/v2\/tags?post=11670"}],"curies":[{"name":"wp","href":"https:\/\/api.w.org\/{rel}","templated":true}]}}