{"id":11613,"date":"2014-05-06T07:55:22","date_gmt":"2014-05-06T05:55:22","guid":{"rendered":"https:\/\/tele-mark.dk\/stort-globalt-foeretag-med-lokala-danska-roetter-startar-3-nya-projekt\/"},"modified":"2025-09-26T09:12:58","modified_gmt":"2025-09-26T07:12:58","slug":"stort-globalt-foeretag-med-lokala-danska-roetter-startar-3-nya-projekt","status":"publish","type":"post","link":"https:\/\/tele-mark.dk\/sv\/stort-globalt-foeretag-med-lokala-danska-roetter-startar-3-nya-projekt\/","title":{"rendered":"Stort globalt f\u00f6retag med lokala danska r\u00f6tter startar 3 nya projekt."},"content":{"rendered":"<p>Efter en lyckad testperiod, d\u00e4r vart tredje f\u00f6retag vi pratade med kunde se relevansen i att tr\u00e4ffa v\u00e5r kund, har nu totalt 3 olika projekt lanserats, riktade mot 3 olika segment. Det m\u00e5ste s\u00e4gas att en m\u00f6tesprocent p\u00e5 den niv\u00e5n \u00e4r extremt h\u00f6g, och l\u00e5ngt ifr\u00e5n vardagen i Tele-Mark A\/S. Den h\u00f6ga andelen beror p\u00e5 flera saker, bland annat fr\u00e4mst att just denna kund har ett bra koncept, ett gott rykte, en stark profil och inte minst n\u00e5gra bra produkter\/tj\u00e4nster. Allt detta talar f\u00f6r att v\u00e4lja en aff\u00e4rspartner \u00e4nnu mer noggrant. F\u00f6r att s\u00e4kerst\u00e4lla kvalitet och seri\u00f6s kommunikation som ligger i linje med de andra parametrarna i f\u00f6retaget.    <\/p>\n<p>Kunden \u00e4r en global koncern med 150 000 anst\u00e4llda v\u00e4rlden \u00f6ver, som erbjuder mycket innovativa l\u00f6sningar inom hissar, hissar och rulltrappor. F\u00f6retaget \u00e4r ett lokalt baserat f\u00f6retag med mer \u00e4n 50 \u00e5rs erfarenhet p\u00e5 den danska marknaden. <\/p>\n<p>Tele-Mark A\/S ser fram emot att forts\u00e4tta bidra till det \u00f6kade marknadsfokus som kunden har etablerat.<\/p>\n<p>Om du har ett starkt varum\u00e4rke och \u00e4r intresserad av att h\u00f6ra hur Tele-Mark A\/S p\u00e5 ett seri\u00f6st och professionellt s\u00e4tt s\u00e4kerst\u00e4ller att v\u00e5r dialog och bearbetning av m\u00e5lgrupper inte belastar ditt varum\u00e4rke och din position, v\u00e4nligen kontakta oss.<\/p>\n<p>Vi har arbetat seri\u00f6st med BTB <a href=\"\/telemarketing\/modebooking\/\">-m\u00f6tesbokning<\/a> i 25 \u00e5r, och s\u00e4rskilt de senaste 10-11 \u00e5ren har vi legat i framkant n\u00e4r det g\u00e4ller att s\u00e4kra v\u00e5ra kunders varum\u00e4rke och position p\u00e5 marknaden. De allra flesta har upplevt att bli kontaktade av en otrevlig och rentav d\u00e5lig s\u00e4ljare\/ <a href=\"https:\/\/tele-mark.dk\/sv\/telemarketing\/moetesbokare\/\">m\u00f6tesbokare<\/a> som varit mer fokuserad p\u00e5 provision \u00e4n att g\u00f6ra en gedigen insats f\u00f6r sin kund. Detta kommer aldrig att bli verkligheten p\u00e5 Tele-Mark A\/S. Hellre ett m\u00f6te mindre \u00e4n att ge mottagarna d\u00e5liga upplevelser \u2013 \u00e4r v\u00e5r \u00e4rliga \u00e5sikt.   <\/p>\n<p><strong>L\u00e4s mer om:<\/strong><\/p>\n<ul>\n<li><a title=\"M\u00f6tesbokning\" href=\"\/telemarketing\/modebooking\/\">M\u00f6tesbokning<\/a><\/li>\n<li><a title=\"Telemarketing\" href=\"https:\/\/tele-mark.dk\/sv\/telemarketing\/\">Telemarketing<\/a><\/li>\n<li><a title=\"M\u00f6tesbokare\" href=\"https:\/\/tele-mark.dk\/sv\/telemarketing\/moetesbokare\/\">M\u00f6tesbokare<\/a><\/li>\n<\/ul>\n<div class=\"fb-share-button\" data-layout=\"button\"><\/div>\n","protected":false},"excerpt":{"rendered":"<p>Efter en lyckad testperiod, d\u00e4r vart tredje f\u00f6retag vi pratade med kunde se relevansen i att tr\u00e4ffa v\u00e5r kund, har nu totalt 3 olika projekt lanserats, riktade mot 3 olika segment. Det m\u00e5ste s\u00e4gas att en m\u00f6tesprocent p\u00e5 den niv\u00e5n \u00e4r extremt h\u00f6g, och l\u00e5ngt ifr\u00e5n vardagen i Tele-Mark A\/S. Den h\u00f6ga andelen beror p\u00e5 &#8230; <a title=\"Stort globalt f\u00f6retag med lokala danska r\u00f6tter startar 3 nya projekt.\" class=\"read-more\" href=\"https:\/\/tele-mark.dk\/sv\/stort-globalt-foeretag-med-lokala-danska-roetter-startar-3-nya-projekt\/\" aria-label=\"L\u00e4s mer om Stort globalt f\u00f6retag med lokala danska r\u00f6tter startar 3 nya projekt.\">L\u00e4s mer<\/a><\/p>\n","protected":false},"author":7,"featured_media":0,"comment_status":"closed","ping_status":"closed","sticky":false,"template":"","format":"standard","meta":{"_acf_changed":false,"footnotes":""},"categories":[90],"tags":[],"class_list":["post-11613","post","type-post","status-publish","format-standard","hentry","category-okategoriserad-sv"],"acf":[],"yoast_head":"<!-- This site is optimized with the Yoast SEO plugin v26.8 - https:\/\/yoast.com\/product\/yoast-seo-wordpress\/ -->\n<title>Stort globalt f\u00f6retag med lokala danska r\u00f6tter startar 3 nya projekt. | Tele-Mark A\/S<\/title>\n<meta name=\"robots\" content=\"index, follow, max-snippet:-1, max-image-preview:large, max-video-preview:-1\" \/>\n<link rel=\"canonical\" href=\"https:\/\/tele-mark.dk\/sv\/?p=11613\" \/>\n<meta property=\"og:locale\" content=\"sv_SE\" \/>\n<meta property=\"og:type\" content=\"article\" \/>\n<meta property=\"og:title\" content=\"Stort globalt f\u00f6retag med lokala danska r\u00f6tter startar 3 nya projekt. | Tele-Mark A\/S\" \/>\n<meta property=\"og:description\" content=\"Efter en lyckad testperiod, d\u00e4r vart tredje f\u00f6retag vi pratade med kunde se relevansen i att tr\u00e4ffa v\u00e5r kund, har nu totalt 3 olika projekt lanserats, riktade mot 3 olika segment. Det m\u00e5ste s\u00e4gas att en m\u00f6tesprocent p\u00e5 den niv\u00e5n \u00e4r extremt h\u00f6g, och l\u00e5ngt ifr\u00e5n vardagen i Tele-Mark A\/S. Den h\u00f6ga andelen beror p\u00e5 ... L\u00e4s mer\" \/>\n<meta property=\"og:url\" content=\"https:\/\/tele-mark.dk\/sv\/?p=11613\" \/>\n<meta property=\"og:site_name\" content=\"Tele-Mark A\/S\" \/>\n<meta property=\"article:published_time\" content=\"2014-05-06T05:55:22+00:00\" \/>\n<meta property=\"article:modified_time\" content=\"2025-09-26T07:12:58+00:00\" \/>\n<meta name=\"author\" content=\"MK@tele-mark.dk\" \/>\n<meta name=\"twitter:card\" content=\"summary_large_image\" \/>\n<meta name=\"twitter:label1\" content=\"Skriven av\" \/>\n\t<meta name=\"twitter:data1\" content=\"MK@tele-mark.dk\" \/>\n\t<meta name=\"twitter:label2\" content=\"Ber\u00e4knad l\u00e4stid\" \/>\n\t<meta name=\"twitter:data2\" content=\"2 minuter\" \/>\n<script type=\"application\/ld+json\" class=\"yoast-schema-graph\">{\"@context\":\"https:\/\/schema.org\",\"@graph\":[{\"@type\":\"Article\",\"@id\":\"https:\/\/tele-mark.dk\/sv\/?p=11613#article\",\"isPartOf\":{\"@id\":\"https:\/\/tele-mark.dk\/sv\/?p=11613\"},\"author\":{\"name\":\"MK@tele-mark.dk\",\"@id\":\"https:\/\/tele-mark.dk\/#\/schema\/person\/b384f8c60f09de558a20bb8574465698\"},\"headline\":\"Stort globalt f\u00f6retag med lokala danska r\u00f6tter startar 3 nya projekt.\",\"datePublished\":\"2014-05-06T05:55:22+00:00\",\"dateModified\":\"2025-09-26T07:12:58+00:00\",\"mainEntityOfPage\":{\"@id\":\"https:\/\/tele-mark.dk\/sv\/?p=11613\"},\"wordCount\":362,\"publisher\":{\"@id\":\"https:\/\/tele-mark.dk\/#organization\"},\"articleSection\":[\"Okategoriserad @sv\"],\"inLanguage\":\"sv-SE\"},{\"@type\":\"WebPage\",\"@id\":\"https:\/\/tele-mark.dk\/sv\/?p=11613\",\"url\":\"https:\/\/tele-mark.dk\/sv\/?p=11613\",\"name\":\"Stort globalt f\u00f6retag med lokala danska r\u00f6tter startar 3 nya projekt. | Tele-Mark A\/S\",\"isPartOf\":{\"@id\":\"https:\/\/tele-mark.dk\/#website\"},\"datePublished\":\"2014-05-06T05:55:22+00:00\",\"dateModified\":\"2025-09-26T07:12:58+00:00\",\"breadcrumb\":{\"@id\":\"https:\/\/tele-mark.dk\/sv\/?p=11613#breadcrumb\"},\"inLanguage\":\"sv-SE\",\"potentialAction\":[{\"@type\":\"ReadAction\",\"target\":[\"https:\/\/tele-mark.dk\/sv\/?p=11613\"]}]},{\"@type\":\"BreadcrumbList\",\"@id\":\"https:\/\/tele-mark.dk\/sv\/?p=11613#breadcrumb\",\"itemListElement\":[{\"@type\":\"ListItem\",\"position\":1,\"name\":\"Forside\",\"item\":\"https:\/\/tele-mark.dk\/sv\/?page_id=10827\"},{\"@type\":\"ListItem\",\"position\":2,\"name\":\"Stort globalt f\u00f6retag med lokala danska r\u00f6tter startar 3 nya projekt.\"}]},{\"@type\":\"WebSite\",\"@id\":\"https:\/\/tele-mark.dk\/#website\",\"url\":\"https:\/\/tele-mark.dk\/\",\"name\":\"Tele-Mark A\/S\",\"description\":\"Telemarketingbyr\u00e5 \u200b\u200bf\u00f6r Danmark, Norden, Europa och hela v\u00e4rlden\",\"publisher\":{\"@id\":\"https:\/\/tele-mark.dk\/#organization\"},\"potentialAction\":[{\"@type\":\"SearchAction\",\"target\":{\"@type\":\"EntryPoint\",\"urlTemplate\":\"https:\/\/tele-mark.dk\/?s={search_term_string}\"},\"query-input\":{\"@type\":\"PropertyValueSpecification\",\"valueRequired\":true,\"valueName\":\"search_term_string\"}}],\"inLanguage\":\"sv-SE\"},{\"@type\":\"Organization\",\"@id\":\"https:\/\/tele-mark.dk\/#organization\",\"name\":\"Tele-Mark A\/S\",\"url\":\"https:\/\/tele-mark.dk\/\",\"logo\":{\"@type\":\"ImageObject\",\"inLanguage\":\"sv-SE\",\"@id\":\"https:\/\/tele-mark.dk\/#\/schema\/logo\/image\/\",\"url\":\"https:\/\/tele-mark.dk\/wp-content\/uploads\/2025\/03\/Nyt-logo.svg\",\"contentUrl\":\"https:\/\/tele-mark.dk\/wp-content\/uploads\/2025\/03\/Nyt-logo.svg\",\"width\":433,\"height\":161,\"caption\":\"Tele-Mark A\/S\"},\"image\":{\"@id\":\"https:\/\/tele-mark.dk\/#\/schema\/logo\/image\/\"}},{\"@type\":\"Person\",\"@id\":\"https:\/\/tele-mark.dk\/#\/schema\/person\/b384f8c60f09de558a20bb8574465698\",\"name\":\"MK@tele-mark.dk\",\"url\":\"https:\/\/tele-mark.dk\/sv\/author\/mktele-mark-dk\/\"}]}<\/script>\n<!-- \/ Yoast SEO plugin. -->","yoast_head_json":{"title":"Stort globalt f\u00f6retag med lokala danska r\u00f6tter startar 3 nya projekt. | Tele-Mark A\/S","robots":{"index":"index","follow":"follow","max-snippet":"max-snippet:-1","max-image-preview":"max-image-preview:large","max-video-preview":"max-video-preview:-1"},"canonical":"https:\/\/tele-mark.dk\/sv\/?p=11613","og_locale":"sv_SE","og_type":"article","og_title":"Stort globalt f\u00f6retag med lokala danska r\u00f6tter startar 3 nya projekt. | Tele-Mark A\/S","og_description":"Efter en lyckad testperiod, d\u00e4r vart tredje f\u00f6retag vi pratade med kunde se relevansen i att tr\u00e4ffa v\u00e5r kund, har nu totalt 3 olika projekt lanserats, riktade mot 3 olika segment. Det m\u00e5ste s\u00e4gas att en m\u00f6tesprocent p\u00e5 den niv\u00e5n \u00e4r extremt h\u00f6g, och l\u00e5ngt ifr\u00e5n vardagen i Tele-Mark A\/S. Den h\u00f6ga andelen beror p\u00e5 ... L\u00e4s mer","og_url":"https:\/\/tele-mark.dk\/sv\/?p=11613","og_site_name":"Tele-Mark A\/S","article_published_time":"2014-05-06T05:55:22+00:00","article_modified_time":"2025-09-26T07:12:58+00:00","author":"MK@tele-mark.dk","twitter_card":"summary_large_image","twitter_misc":{"Skriven av":"MK@tele-mark.dk","Ber\u00e4knad l\u00e4stid":"2 minuter"},"schema":{"@context":"https:\/\/schema.org","@graph":[{"@type":"Article","@id":"https:\/\/tele-mark.dk\/sv\/?p=11613#article","isPartOf":{"@id":"https:\/\/tele-mark.dk\/sv\/?p=11613"},"author":{"name":"MK@tele-mark.dk","@id":"https:\/\/tele-mark.dk\/#\/schema\/person\/b384f8c60f09de558a20bb8574465698"},"headline":"Stort globalt f\u00f6retag med lokala danska r\u00f6tter startar 3 nya projekt.","datePublished":"2014-05-06T05:55:22+00:00","dateModified":"2025-09-26T07:12:58+00:00","mainEntityOfPage":{"@id":"https:\/\/tele-mark.dk\/sv\/?p=11613"},"wordCount":362,"publisher":{"@id":"https:\/\/tele-mark.dk\/#organization"},"articleSection":["Okategoriserad @sv"],"inLanguage":"sv-SE"},{"@type":"WebPage","@id":"https:\/\/tele-mark.dk\/sv\/?p=11613","url":"https:\/\/tele-mark.dk\/sv\/?p=11613","name":"Stort globalt f\u00f6retag med lokala danska r\u00f6tter startar 3 nya projekt. | Tele-Mark A\/S","isPartOf":{"@id":"https:\/\/tele-mark.dk\/#website"},"datePublished":"2014-05-06T05:55:22+00:00","dateModified":"2025-09-26T07:12:58+00:00","breadcrumb":{"@id":"https:\/\/tele-mark.dk\/sv\/?p=11613#breadcrumb"},"inLanguage":"sv-SE","potentialAction":[{"@type":"ReadAction","target":["https:\/\/tele-mark.dk\/sv\/?p=11613"]}]},{"@type":"BreadcrumbList","@id":"https:\/\/tele-mark.dk\/sv\/?p=11613#breadcrumb","itemListElement":[{"@type":"ListItem","position":1,"name":"Forside","item":"https:\/\/tele-mark.dk\/sv\/?page_id=10827"},{"@type":"ListItem","position":2,"name":"Stort globalt f\u00f6retag med lokala danska r\u00f6tter startar 3 nya projekt."}]},{"@type":"WebSite","@id":"https:\/\/tele-mark.dk\/#website","url":"https:\/\/tele-mark.dk\/","name":"Tele-Mark A\/S","description":"Telemarketingbyr\u00e5 \u200b\u200bf\u00f6r Danmark, Norden, Europa och hela v\u00e4rlden","publisher":{"@id":"https:\/\/tele-mark.dk\/#organization"},"potentialAction":[{"@type":"SearchAction","target":{"@type":"EntryPoint","urlTemplate":"https:\/\/tele-mark.dk\/?s={search_term_string}"},"query-input":{"@type":"PropertyValueSpecification","valueRequired":true,"valueName":"search_term_string"}}],"inLanguage":"sv-SE"},{"@type":"Organization","@id":"https:\/\/tele-mark.dk\/#organization","name":"Tele-Mark A\/S","url":"https:\/\/tele-mark.dk\/","logo":{"@type":"ImageObject","inLanguage":"sv-SE","@id":"https:\/\/tele-mark.dk\/#\/schema\/logo\/image\/","url":"https:\/\/tele-mark.dk\/wp-content\/uploads\/2025\/03\/Nyt-logo.svg","contentUrl":"https:\/\/tele-mark.dk\/wp-content\/uploads\/2025\/03\/Nyt-logo.svg","width":433,"height":161,"caption":"Tele-Mark A\/S"},"image":{"@id":"https:\/\/tele-mark.dk\/#\/schema\/logo\/image\/"}},{"@type":"Person","@id":"https:\/\/tele-mark.dk\/#\/schema\/person\/b384f8c60f09de558a20bb8574465698","name":"MK@tele-mark.dk","url":"https:\/\/tele-mark.dk\/sv\/author\/mktele-mark-dk\/"}]}},"_links":{"self":[{"href":"https:\/\/tele-mark.dk\/sv\/wp-json\/wp\/v2\/posts\/11613","targetHints":{"allow":["GET"]}}],"collection":[{"href":"https:\/\/tele-mark.dk\/sv\/wp-json\/wp\/v2\/posts"}],"about":[{"href":"https:\/\/tele-mark.dk\/sv\/wp-json\/wp\/v2\/types\/post"}],"author":[{"embeddable":true,"href":"https:\/\/tele-mark.dk\/sv\/wp-json\/wp\/v2\/users\/7"}],"replies":[{"embeddable":true,"href":"https:\/\/tele-mark.dk\/sv\/wp-json\/wp\/v2\/comments?post=11613"}],"version-history":[{"count":1,"href":"https:\/\/tele-mark.dk\/sv\/wp-json\/wp\/v2\/posts\/11613\/revisions"}],"predecessor-version":[{"id":11615,"href":"https:\/\/tele-mark.dk\/sv\/wp-json\/wp\/v2\/posts\/11613\/revisions\/11615"}],"wp:attachment":[{"href":"https:\/\/tele-mark.dk\/sv\/wp-json\/wp\/v2\/media?parent=11613"}],"wp:term":[{"taxonomy":"category","embeddable":true,"href":"https:\/\/tele-mark.dk\/sv\/wp-json\/wp\/v2\/categories?post=11613"},{"taxonomy":"post_tag","embeddable":true,"href":"https:\/\/tele-mark.dk\/sv\/wp-json\/wp\/v2\/tags?post=11613"}],"curies":[{"name":"wp","href":"https:\/\/api.w.org\/{rel}","templated":true}]}}