{"id":11528,"date":"2019-04-30T10:35:55","date_gmt":"2019-04-30T08:35:55","guid":{"rendered":"https:\/\/tele-mark.dk\/boligcare-uppskattar-caroline-och-tele-mark-a-s\/"},"modified":"2025-09-26T09:12:14","modified_gmt":"2025-09-26T07:12:14","slug":"boligcare-uppskattar-caroline-och-tele-mark-a-s","status":"publish","type":"post","link":"https:\/\/tele-mark.dk\/sv\/boligcare-uppskattar-caroline-och-tele-mark-a-s\/","title":{"rendered":"Boligcare uppskattar Caroline och Tele-Mark A\/S."},"content":{"rendered":"<p>Ig\u00e5r hade vi bes\u00f6k av Carsten, \u00e4garen till Boligcare (www.boligcare.dk). Syftet med bes\u00f6ket var att lansera ytterligare ett projekt. Tanken \u00e4r att projektet ska l\u00f6pa parallellt med det projekt vi lanserade i mitten av mars.  <\/p>\n<p>Carsten passade p\u00e5 att tacka Tele-Mark A\/S och s\u00e4rskilt Caroline f\u00f6r insatserna och resultaten hittills. Han gav en kort status \u00f6ver samarbetet; Av de 12 m\u00f6ten som hittills bokats har alla h\u00e5llits. Dessutom har Carsten redan tecknat avtal med 6 av f\u00f6retagen. En avslutningsgrad p\u00e5 50 % av de bokade bes\u00f6ken kommer f\u00f6rmodligen att betraktas som en succ\u00e9 av de flesta, \u00e5tminstone har det \u00f6vertr\u00e4ffat de f\u00f6rv\u00e4ntningar Carsten hade n\u00e4r han ingick samarbetet med oss, s\u00e4ger han.   <\/p>\n<p>Carsten rekommenderades av en kund fr\u00e5n Vejle, som Tele-Mark A\/S har betj\u00e4nat sedan 2004.<\/p>\n<p>Du kan l\u00e4sa mer om boligcare p\u00e5 boligcare.dk. Om du vill h\u00f6ra mer om samarbetet \u00e4r du v\u00e4lkommen att kontakta Tele-Mark A\/S p\u00e5 70237238 eller info@tele-mark.dk. <\/p>\n<p>Carsten har erbjudit sig att vara referenskund f\u00f6r Tele-Mark A\/S. Vi \u00e4lskar det helt enkelt n\u00e4r v\u00e5ra kunder g\u00f6r bra aff\u00e4rer! <\/p>\n<figure class=\"aligncenter\"><img fetchpriority=\"high\" decoding=\"async\" class=\"alignnone size-medium wp-image-651\" src=\"https:\/\/tele-mark.dk\/wp-content\/uploads\/2019\/04\/Boligcare-262x500.jpg\" alt=\"M\u00f6tesbokning f\u00f6r boende\" width=\"262\" height=\"500\" srcset=\"https:\/\/tele-mark.dk\/wp-content\/uploads\/2019\/04\/Boligcare-262x500.jpg 262w, https:\/\/tele-mark.dk\/wp-content\/uploads\/2019\/04\/Boligcare-523x1000.jpg 523w, https:\/\/tele-mark.dk\/wp-content\/uploads\/2019\/04\/Boligcare-768x1467.jpg 768w, https:\/\/tele-mark.dk\/wp-content\/uploads\/2019\/04\/Boligcare-804x1536.jpg 804w, https:\/\/tele-mark.dk\/wp-content\/uploads\/2019\/04\/Boligcare-scaled.jpg 1072w\" sizes=\"(max-width: 262px) 100vw, 262px\" \/><\/figure>\n","protected":false},"excerpt":{"rendered":"<p>Ig\u00e5r hade vi bes\u00f6k av Carsten, \u00e4garen till Boligcare (www.boligcare.dk). Syftet med bes\u00f6ket var att lansera ytterligare ett projekt. Tanken \u00e4r att projektet ska l\u00f6pa parallellt med det projekt vi lanserade i mitten av mars. Carsten passade p\u00e5 att tacka Tele-Mark A\/S och s\u00e4rskilt Caroline f\u00f6r insatserna och resultaten hittills. Han gav en kort status &#8230; <a title=\"Boligcare uppskattar Caroline och Tele-Mark A\/S.\" class=\"read-more\" href=\"https:\/\/tele-mark.dk\/sv\/boligcare-uppskattar-caroline-och-tele-mark-a-s\/\" aria-label=\"L\u00e4s mer om Boligcare uppskattar Caroline och Tele-Mark A\/S.\">L\u00e4s mer<\/a><\/p>\n","protected":false},"author":1,"featured_media":11236,"comment_status":"closed","ping_status":"closed","sticky":false,"template":"","format":"standard","meta":{"_acf_changed":false,"footnotes":""},"categories":[90],"tags":[],"class_list":["post-11528","post","type-post","status-publish","format-standard","has-post-thumbnail","hentry","category-okategoriserad-sv"],"acf":[],"yoast_head":"<!-- This site is optimized with the Yoast SEO plugin v26.8 - https:\/\/yoast.com\/product\/yoast-seo-wordpress\/ -->\n<title>Boligcare uppskattar Caroline och Tele-Mark A\/S. | Tele-Mark A\/S<\/title>\n<meta name=\"robots\" content=\"index, follow, max-snippet:-1, max-image-preview:large, max-video-preview:-1\" \/>\n<link rel=\"canonical\" href=\"https:\/\/tele-mark.dk\/sv\/?p=11528\" \/>\n<meta property=\"og:locale\" content=\"sv_SE\" \/>\n<meta property=\"og:type\" content=\"article\" \/>\n<meta property=\"og:title\" content=\"Boligcare uppskattar Caroline och Tele-Mark A\/S. | Tele-Mark A\/S\" \/>\n<meta property=\"og:description\" content=\"Ig\u00e5r hade vi bes\u00f6k av Carsten, \u00e4garen till Boligcare (www.boligcare.dk). Syftet med bes\u00f6ket var att lansera ytterligare ett projekt. Tanken \u00e4r att projektet ska l\u00f6pa parallellt med det projekt vi lanserade i mitten av mars. Carsten passade p\u00e5 att tacka Tele-Mark A\/S och s\u00e4rskilt Caroline f\u00f6r insatserna och resultaten hittills. Han gav en kort status ... L\u00e4s mer\" \/>\n<meta property=\"og:url\" content=\"https:\/\/tele-mark.dk\/sv\/?p=11528\" \/>\n<meta property=\"og:site_name\" content=\"Tele-Mark A\/S\" \/>\n<meta property=\"article:published_time\" content=\"2019-04-30T08:35:55+00:00\" \/>\n<meta property=\"article:modified_time\" content=\"2025-09-26T07:12:14+00:00\" \/>\n<meta property=\"og:image\" content=\"https:\/\/tele-mark.dk\/wp-content\/uploads\/2019\/04\/Boligcare-scaled.jpg\" \/>\n\t<meta property=\"og:image:width\" content=\"1072\" \/>\n\t<meta property=\"og:image:height\" content=\"2048\" \/>\n\t<meta property=\"og:image:type\" content=\"image\/jpeg\" \/>\n<meta name=\"author\" content=\"author\" \/>\n<meta name=\"twitter:card\" content=\"summary_large_image\" \/>\n<meta name=\"twitter:label1\" content=\"Skriven av\" \/>\n\t<meta name=\"twitter:data1\" content=\"author\" \/>\n\t<meta name=\"twitter:label2\" content=\"Ber\u00e4knad l\u00e4stid\" \/>\n\t<meta name=\"twitter:data2\" content=\"1 minut\" \/>\n<script type=\"application\/ld+json\" class=\"yoast-schema-graph\">{\"@context\":\"https:\/\/schema.org\",\"@graph\":[{\"@type\":\"Article\",\"@id\":\"https:\/\/tele-mark.dk\/sv\/?p=11528#article\",\"isPartOf\":{\"@id\":\"https:\/\/tele-mark.dk\/sv\/?p=11528\"},\"author\":{\"name\":\"author\",\"@id\":\"https:\/\/tele-mark.dk\/#\/schema\/person\/08dfec8274125355cc314880fdefb374\"},\"headline\":\"Boligcare uppskattar Caroline och Tele-Mark A\/S.\",\"datePublished\":\"2019-04-30T08:35:55+00:00\",\"dateModified\":\"2025-09-26T07:12:14+00:00\",\"mainEntityOfPage\":{\"@id\":\"https:\/\/tele-mark.dk\/sv\/?p=11528\"},\"wordCount\":209,\"publisher\":{\"@id\":\"https:\/\/tele-mark.dk\/#organization\"},\"image\":{\"@id\":\"https:\/\/tele-mark.dk\/sv\/?p=11528#primaryimage\"},\"thumbnailUrl\":\"https:\/\/tele-mark.dk\/wp-content\/uploads\/2019\/04\/Boligcare-scaled.jpg\",\"articleSection\":[\"Okategoriserad @sv\"],\"inLanguage\":\"sv-SE\"},{\"@type\":\"WebPage\",\"@id\":\"https:\/\/tele-mark.dk\/sv\/?p=11528\",\"url\":\"https:\/\/tele-mark.dk\/sv\/?p=11528\",\"name\":\"Boligcare uppskattar Caroline och Tele-Mark A\/S. | Tele-Mark A\/S\",\"isPartOf\":{\"@id\":\"https:\/\/tele-mark.dk\/#website\"},\"primaryImageOfPage\":{\"@id\":\"https:\/\/tele-mark.dk\/sv\/?p=11528#primaryimage\"},\"image\":{\"@id\":\"https:\/\/tele-mark.dk\/sv\/?p=11528#primaryimage\"},\"thumbnailUrl\":\"https:\/\/tele-mark.dk\/wp-content\/uploads\/2019\/04\/Boligcare-scaled.jpg\",\"datePublished\":\"2019-04-30T08:35:55+00:00\",\"dateModified\":\"2025-09-26T07:12:14+00:00\",\"breadcrumb\":{\"@id\":\"https:\/\/tele-mark.dk\/sv\/?p=11528#breadcrumb\"},\"inLanguage\":\"sv-SE\",\"potentialAction\":[{\"@type\":\"ReadAction\",\"target\":[\"https:\/\/tele-mark.dk\/sv\/?p=11528\"]}]},{\"@type\":\"ImageObject\",\"inLanguage\":\"sv-SE\",\"@id\":\"https:\/\/tele-mark.dk\/sv\/?p=11528#primaryimage\",\"url\":\"https:\/\/tele-mark.dk\/wp-content\/uploads\/2019\/04\/Boligcare-scaled.jpg\",\"contentUrl\":\"https:\/\/tele-mark.dk\/wp-content\/uploads\/2019\/04\/Boligcare-scaled.jpg\",\"width\":1072,\"height\":2048},{\"@type\":\"BreadcrumbList\",\"@id\":\"https:\/\/tele-mark.dk\/sv\/?p=11528#breadcrumb\",\"itemListElement\":[{\"@type\":\"ListItem\",\"position\":1,\"name\":\"Forside\",\"item\":\"https:\/\/tele-mark.dk\/sv\/?page_id=10827\"},{\"@type\":\"ListItem\",\"position\":2,\"name\":\"Boligcare uppskattar Caroline och Tele-Mark A\/S.\"}]},{\"@type\":\"WebSite\",\"@id\":\"https:\/\/tele-mark.dk\/#website\",\"url\":\"https:\/\/tele-mark.dk\/\",\"name\":\"Tele-Mark A\/S\",\"description\":\"Telemarketingbyr\u00e5 \u200b\u200bf\u00f6r Danmark, Norden, Europa och hela v\u00e4rlden\",\"publisher\":{\"@id\":\"https:\/\/tele-mark.dk\/#organization\"},\"potentialAction\":[{\"@type\":\"SearchAction\",\"target\":{\"@type\":\"EntryPoint\",\"urlTemplate\":\"https:\/\/tele-mark.dk\/?s={search_term_string}\"},\"query-input\":{\"@type\":\"PropertyValueSpecification\",\"valueRequired\":true,\"valueName\":\"search_term_string\"}}],\"inLanguage\":\"sv-SE\"},{\"@type\":\"Organization\",\"@id\":\"https:\/\/tele-mark.dk\/#organization\",\"name\":\"Tele-Mark A\/S\",\"url\":\"https:\/\/tele-mark.dk\/\",\"logo\":{\"@type\":\"ImageObject\",\"inLanguage\":\"sv-SE\",\"@id\":\"https:\/\/tele-mark.dk\/#\/schema\/logo\/image\/\",\"url\":\"https:\/\/tele-mark.dk\/wp-content\/uploads\/2025\/03\/Nyt-logo.svg\",\"contentUrl\":\"https:\/\/tele-mark.dk\/wp-content\/uploads\/2025\/03\/Nyt-logo.svg\",\"width\":433,\"height\":161,\"caption\":\"Tele-Mark A\/S\"},\"image\":{\"@id\":\"https:\/\/tele-mark.dk\/#\/schema\/logo\/image\/\"}},{\"@type\":\"Person\",\"@id\":\"https:\/\/tele-mark.dk\/#\/schema\/person\/08dfec8274125355cc314880fdefb374\",\"name\":\"author\",\"url\":\"https:\/\/tele-mark.dk\/sv\/author\/author\/\"}]}<\/script>\n<!-- \/ Yoast SEO plugin. -->","yoast_head_json":{"title":"Boligcare uppskattar Caroline och Tele-Mark A\/S. | Tele-Mark A\/S","robots":{"index":"index","follow":"follow","max-snippet":"max-snippet:-1","max-image-preview":"max-image-preview:large","max-video-preview":"max-video-preview:-1"},"canonical":"https:\/\/tele-mark.dk\/sv\/?p=11528","og_locale":"sv_SE","og_type":"article","og_title":"Boligcare uppskattar Caroline och Tele-Mark A\/S. | Tele-Mark A\/S","og_description":"Ig\u00e5r hade vi bes\u00f6k av Carsten, \u00e4garen till Boligcare (www.boligcare.dk). Syftet med bes\u00f6ket var att lansera ytterligare ett projekt. Tanken \u00e4r att projektet ska l\u00f6pa parallellt med det projekt vi lanserade i mitten av mars. Carsten passade p\u00e5 att tacka Tele-Mark A\/S och s\u00e4rskilt Caroline f\u00f6r insatserna och resultaten hittills. Han gav en kort status ... L\u00e4s mer","og_url":"https:\/\/tele-mark.dk\/sv\/?p=11528","og_site_name":"Tele-Mark A\/S","article_published_time":"2019-04-30T08:35:55+00:00","article_modified_time":"2025-09-26T07:12:14+00:00","og_image":[{"width":1072,"height":2048,"url":"https:\/\/tele-mark.dk\/wp-content\/uploads\/2019\/04\/Boligcare-scaled.jpg","type":"image\/jpeg"}],"author":"author","twitter_card":"summary_large_image","twitter_misc":{"Skriven av":"author","Ber\u00e4knad l\u00e4stid":"1 minut"},"schema":{"@context":"https:\/\/schema.org","@graph":[{"@type":"Article","@id":"https:\/\/tele-mark.dk\/sv\/?p=11528#article","isPartOf":{"@id":"https:\/\/tele-mark.dk\/sv\/?p=11528"},"author":{"name":"author","@id":"https:\/\/tele-mark.dk\/#\/schema\/person\/08dfec8274125355cc314880fdefb374"},"headline":"Boligcare uppskattar Caroline och Tele-Mark A\/S.","datePublished":"2019-04-30T08:35:55+00:00","dateModified":"2025-09-26T07:12:14+00:00","mainEntityOfPage":{"@id":"https:\/\/tele-mark.dk\/sv\/?p=11528"},"wordCount":209,"publisher":{"@id":"https:\/\/tele-mark.dk\/#organization"},"image":{"@id":"https:\/\/tele-mark.dk\/sv\/?p=11528#primaryimage"},"thumbnailUrl":"https:\/\/tele-mark.dk\/wp-content\/uploads\/2019\/04\/Boligcare-scaled.jpg","articleSection":["Okategoriserad @sv"],"inLanguage":"sv-SE"},{"@type":"WebPage","@id":"https:\/\/tele-mark.dk\/sv\/?p=11528","url":"https:\/\/tele-mark.dk\/sv\/?p=11528","name":"Boligcare uppskattar Caroline och Tele-Mark A\/S. | Tele-Mark A\/S","isPartOf":{"@id":"https:\/\/tele-mark.dk\/#website"},"primaryImageOfPage":{"@id":"https:\/\/tele-mark.dk\/sv\/?p=11528#primaryimage"},"image":{"@id":"https:\/\/tele-mark.dk\/sv\/?p=11528#primaryimage"},"thumbnailUrl":"https:\/\/tele-mark.dk\/wp-content\/uploads\/2019\/04\/Boligcare-scaled.jpg","datePublished":"2019-04-30T08:35:55+00:00","dateModified":"2025-09-26T07:12:14+00:00","breadcrumb":{"@id":"https:\/\/tele-mark.dk\/sv\/?p=11528#breadcrumb"},"inLanguage":"sv-SE","potentialAction":[{"@type":"ReadAction","target":["https:\/\/tele-mark.dk\/sv\/?p=11528"]}]},{"@type":"ImageObject","inLanguage":"sv-SE","@id":"https:\/\/tele-mark.dk\/sv\/?p=11528#primaryimage","url":"https:\/\/tele-mark.dk\/wp-content\/uploads\/2019\/04\/Boligcare-scaled.jpg","contentUrl":"https:\/\/tele-mark.dk\/wp-content\/uploads\/2019\/04\/Boligcare-scaled.jpg","width":1072,"height":2048},{"@type":"BreadcrumbList","@id":"https:\/\/tele-mark.dk\/sv\/?p=11528#breadcrumb","itemListElement":[{"@type":"ListItem","position":1,"name":"Forside","item":"https:\/\/tele-mark.dk\/sv\/?page_id=10827"},{"@type":"ListItem","position":2,"name":"Boligcare uppskattar Caroline och Tele-Mark A\/S."}]},{"@type":"WebSite","@id":"https:\/\/tele-mark.dk\/#website","url":"https:\/\/tele-mark.dk\/","name":"Tele-Mark A\/S","description":"Telemarketingbyr\u00e5 \u200b\u200bf\u00f6r Danmark, Norden, Europa och hela v\u00e4rlden","publisher":{"@id":"https:\/\/tele-mark.dk\/#organization"},"potentialAction":[{"@type":"SearchAction","target":{"@type":"EntryPoint","urlTemplate":"https:\/\/tele-mark.dk\/?s={search_term_string}"},"query-input":{"@type":"PropertyValueSpecification","valueRequired":true,"valueName":"search_term_string"}}],"inLanguage":"sv-SE"},{"@type":"Organization","@id":"https:\/\/tele-mark.dk\/#organization","name":"Tele-Mark A\/S","url":"https:\/\/tele-mark.dk\/","logo":{"@type":"ImageObject","inLanguage":"sv-SE","@id":"https:\/\/tele-mark.dk\/#\/schema\/logo\/image\/","url":"https:\/\/tele-mark.dk\/wp-content\/uploads\/2025\/03\/Nyt-logo.svg","contentUrl":"https:\/\/tele-mark.dk\/wp-content\/uploads\/2025\/03\/Nyt-logo.svg","width":433,"height":161,"caption":"Tele-Mark A\/S"},"image":{"@id":"https:\/\/tele-mark.dk\/#\/schema\/logo\/image\/"}},{"@type":"Person","@id":"https:\/\/tele-mark.dk\/#\/schema\/person\/08dfec8274125355cc314880fdefb374","name":"author","url":"https:\/\/tele-mark.dk\/sv\/author\/author\/"}]}},"_links":{"self":[{"href":"https:\/\/tele-mark.dk\/sv\/wp-json\/wp\/v2\/posts\/11528","targetHints":{"allow":["GET"]}}],"collection":[{"href":"https:\/\/tele-mark.dk\/sv\/wp-json\/wp\/v2\/posts"}],"about":[{"href":"https:\/\/tele-mark.dk\/sv\/wp-json\/wp\/v2\/types\/post"}],"author":[{"embeddable":true,"href":"https:\/\/tele-mark.dk\/sv\/wp-json\/wp\/v2\/users\/1"}],"replies":[{"embeddable":true,"href":"https:\/\/tele-mark.dk\/sv\/wp-json\/wp\/v2\/comments?post=11528"}],"version-history":[{"count":1,"href":"https:\/\/tele-mark.dk\/sv\/wp-json\/wp\/v2\/posts\/11528\/revisions"}],"predecessor-version":[{"id":11530,"href":"https:\/\/tele-mark.dk\/sv\/wp-json\/wp\/v2\/posts\/11528\/revisions\/11530"}],"wp:featuredmedia":[{"embeddable":true,"href":"https:\/\/tele-mark.dk\/sv\/wp-json\/wp\/v2\/media\/11236"}],"wp:attachment":[{"href":"https:\/\/tele-mark.dk\/sv\/wp-json\/wp\/v2\/media?parent=11528"}],"wp:term":[{"taxonomy":"category","embeddable":true,"href":"https:\/\/tele-mark.dk\/sv\/wp-json\/wp\/v2\/categories?post=11528"},{"taxonomy":"post_tag","embeddable":true,"href":"https:\/\/tele-mark.dk\/sv\/wp-json\/wp\/v2\/tags?post=11528"}],"curies":[{"name":"wp","href":"https:\/\/api.w.org\/{rel}","templated":true}]}}