{"id":11459,"date":"2020-06-03T05:38:12","date_gmt":"2020-06-03T03:38:12","guid":{"rendered":"https:\/\/tele-mark.dk\/tele-mark-a-s-firar-17-aarsjubileum\/"},"modified":"2025-09-26T09:11:44","modified_gmt":"2025-09-26T07:11:44","slug":"tele-mark-a-s-firar-17-aarsjubileum","status":"publish","type":"post","link":"https:\/\/tele-mark.dk\/sv\/tele-mark-a-s-firar-17-aarsjubileum\/","title":{"rendered":"TELE-MARK A\/S FIRAR 17-\u00c5RSJUBILEUM."},"content":{"rendered":"<p>Ig\u00e5r, f\u00f6r 17 \u00e5r sedan, v\u00e4lkomnade vi Ann. Utan f\u00f6rkunskaper om BtB-m\u00f6tesbokning \u00e4gnade hon sig \u00e5t Tele-Mark A\/S och den sv\u00e5ra disciplin det \u00e4r. M\u00e5linriktad och seri\u00f6s i sitt arbete utvecklades Ann positivt under \u00e5ren, och vi kan lugnt s\u00e4ga att hennes sinne f\u00f6r kvalitativ m\u00f6tesbokning har &#8221;slagit an&#8221; till Tele-Mark A\/S kunder.  <\/p>\n<p>Det vore inte fel att anta att Ann bokar mellan 15 och 20 kvalitativa m\u00f6ten f\u00f6r ett antal stamkunder under en arbetsvecka. Det betyder att Ann p\u00e5 Tele-Mark A\/S har bokat n\u00e5gonstans mellan 11 730 och 15 640 m\u00f6ten \u2013 vilket \u00e4r imponerande. Om vi \u200b\u200bantar att v\u00e5ra kunder konverterar 20 % av Anns m\u00f6ten \u00f6ver tid, s\u00e5 \u00e4r Ann b\u00f6rjan p\u00e5 mellan drygt 2 300 och 3 100 f\u00f6retag som blir kunder hos en av Tele-Mark A\/S kunder. Vi v\u00e5gar inte g\u00f6ra en uppskattning av hur mycket int\u00e4kter detta representerar \u2013 men det \u00e4r definitivt mycket.   <\/p>\n<p>N\u00e5gon g\u00e5ng i &#8221;gamla dagar&#8221; introducerade vi p\u00e5 Tele-Mark A\/S jubileumsvin; 1 flaska vin per anst\u00e4llnings\u00e5r. Ett bevis p\u00e5 vad Tele-Mark A\/S en g\u00e5ng kan ha varit, en telemarketingbyr\u00e5 \u200b\u200bmed m\u00e5nga studenter och en skyh\u00f6g personaloms\u00e4ttning. Under \u00e5rens lopp har vi f\u00f6r\u00e4ndrat det mesta fundamentalt, vissa till och med flera g\u00e5nger, men jubileumsvin \u00e4r n\u00e5got vi glatt har beh\u00e5llit. D\u00e4rf\u00f6r \u00e4r vi naturligtvis glada att kunna ge Ann 17 flaskor vin, och med stort tack f\u00f6r de insatser som gjorts under de f\u00f6rsta 17 \u00e5ren. Vi ser fram emot minst 17 \u00e5r till, vilket inte alls \u00e4r orealistiskt, eftersom Ann fortfarande \u00e4r en av de yngre i huset.     <\/p>\n<p><img fetchpriority=\"high\" decoding=\"async\" class=\"alignnone size-full wp-image-766\" src=\"https:\/\/tele-mark.dk\/wp-content\/uploads\/2020\/06\/20200603_120428-2-300x235-1.jpg\" alt=\"\" width=\"300\" height=\"235\"><\/p>\n","protected":false},"excerpt":{"rendered":"<p>Ig\u00e5r, f\u00f6r 17 \u00e5r sedan, v\u00e4lkomnade vi Ann. Utan f\u00f6rkunskaper om BtB-m\u00f6tesbokning \u00e4gnade hon sig \u00e5t Tele-Mark A\/S och den sv\u00e5ra disciplin det \u00e4r. M\u00e5linriktad och seri\u00f6s i sitt arbete utvecklades Ann positivt under \u00e5ren, och vi kan lugnt s\u00e4ga att hennes sinne f\u00f6r kvalitativ m\u00f6tesbokning har &#8221;slagit an&#8221; till Tele-Mark A\/S kunder. Det vore &#8230; <a title=\"TELE-MARK A\/S FIRAR 17-\u00c5RSJUBILEUM.\" class=\"read-more\" href=\"https:\/\/tele-mark.dk\/sv\/tele-mark-a-s-firar-17-aarsjubileum\/\" aria-label=\"L\u00e4s mer om TELE-MARK A\/S FIRAR 17-\u00c5RSJUBILEUM.\">L\u00e4s mer<\/a><\/p>\n","protected":false},"author":1,"featured_media":0,"comment_status":"closed","ping_status":"closed","sticky":false,"template":"","format":"standard","meta":{"_acf_changed":false,"footnotes":""},"categories":[90],"tags":[],"class_list":["post-11459","post","type-post","status-publish","format-standard","hentry","category-okategoriserad-sv"],"acf":[],"yoast_head":"<!-- This site is optimized with the Yoast SEO plugin v26.8 - https:\/\/yoast.com\/product\/yoast-seo-wordpress\/ -->\n<title>TELE-MARK A\/S FIRAR 17-\u00c5RSJUBILEUM. | Tele-Mark A\/S TELE-MARK A\/S FIRAR 17-\u00c5RSJUBILEUM.<\/title>\n<meta name=\"description\" content=\"Ig\u00e5r, f\u00f6r 17 \u00e5r sedan, v\u00e4lkomnade vi Ann. Utan f\u00f6rkunskaper om BtB-m\u00f6tesbokning \u00e4gnade hon sig \u00e5t Tele-Mark A\/S och den sv\u00e5ra disciplin det \u00e4r.\" \/>\n<meta name=\"robots\" content=\"index, follow, max-snippet:-1, max-image-preview:large, max-video-preview:-1\" \/>\n<link rel=\"canonical\" href=\"https:\/\/tele-mark.dk\/sv\/?p=11459\" \/>\n<meta property=\"og:locale\" content=\"sv_SE\" \/>\n<meta property=\"og:type\" content=\"article\" \/>\n<meta property=\"og:title\" content=\"TELE-MARK A\/S FIRAR 17-\u00c5RSJUBILEUM. | Tele-Mark A\/S TELE-MARK A\/S FIRAR 17-\u00c5RSJUBILEUM.\" \/>\n<meta property=\"og:description\" content=\"Ig\u00e5r, f\u00f6r 17 \u00e5r sedan, v\u00e4lkomnade vi Ann. Utan f\u00f6rkunskaper om BtB-m\u00f6tesbokning \u00e4gnade hon sig \u00e5t Tele-Mark A\/S och den sv\u00e5ra disciplin det \u00e4r.\" \/>\n<meta property=\"og:url\" content=\"https:\/\/tele-mark.dk\/sv\/?p=11459\" \/>\n<meta property=\"og:site_name\" content=\"Tele-Mark A\/S\" \/>\n<meta property=\"article:published_time\" content=\"2020-06-03T03:38:12+00:00\" \/>\n<meta property=\"article:modified_time\" content=\"2025-09-26T07:11:44+00:00\" \/>\n<meta property=\"og:image\" content=\"https:\/\/tele-mark.dk\/wp-content\/uploads\/2020\/06\/20200603_120428-2-300x235-1.jpg\" \/>\n<meta name=\"author\" content=\"author\" \/>\n<meta name=\"twitter:card\" content=\"summary_large_image\" \/>\n<meta name=\"twitter:label1\" content=\"Skriven av\" \/>\n\t<meta name=\"twitter:data1\" content=\"author\" \/>\n\t<meta name=\"twitter:label2\" content=\"Ber\u00e4knad l\u00e4stid\" \/>\n\t<meta name=\"twitter:data2\" content=\"1 minut\" \/>\n<script type=\"application\/ld+json\" class=\"yoast-schema-graph\">{\"@context\":\"https:\/\/schema.org\",\"@graph\":[{\"@type\":\"Article\",\"@id\":\"https:\/\/tele-mark.dk\/sv\/?p=11459#article\",\"isPartOf\":{\"@id\":\"https:\/\/tele-mark.dk\/sv\/?p=11459\"},\"author\":{\"name\":\"author\",\"@id\":\"https:\/\/tele-mark.dk\/#\/schema\/person\/08dfec8274125355cc314880fdefb374\"},\"headline\":\"TELE-MARK A\/S FIRAR 17-\u00c5RSJUBILEUM.\",\"datePublished\":\"2020-06-03T03:38:12+00:00\",\"dateModified\":\"2025-09-26T07:11:44+00:00\",\"mainEntityOfPage\":{\"@id\":\"https:\/\/tele-mark.dk\/sv\/?p=11459\"},\"wordCount\":290,\"publisher\":{\"@id\":\"https:\/\/tele-mark.dk\/#organization\"},\"image\":{\"@id\":\"https:\/\/tele-mark.dk\/sv\/?p=11459#primaryimage\"},\"thumbnailUrl\":\"https:\/\/tele-mark.dk\/wp-content\/uploads\/2020\/06\/20200603_120428-2-300x235-1.jpg\",\"articleSection\":[\"Okategoriserad @sv\"],\"inLanguage\":\"sv-SE\"},{\"@type\":\"WebPage\",\"@id\":\"https:\/\/tele-mark.dk\/sv\/?p=11459\",\"url\":\"https:\/\/tele-mark.dk\/sv\/?p=11459\",\"name\":\"TELE-MARK A\/S FIRAR 17-\u00c5RSJUBILEUM. | Tele-Mark A\/S TELE-MARK A\/S FIRAR 17-\u00c5RSJUBILEUM.\",\"isPartOf\":{\"@id\":\"https:\/\/tele-mark.dk\/#website\"},\"primaryImageOfPage\":{\"@id\":\"https:\/\/tele-mark.dk\/sv\/?p=11459#primaryimage\"},\"image\":{\"@id\":\"https:\/\/tele-mark.dk\/sv\/?p=11459#primaryimage\"},\"thumbnailUrl\":\"https:\/\/tele-mark.dk\/wp-content\/uploads\/2020\/06\/20200603_120428-2-300x235-1.jpg\",\"datePublished\":\"2020-06-03T03:38:12+00:00\",\"dateModified\":\"2025-09-26T07:11:44+00:00\",\"description\":\"Ig\u00e5r, f\u00f6r 17 \u00e5r sedan, v\u00e4lkomnade vi Ann. Utan f\u00f6rkunskaper om BtB-m\u00f6tesbokning \u00e4gnade hon sig \u00e5t Tele-Mark A\/S och den sv\u00e5ra disciplin det \u00e4r.\",\"breadcrumb\":{\"@id\":\"https:\/\/tele-mark.dk\/sv\/?p=11459#breadcrumb\"},\"inLanguage\":\"sv-SE\",\"potentialAction\":[{\"@type\":\"ReadAction\",\"target\":[\"https:\/\/tele-mark.dk\/sv\/?p=11459\"]}]},{\"@type\":\"ImageObject\",\"inLanguage\":\"sv-SE\",\"@id\":\"https:\/\/tele-mark.dk\/sv\/?p=11459#primaryimage\",\"url\":\"https:\/\/tele-mark.dk\/wp-content\/uploads\/2020\/06\/20200603_120428-2-300x235-1.jpg\",\"contentUrl\":\"https:\/\/tele-mark.dk\/wp-content\/uploads\/2020\/06\/20200603_120428-2-300x235-1.jpg\"},{\"@type\":\"BreadcrumbList\",\"@id\":\"https:\/\/tele-mark.dk\/sv\/?p=11459#breadcrumb\",\"itemListElement\":[{\"@type\":\"ListItem\",\"position\":1,\"name\":\"Forside\",\"item\":\"https:\/\/tele-mark.dk\/sv\/?page_id=10827\"},{\"@type\":\"ListItem\",\"position\":2,\"name\":\"TELE-MARK A\/S FIRAR 17-\u00c5RSJUBILEUM.\"}]},{\"@type\":\"WebSite\",\"@id\":\"https:\/\/tele-mark.dk\/#website\",\"url\":\"https:\/\/tele-mark.dk\/\",\"name\":\"Tele-Mark A\/S\",\"description\":\"Telemarketingbyr\u00e5 \u200b\u200bf\u00f6r Danmark, Norden, Europa och hela v\u00e4rlden\",\"publisher\":{\"@id\":\"https:\/\/tele-mark.dk\/#organization\"},\"potentialAction\":[{\"@type\":\"SearchAction\",\"target\":{\"@type\":\"EntryPoint\",\"urlTemplate\":\"https:\/\/tele-mark.dk\/?s={search_term_string}\"},\"query-input\":{\"@type\":\"PropertyValueSpecification\",\"valueRequired\":true,\"valueName\":\"search_term_string\"}}],\"inLanguage\":\"sv-SE\"},{\"@type\":\"Organization\",\"@id\":\"https:\/\/tele-mark.dk\/#organization\",\"name\":\"Tele-Mark A\/S\",\"url\":\"https:\/\/tele-mark.dk\/\",\"logo\":{\"@type\":\"ImageObject\",\"inLanguage\":\"sv-SE\",\"@id\":\"https:\/\/tele-mark.dk\/#\/schema\/logo\/image\/\",\"url\":\"https:\/\/tele-mark.dk\/wp-content\/uploads\/2025\/03\/Nyt-logo.svg\",\"contentUrl\":\"https:\/\/tele-mark.dk\/wp-content\/uploads\/2025\/03\/Nyt-logo.svg\",\"width\":433,\"height\":161,\"caption\":\"Tele-Mark A\/S\"},\"image\":{\"@id\":\"https:\/\/tele-mark.dk\/#\/schema\/logo\/image\/\"}},{\"@type\":\"Person\",\"@id\":\"https:\/\/tele-mark.dk\/#\/schema\/person\/08dfec8274125355cc314880fdefb374\",\"name\":\"author\",\"url\":\"https:\/\/tele-mark.dk\/sv\/author\/author\/\"}]}<\/script>\n<!-- \/ Yoast SEO plugin. -->","yoast_head_json":{"title":"TELE-MARK A\/S FIRAR 17-\u00c5RSJUBILEUM. | Tele-Mark A\/S TELE-MARK A\/S FIRAR 17-\u00c5RSJUBILEUM.","description":"Ig\u00e5r, f\u00f6r 17 \u00e5r sedan, v\u00e4lkomnade vi Ann. Utan f\u00f6rkunskaper om BtB-m\u00f6tesbokning \u00e4gnade hon sig \u00e5t Tele-Mark A\/S och den sv\u00e5ra disciplin det \u00e4r.","robots":{"index":"index","follow":"follow","max-snippet":"max-snippet:-1","max-image-preview":"max-image-preview:large","max-video-preview":"max-video-preview:-1"},"canonical":"https:\/\/tele-mark.dk\/sv\/?p=11459","og_locale":"sv_SE","og_type":"article","og_title":"TELE-MARK A\/S FIRAR 17-\u00c5RSJUBILEUM. | Tele-Mark A\/S TELE-MARK A\/S FIRAR 17-\u00c5RSJUBILEUM.","og_description":"Ig\u00e5r, f\u00f6r 17 \u00e5r sedan, v\u00e4lkomnade vi Ann. Utan f\u00f6rkunskaper om BtB-m\u00f6tesbokning \u00e4gnade hon sig \u00e5t Tele-Mark A\/S och den sv\u00e5ra disciplin det \u00e4r.","og_url":"https:\/\/tele-mark.dk\/sv\/?p=11459","og_site_name":"Tele-Mark A\/S","article_published_time":"2020-06-03T03:38:12+00:00","article_modified_time":"2025-09-26T07:11:44+00:00","og_image":[{"url":"https:\/\/tele-mark.dk\/wp-content\/uploads\/2020\/06\/20200603_120428-2-300x235-1.jpg","type":"","width":"","height":""}],"author":"author","twitter_card":"summary_large_image","twitter_misc":{"Skriven av":"author","Ber\u00e4knad l\u00e4stid":"1 minut"},"schema":{"@context":"https:\/\/schema.org","@graph":[{"@type":"Article","@id":"https:\/\/tele-mark.dk\/sv\/?p=11459#article","isPartOf":{"@id":"https:\/\/tele-mark.dk\/sv\/?p=11459"},"author":{"name":"author","@id":"https:\/\/tele-mark.dk\/#\/schema\/person\/08dfec8274125355cc314880fdefb374"},"headline":"TELE-MARK A\/S FIRAR 17-\u00c5RSJUBILEUM.","datePublished":"2020-06-03T03:38:12+00:00","dateModified":"2025-09-26T07:11:44+00:00","mainEntityOfPage":{"@id":"https:\/\/tele-mark.dk\/sv\/?p=11459"},"wordCount":290,"publisher":{"@id":"https:\/\/tele-mark.dk\/#organization"},"image":{"@id":"https:\/\/tele-mark.dk\/sv\/?p=11459#primaryimage"},"thumbnailUrl":"https:\/\/tele-mark.dk\/wp-content\/uploads\/2020\/06\/20200603_120428-2-300x235-1.jpg","articleSection":["Okategoriserad @sv"],"inLanguage":"sv-SE"},{"@type":"WebPage","@id":"https:\/\/tele-mark.dk\/sv\/?p=11459","url":"https:\/\/tele-mark.dk\/sv\/?p=11459","name":"TELE-MARK A\/S FIRAR 17-\u00c5RSJUBILEUM. | Tele-Mark A\/S TELE-MARK A\/S FIRAR 17-\u00c5RSJUBILEUM.","isPartOf":{"@id":"https:\/\/tele-mark.dk\/#website"},"primaryImageOfPage":{"@id":"https:\/\/tele-mark.dk\/sv\/?p=11459#primaryimage"},"image":{"@id":"https:\/\/tele-mark.dk\/sv\/?p=11459#primaryimage"},"thumbnailUrl":"https:\/\/tele-mark.dk\/wp-content\/uploads\/2020\/06\/20200603_120428-2-300x235-1.jpg","datePublished":"2020-06-03T03:38:12+00:00","dateModified":"2025-09-26T07:11:44+00:00","description":"Ig\u00e5r, f\u00f6r 17 \u00e5r sedan, v\u00e4lkomnade vi Ann. Utan f\u00f6rkunskaper om BtB-m\u00f6tesbokning \u00e4gnade hon sig \u00e5t Tele-Mark A\/S och den sv\u00e5ra disciplin det \u00e4r.","breadcrumb":{"@id":"https:\/\/tele-mark.dk\/sv\/?p=11459#breadcrumb"},"inLanguage":"sv-SE","potentialAction":[{"@type":"ReadAction","target":["https:\/\/tele-mark.dk\/sv\/?p=11459"]}]},{"@type":"ImageObject","inLanguage":"sv-SE","@id":"https:\/\/tele-mark.dk\/sv\/?p=11459#primaryimage","url":"https:\/\/tele-mark.dk\/wp-content\/uploads\/2020\/06\/20200603_120428-2-300x235-1.jpg","contentUrl":"https:\/\/tele-mark.dk\/wp-content\/uploads\/2020\/06\/20200603_120428-2-300x235-1.jpg"},{"@type":"BreadcrumbList","@id":"https:\/\/tele-mark.dk\/sv\/?p=11459#breadcrumb","itemListElement":[{"@type":"ListItem","position":1,"name":"Forside","item":"https:\/\/tele-mark.dk\/sv\/?page_id=10827"},{"@type":"ListItem","position":2,"name":"TELE-MARK A\/S FIRAR 17-\u00c5RSJUBILEUM."}]},{"@type":"WebSite","@id":"https:\/\/tele-mark.dk\/#website","url":"https:\/\/tele-mark.dk\/","name":"Tele-Mark A\/S","description":"Telemarketingbyr\u00e5 \u200b\u200bf\u00f6r Danmark, Norden, Europa och hela v\u00e4rlden","publisher":{"@id":"https:\/\/tele-mark.dk\/#organization"},"potentialAction":[{"@type":"SearchAction","target":{"@type":"EntryPoint","urlTemplate":"https:\/\/tele-mark.dk\/?s={search_term_string}"},"query-input":{"@type":"PropertyValueSpecification","valueRequired":true,"valueName":"search_term_string"}}],"inLanguage":"sv-SE"},{"@type":"Organization","@id":"https:\/\/tele-mark.dk\/#organization","name":"Tele-Mark A\/S","url":"https:\/\/tele-mark.dk\/","logo":{"@type":"ImageObject","inLanguage":"sv-SE","@id":"https:\/\/tele-mark.dk\/#\/schema\/logo\/image\/","url":"https:\/\/tele-mark.dk\/wp-content\/uploads\/2025\/03\/Nyt-logo.svg","contentUrl":"https:\/\/tele-mark.dk\/wp-content\/uploads\/2025\/03\/Nyt-logo.svg","width":433,"height":161,"caption":"Tele-Mark A\/S"},"image":{"@id":"https:\/\/tele-mark.dk\/#\/schema\/logo\/image\/"}},{"@type":"Person","@id":"https:\/\/tele-mark.dk\/#\/schema\/person\/08dfec8274125355cc314880fdefb374","name":"author","url":"https:\/\/tele-mark.dk\/sv\/author\/author\/"}]}},"_links":{"self":[{"href":"https:\/\/tele-mark.dk\/sv\/wp-json\/wp\/v2\/posts\/11459","targetHints":{"allow":["GET"]}}],"collection":[{"href":"https:\/\/tele-mark.dk\/sv\/wp-json\/wp\/v2\/posts"}],"about":[{"href":"https:\/\/tele-mark.dk\/sv\/wp-json\/wp\/v2\/types\/post"}],"author":[{"embeddable":true,"href":"https:\/\/tele-mark.dk\/sv\/wp-json\/wp\/v2\/users\/1"}],"replies":[{"embeddable":true,"href":"https:\/\/tele-mark.dk\/sv\/wp-json\/wp\/v2\/comments?post=11459"}],"version-history":[{"count":1,"href":"https:\/\/tele-mark.dk\/sv\/wp-json\/wp\/v2\/posts\/11459\/revisions"}],"predecessor-version":[{"id":11462,"href":"https:\/\/tele-mark.dk\/sv\/wp-json\/wp\/v2\/posts\/11459\/revisions\/11462"}],"wp:attachment":[{"href":"https:\/\/tele-mark.dk\/sv\/wp-json\/wp\/v2\/media?parent=11459"}],"wp:term":[{"taxonomy":"category","embeddable":true,"href":"https:\/\/tele-mark.dk\/sv\/wp-json\/wp\/v2\/categories?post=11459"},{"taxonomy":"post_tag","embeddable":true,"href":"https:\/\/tele-mark.dk\/sv\/wp-json\/wp\/v2\/tags?post=11459"}],"curies":[{"name":"wp","href":"https:\/\/api.w.org\/{rel}","templated":true}]}}