{"id":11455,"date":"2019-10-18T07:44:11","date_gmt":"2019-10-18T05:44:11","guid":{"rendered":"https:\/\/tele-mark.dk\/kom-igen-vi-oeppnar-doerren-foer-dig\/"},"modified":"2025-09-26T09:11:43","modified_gmt":"2025-09-26T07:11:43","slug":"kom-igen-vi-oeppnar-doerren-foer-dig","status":"publish","type":"post","link":"https:\/\/tele-mark.dk\/sv\/kom-igen-vi-oeppnar-doerren-foer-dig\/","title":{"rendered":"Kom igen, vi \u00f6ppnar &#8221;d\u00f6rren&#8221; f\u00f6r dig!"},"content":{"rendered":"<p>F\u00f6rutom att \u00f6ppna d\u00f6rrarna f\u00f6r v\u00e5ra kunder \u00f6ppnar vi \u00e4ven d\u00f6rren till v\u00e5rt fina domicil i Aarhus, med det vackra m\u00f6tesrumstornet. Domicilen har nu i drygt tre \u00e5r utgjort ramen f\u00f6r Danmarks b\u00e4sta heltidskontaktf\u00f6rmedlare inom f\u00f6retagsekonomi. I samband med flytten i augusti 2016 skr\u00e4ddarsyddes, moderniserades och genomt\u00e4nktes domicilen f\u00f6r att rymma kanske landets modernaste och mest professionella byr\u00e5 inom f\u00f6retagsekonomisk m\u00f6tesbokning, med cirka 60 mycket mogna medarbetare. Avsev\u00e4rda investeringar gjordes i bullerreducering, optimal inredning, akustik, inomhusklimat och arbetsmilj\u00f6. Vi kan d\u00e4rf\u00f6r med gl\u00e4dje konstatera att vi fortfarande dagligen uppskattar hur bra ramar vi faktiskt har f\u00f6r att kunna serva v\u00e5ra m\u00e5nga och lojala kunder.    <\/p>\n<p>Vi var mycket medvetna om att vi i samband med flytten var tvungna att komma ih\u00e5g v\u00e5r unika Tele-Mark-atmosf\u00e4r och sj\u00e4l. Nu, drygt 3 \u00e5r senare, kan vi konstatera att vi har lyckats till fullo med det uppdraget. Tele-Mark A\/S \u00e4r fortfarande ett exceptionellt mysigt f\u00f6retag, med en alldeles speciell atmosf\u00e4r, man k\u00e4nner det s\u00e5 fort man tittar in, kunder och g\u00e4ster ber\u00e4ttar fortfarande f\u00f6r oss, vilket betyder mycket f\u00f6r oss.  <\/p>\n<p>Vi ser alla fram emot m\u00e5nga fler fantastiska \u00e5r h\u00e4r!<\/p>\n<p>Genom att klicka p\u00e5 l\u00e4nken h\u00e4r kan du ta en promenad runt p\u00e5 egen hand och se lokalerna. Kan du k\u00e4nna den speciella Tele-Mark-atmosf\u00e4ren? <\/p>\n<p><a href=\"https:\/\/my.matterport.com\/show\/?m=DBFHfJT6YoU\" target=\"_blank\" rel=\"noopener noreferrer\">https:\/\/my.matterport.com\/show\/?m=DBFHfJT6YoU<\/a><\/p>\n","protected":false},"excerpt":{"rendered":"<p>F\u00f6rutom att \u00f6ppna d\u00f6rrarna f\u00f6r v\u00e5ra kunder \u00f6ppnar vi \u00e4ven d\u00f6rren till v\u00e5rt fina domicil i Aarhus, med det vackra m\u00f6tesrumstornet. Domicilen har nu i drygt tre \u00e5r utgjort ramen f\u00f6r Danmarks b\u00e4sta heltidskontaktf\u00f6rmedlare inom f\u00f6retagsekonomi. I samband med flytten i augusti 2016 skr\u00e4ddarsyddes, moderniserades och genomt\u00e4nktes domicilen f\u00f6r att rymma kanske landets modernaste och &#8230; <a title=\"Kom igen, vi \u00f6ppnar &#8221;d\u00f6rren&#8221; f\u00f6r dig!\" class=\"read-more\" href=\"https:\/\/tele-mark.dk\/sv\/kom-igen-vi-oeppnar-doerren-foer-dig\/\" aria-label=\"L\u00e4s mer om Kom igen, vi \u00f6ppnar &#8221;d\u00f6rren&#8221; f\u00f6r dig!\">L\u00e4s mer<\/a><\/p>\n","protected":false},"author":7,"featured_media":0,"comment_status":"closed","ping_status":"closed","sticky":false,"template":"","format":"standard","meta":{"_acf_changed":false,"footnotes":""},"categories":[90],"tags":[],"class_list":["post-11455","post","type-post","status-publish","format-standard","hentry","category-okategoriserad-sv"],"acf":[],"yoast_head":"<!-- This site is optimized with the Yoast SEO plugin v26.8 - https:\/\/yoast.com\/product\/yoast-seo-wordpress\/ -->\n<title>Kom igen, vi \u00f6ppnar &quot;d\u00f6rren&quot; f\u00f6r dig! | Tele-Mark A\/S<\/title>\n<meta name=\"robots\" content=\"index, follow, max-snippet:-1, max-image-preview:large, max-video-preview:-1\" \/>\n<link rel=\"canonical\" href=\"https:\/\/tele-mark.dk\/sv\/?p=11455\" \/>\n<meta property=\"og:locale\" content=\"sv_SE\" \/>\n<meta property=\"og:type\" content=\"article\" \/>\n<meta property=\"og:title\" content=\"Kom igen, vi \u00f6ppnar &quot;d\u00f6rren&quot; f\u00f6r dig! | Tele-Mark A\/S\" \/>\n<meta property=\"og:description\" content=\"F\u00f6rutom att \u00f6ppna d\u00f6rrarna f\u00f6r v\u00e5ra kunder \u00f6ppnar vi \u00e4ven d\u00f6rren till v\u00e5rt fina domicil i Aarhus, med det vackra m\u00f6tesrumstornet. Domicilen har nu i drygt tre \u00e5r utgjort ramen f\u00f6r Danmarks b\u00e4sta heltidskontaktf\u00f6rmedlare inom f\u00f6retagsekonomi. I samband med flytten i augusti 2016 skr\u00e4ddarsyddes, moderniserades och genomt\u00e4nktes domicilen f\u00f6r att rymma kanske landets modernaste och ... L\u00e4s mer\" \/>\n<meta property=\"og:url\" content=\"https:\/\/tele-mark.dk\/sv\/?p=11455\" \/>\n<meta property=\"og:site_name\" content=\"Tele-Mark A\/S\" \/>\n<meta property=\"article:published_time\" content=\"2019-10-18T05:44:11+00:00\" \/>\n<meta property=\"article:modified_time\" content=\"2025-09-26T07:11:43+00:00\" \/>\n<meta name=\"author\" content=\"MK@tele-mark.dk\" \/>\n<meta name=\"twitter:card\" content=\"summary_large_image\" \/>\n<meta name=\"twitter:label1\" content=\"Skriven av\" \/>\n\t<meta name=\"twitter:data1\" content=\"MK@tele-mark.dk\" \/>\n\t<meta name=\"twitter:label2\" content=\"Ber\u00e4knad l\u00e4stid\" \/>\n\t<meta name=\"twitter:data2\" content=\"1 minut\" \/>\n<script type=\"application\/ld+json\" class=\"yoast-schema-graph\">{\"@context\":\"https:\/\/schema.org\",\"@graph\":[{\"@type\":\"Article\",\"@id\":\"https:\/\/tele-mark.dk\/sv\/?p=11455#article\",\"isPartOf\":{\"@id\":\"https:\/\/tele-mark.dk\/sv\/?p=11455\"},\"author\":{\"name\":\"MK@tele-mark.dk\",\"@id\":\"https:\/\/tele-mark.dk\/#\/schema\/person\/b384f8c60f09de558a20bb8574465698\"},\"headline\":\"Kom igen, vi \u00f6ppnar &#8221;d\u00f6rren&#8221; f\u00f6r dig!\",\"datePublished\":\"2019-10-18T05:44:11+00:00\",\"dateModified\":\"2025-09-26T07:11:43+00:00\",\"mainEntityOfPage\":{\"@id\":\"https:\/\/tele-mark.dk\/sv\/?p=11455\"},\"wordCount\":264,\"publisher\":{\"@id\":\"https:\/\/tele-mark.dk\/#organization\"},\"articleSection\":[\"Okategoriserad @sv\"],\"inLanguage\":\"sv-SE\"},{\"@type\":\"WebPage\",\"@id\":\"https:\/\/tele-mark.dk\/sv\/?p=11455\",\"url\":\"https:\/\/tele-mark.dk\/sv\/?p=11455\",\"name\":\"Kom igen, vi \u00f6ppnar \\\"d\u00f6rren\\\" f\u00f6r dig! | Tele-Mark A\/S\",\"isPartOf\":{\"@id\":\"https:\/\/tele-mark.dk\/#website\"},\"datePublished\":\"2019-10-18T05:44:11+00:00\",\"dateModified\":\"2025-09-26T07:11:43+00:00\",\"breadcrumb\":{\"@id\":\"https:\/\/tele-mark.dk\/sv\/?p=11455#breadcrumb\"},\"inLanguage\":\"sv-SE\",\"potentialAction\":[{\"@type\":\"ReadAction\",\"target\":[\"https:\/\/tele-mark.dk\/sv\/?p=11455\"]}]},{\"@type\":\"BreadcrumbList\",\"@id\":\"https:\/\/tele-mark.dk\/sv\/?p=11455#breadcrumb\",\"itemListElement\":[{\"@type\":\"ListItem\",\"position\":1,\"name\":\"Forside\",\"item\":\"https:\/\/tele-mark.dk\/sv\/?page_id=10827\"},{\"@type\":\"ListItem\",\"position\":2,\"name\":\"Kom igen, vi \u00f6ppnar &#8220;d\u00f6rren&#8221; f\u00f6r dig!\"}]},{\"@type\":\"WebSite\",\"@id\":\"https:\/\/tele-mark.dk\/#website\",\"url\":\"https:\/\/tele-mark.dk\/\",\"name\":\"Tele-Mark A\/S\",\"description\":\"Telemarketingbyr\u00e5 \u200b\u200bf\u00f6r Danmark, Norden, Europa och hela v\u00e4rlden\",\"publisher\":{\"@id\":\"https:\/\/tele-mark.dk\/#organization\"},\"potentialAction\":[{\"@type\":\"SearchAction\",\"target\":{\"@type\":\"EntryPoint\",\"urlTemplate\":\"https:\/\/tele-mark.dk\/?s={search_term_string}\"},\"query-input\":{\"@type\":\"PropertyValueSpecification\",\"valueRequired\":true,\"valueName\":\"search_term_string\"}}],\"inLanguage\":\"sv-SE\"},{\"@type\":\"Organization\",\"@id\":\"https:\/\/tele-mark.dk\/#organization\",\"name\":\"Tele-Mark A\/S\",\"url\":\"https:\/\/tele-mark.dk\/\",\"logo\":{\"@type\":\"ImageObject\",\"inLanguage\":\"sv-SE\",\"@id\":\"https:\/\/tele-mark.dk\/#\/schema\/logo\/image\/\",\"url\":\"https:\/\/tele-mark.dk\/wp-content\/uploads\/2025\/03\/Nyt-logo.svg\",\"contentUrl\":\"https:\/\/tele-mark.dk\/wp-content\/uploads\/2025\/03\/Nyt-logo.svg\",\"width\":433,\"height\":161,\"caption\":\"Tele-Mark A\/S\"},\"image\":{\"@id\":\"https:\/\/tele-mark.dk\/#\/schema\/logo\/image\/\"}},{\"@type\":\"Person\",\"@id\":\"https:\/\/tele-mark.dk\/#\/schema\/person\/b384f8c60f09de558a20bb8574465698\",\"name\":\"MK@tele-mark.dk\",\"url\":\"https:\/\/tele-mark.dk\/sv\/author\/mktele-mark-dk\/\"}]}<\/script>\n<!-- \/ Yoast SEO plugin. -->","yoast_head_json":{"title":"Kom igen, vi \u00f6ppnar \"d\u00f6rren\" f\u00f6r dig! | Tele-Mark A\/S","robots":{"index":"index","follow":"follow","max-snippet":"max-snippet:-1","max-image-preview":"max-image-preview:large","max-video-preview":"max-video-preview:-1"},"canonical":"https:\/\/tele-mark.dk\/sv\/?p=11455","og_locale":"sv_SE","og_type":"article","og_title":"Kom igen, vi \u00f6ppnar \"d\u00f6rren\" f\u00f6r dig! | Tele-Mark A\/S","og_description":"F\u00f6rutom att \u00f6ppna d\u00f6rrarna f\u00f6r v\u00e5ra kunder \u00f6ppnar vi \u00e4ven d\u00f6rren till v\u00e5rt fina domicil i Aarhus, med det vackra m\u00f6tesrumstornet. Domicilen har nu i drygt tre \u00e5r utgjort ramen f\u00f6r Danmarks b\u00e4sta heltidskontaktf\u00f6rmedlare inom f\u00f6retagsekonomi. I samband med flytten i augusti 2016 skr\u00e4ddarsyddes, moderniserades och genomt\u00e4nktes domicilen f\u00f6r att rymma kanske landets modernaste och ... L\u00e4s mer","og_url":"https:\/\/tele-mark.dk\/sv\/?p=11455","og_site_name":"Tele-Mark A\/S","article_published_time":"2019-10-18T05:44:11+00:00","article_modified_time":"2025-09-26T07:11:43+00:00","author":"MK@tele-mark.dk","twitter_card":"summary_large_image","twitter_misc":{"Skriven av":"MK@tele-mark.dk","Ber\u00e4knad l\u00e4stid":"1 minut"},"schema":{"@context":"https:\/\/schema.org","@graph":[{"@type":"Article","@id":"https:\/\/tele-mark.dk\/sv\/?p=11455#article","isPartOf":{"@id":"https:\/\/tele-mark.dk\/sv\/?p=11455"},"author":{"name":"MK@tele-mark.dk","@id":"https:\/\/tele-mark.dk\/#\/schema\/person\/b384f8c60f09de558a20bb8574465698"},"headline":"Kom igen, vi \u00f6ppnar &#8221;d\u00f6rren&#8221; f\u00f6r dig!","datePublished":"2019-10-18T05:44:11+00:00","dateModified":"2025-09-26T07:11:43+00:00","mainEntityOfPage":{"@id":"https:\/\/tele-mark.dk\/sv\/?p=11455"},"wordCount":264,"publisher":{"@id":"https:\/\/tele-mark.dk\/#organization"},"articleSection":["Okategoriserad @sv"],"inLanguage":"sv-SE"},{"@type":"WebPage","@id":"https:\/\/tele-mark.dk\/sv\/?p=11455","url":"https:\/\/tele-mark.dk\/sv\/?p=11455","name":"Kom igen, vi \u00f6ppnar \"d\u00f6rren\" f\u00f6r dig! | Tele-Mark A\/S","isPartOf":{"@id":"https:\/\/tele-mark.dk\/#website"},"datePublished":"2019-10-18T05:44:11+00:00","dateModified":"2025-09-26T07:11:43+00:00","breadcrumb":{"@id":"https:\/\/tele-mark.dk\/sv\/?p=11455#breadcrumb"},"inLanguage":"sv-SE","potentialAction":[{"@type":"ReadAction","target":["https:\/\/tele-mark.dk\/sv\/?p=11455"]}]},{"@type":"BreadcrumbList","@id":"https:\/\/tele-mark.dk\/sv\/?p=11455#breadcrumb","itemListElement":[{"@type":"ListItem","position":1,"name":"Forside","item":"https:\/\/tele-mark.dk\/sv\/?page_id=10827"},{"@type":"ListItem","position":2,"name":"Kom igen, vi \u00f6ppnar &#8220;d\u00f6rren&#8221; f\u00f6r dig!"}]},{"@type":"WebSite","@id":"https:\/\/tele-mark.dk\/#website","url":"https:\/\/tele-mark.dk\/","name":"Tele-Mark A\/S","description":"Telemarketingbyr\u00e5 \u200b\u200bf\u00f6r Danmark, Norden, Europa och hela v\u00e4rlden","publisher":{"@id":"https:\/\/tele-mark.dk\/#organization"},"potentialAction":[{"@type":"SearchAction","target":{"@type":"EntryPoint","urlTemplate":"https:\/\/tele-mark.dk\/?s={search_term_string}"},"query-input":{"@type":"PropertyValueSpecification","valueRequired":true,"valueName":"search_term_string"}}],"inLanguage":"sv-SE"},{"@type":"Organization","@id":"https:\/\/tele-mark.dk\/#organization","name":"Tele-Mark A\/S","url":"https:\/\/tele-mark.dk\/","logo":{"@type":"ImageObject","inLanguage":"sv-SE","@id":"https:\/\/tele-mark.dk\/#\/schema\/logo\/image\/","url":"https:\/\/tele-mark.dk\/wp-content\/uploads\/2025\/03\/Nyt-logo.svg","contentUrl":"https:\/\/tele-mark.dk\/wp-content\/uploads\/2025\/03\/Nyt-logo.svg","width":433,"height":161,"caption":"Tele-Mark A\/S"},"image":{"@id":"https:\/\/tele-mark.dk\/#\/schema\/logo\/image\/"}},{"@type":"Person","@id":"https:\/\/tele-mark.dk\/#\/schema\/person\/b384f8c60f09de558a20bb8574465698","name":"MK@tele-mark.dk","url":"https:\/\/tele-mark.dk\/sv\/author\/mktele-mark-dk\/"}]}},"_links":{"self":[{"href":"https:\/\/tele-mark.dk\/sv\/wp-json\/wp\/v2\/posts\/11455","targetHints":{"allow":["GET"]}}],"collection":[{"href":"https:\/\/tele-mark.dk\/sv\/wp-json\/wp\/v2\/posts"}],"about":[{"href":"https:\/\/tele-mark.dk\/sv\/wp-json\/wp\/v2\/types\/post"}],"author":[{"embeddable":true,"href":"https:\/\/tele-mark.dk\/sv\/wp-json\/wp\/v2\/users\/7"}],"replies":[{"embeddable":true,"href":"https:\/\/tele-mark.dk\/sv\/wp-json\/wp\/v2\/comments?post=11455"}],"version-history":[{"count":1,"href":"https:\/\/tele-mark.dk\/sv\/wp-json\/wp\/v2\/posts\/11455\/revisions"}],"predecessor-version":[{"id":11458,"href":"https:\/\/tele-mark.dk\/sv\/wp-json\/wp\/v2\/posts\/11455\/revisions\/11458"}],"wp:attachment":[{"href":"https:\/\/tele-mark.dk\/sv\/wp-json\/wp\/v2\/media?parent=11455"}],"wp:term":[{"taxonomy":"category","embeddable":true,"href":"https:\/\/tele-mark.dk\/sv\/wp-json\/wp\/v2\/categories?post=11455"},{"taxonomy":"post_tag","embeddable":true,"href":"https:\/\/tele-mark.dk\/sv\/wp-json\/wp\/v2\/tags?post=11455"}],"curies":[{"name":"wp","href":"https:\/\/api.w.org\/{rel}","templated":true}]}}