{"id":11415,"date":"2016-07-04T07:31:55","date_gmt":"2016-07-04T05:31:55","guid":{"rendered":"https:\/\/tele-mark.dk\/tele-mark-a-s-foerlaenger-sitt-samarbete-med-agf-med-en-initial-period-paa-3-aar\/"},"modified":"2025-09-26T09:11:16","modified_gmt":"2025-09-26T07:11:16","slug":"tele-mark-a-s-foerlaenger-sitt-samarbete-med-agf-med-en-initial-period-paa-3-aar","status":"publish","type":"post","link":"https:\/\/tele-mark.dk\/sv\/tele-mark-a-s-foerlaenger-sitt-samarbete-med-agf-med-en-initial-period-paa-3-aar\/","title":{"rendered":"Tele-Mark A\/S f\u00f6rl\u00e4nger sitt samarbete med AGF med en initial period p\u00e5 3 \u00e5r."},"content":{"rendered":"<p>Inf\u00f6r s\u00e4songen 2015-2016 inledde AGF och Tele-Mark A\/S ett sp\u00e4nnande samarbete. AGF var intresserade av att samarbeta med Tele-Mark A\/S kring de inledande kontakterna till nya relevanta f\u00f6retag som finner det relevant och intressant att f\u00f6ra en dialog med AGF om ett sponsorsamarbete. <\/p>\n<p>Samarbetet har g\u00e5tt mycket bra. Faktum \u00e4r att resultaten har varit s\u00e5dana att AGF har varit intresserade av att f\u00f6rl\u00e4nga avtalet f\u00f6r de kommande 3 s\u00e4songerna. En f\u00f6rl\u00e4ngning som vi p\u00e5 Tele-Mark A\/S inte har haft n\u00e5gra sv\u00e5righeter att acceptera. Samarbetet blev inte mindre intressant n\u00e4r AGF anst\u00e4llde Mads Bro Hansen som f\u00f6rs\u00e4ljningschef den 1 maj. Mads \u00e4r en mycket erfaren v\u00e4n av huset, och vi ser mycket fram emot att arbeta med Mads i \u201dAGF-tr\u00f6jan\u201d, och inte minst att forts\u00e4tta och vidareutveckla samarbetet med resten av det kompetenta AGF-teamet.    <\/p>\n<p>I detta sammanhang har Tele-Mark A\/S valt att f\u00f6rl\u00e4nga v\u00e5rt f\u00f6retagssponsoravtal med AGF till juni 2019. Detta ger oss m\u00f6jlighet att forts\u00e4tta v\u00e5rt engagemang och v\u00e5r n\u00e4rvaro i AGFs aff\u00e4rsn\u00e4tverk, d\u00e4r vi sedan 2009 har tr\u00e4ffat flera sp\u00e4nnande f\u00f6retag, personer, partners, leverant\u00f6rer och kunder. <\/p>\n<p>Avtalet g\u00f6r det ocks\u00e5 m\u00f6jligt f\u00f6r oss att bjuda in kunder, potentiella kunder, partners och anst\u00e4llda till fotboll n\u00e4r AGF spelar under de kommande 3 s\u00e4songerna.<\/p>\n<p>Om du vill komma p\u00e5 fotbollsmatchen p\u00e5 arenan, eller som g\u00e4st i aff\u00e4rsn\u00e4tverket, v\u00e4nligen kontakta oss p\u00e5 70237 238, fr\u00e5ga efter Mads.<\/p>\n","protected":false},"excerpt":{"rendered":"<p>Inf\u00f6r s\u00e4songen 2015-2016 inledde AGF och Tele-Mark A\/S ett sp\u00e4nnande samarbete. AGF var intresserade av att samarbeta med Tele-Mark A\/S kring de inledande kontakterna till nya relevanta f\u00f6retag som finner det relevant och intressant att f\u00f6ra en dialog med AGF om ett sponsorsamarbete. Samarbetet har g\u00e5tt mycket bra. Faktum \u00e4r att resultaten har varit s\u00e5dana &#8230; <a title=\"Tele-Mark A\/S f\u00f6rl\u00e4nger sitt samarbete med AGF med en initial period p\u00e5 3 \u00e5r.\" class=\"read-more\" href=\"https:\/\/tele-mark.dk\/sv\/tele-mark-a-s-foerlaenger-sitt-samarbete-med-agf-med-en-initial-period-paa-3-aar\/\" aria-label=\"L\u00e4s mer om Tele-Mark A\/S f\u00f6rl\u00e4nger sitt samarbete med AGF med en initial period p\u00e5 3 \u00e5r.\">L\u00e4s mer<\/a><\/p>\n","protected":false},"author":7,"featured_media":0,"comment_status":"closed","ping_status":"closed","sticky":false,"template":"","format":"standard","meta":{"_acf_changed":false,"footnotes":""},"categories":[90],"tags":[],"class_list":["post-11415","post","type-post","status-publish","format-standard","hentry","category-okategoriserad-sv"],"acf":[],"yoast_head":"<!-- This site is optimized with the Yoast SEO plugin v26.8 - https:\/\/yoast.com\/product\/yoast-seo-wordpress\/ -->\n<title>Tele-Mark A\/S f\u00f6rl\u00e4nger sitt samarbete med AGF med en initial period p\u00e5 3 \u00e5r. | Tele-Mark A\/S<\/title>\n<meta name=\"robots\" content=\"index, follow, max-snippet:-1, max-image-preview:large, max-video-preview:-1\" \/>\n<link rel=\"canonical\" href=\"https:\/\/tele-mark.dk\/sv\/?p=11415\" \/>\n<meta property=\"og:locale\" content=\"sv_SE\" \/>\n<meta property=\"og:type\" content=\"article\" \/>\n<meta property=\"og:title\" content=\"Tele-Mark A\/S f\u00f6rl\u00e4nger sitt samarbete med AGF med en initial period p\u00e5 3 \u00e5r. | Tele-Mark A\/S\" \/>\n<meta property=\"og:description\" content=\"Inf\u00f6r s\u00e4songen 2015-2016 inledde AGF och Tele-Mark A\/S ett sp\u00e4nnande samarbete. AGF var intresserade av att samarbeta med Tele-Mark A\/S kring de inledande kontakterna till nya relevanta f\u00f6retag som finner det relevant och intressant att f\u00f6ra en dialog med AGF om ett sponsorsamarbete. Samarbetet har g\u00e5tt mycket bra. Faktum \u00e4r att resultaten har varit s\u00e5dana ... L\u00e4s mer\" \/>\n<meta property=\"og:url\" content=\"https:\/\/tele-mark.dk\/sv\/?p=11415\" \/>\n<meta property=\"og:site_name\" content=\"Tele-Mark A\/S\" \/>\n<meta property=\"article:published_time\" content=\"2016-07-04T05:31:55+00:00\" \/>\n<meta property=\"article:modified_time\" content=\"2025-09-26T07:11:16+00:00\" \/>\n<meta name=\"author\" content=\"MK@tele-mark.dk\" \/>\n<meta name=\"twitter:card\" content=\"summary_large_image\" \/>\n<meta name=\"twitter:label1\" content=\"Skriven av\" \/>\n\t<meta name=\"twitter:data1\" content=\"MK@tele-mark.dk\" \/>\n\t<meta name=\"twitter:label2\" content=\"Ber\u00e4knad l\u00e4stid\" \/>\n\t<meta name=\"twitter:data2\" content=\"1 minut\" \/>\n<script type=\"application\/ld+json\" class=\"yoast-schema-graph\">{\"@context\":\"https:\/\/schema.org\",\"@graph\":[{\"@type\":\"Article\",\"@id\":\"https:\/\/tele-mark.dk\/sv\/?p=11415#article\",\"isPartOf\":{\"@id\":\"https:\/\/tele-mark.dk\/sv\/?p=11415\"},\"author\":{\"name\":\"MK@tele-mark.dk\",\"@id\":\"https:\/\/tele-mark.dk\/#\/schema\/person\/b384f8c60f09de558a20bb8574465698\"},\"headline\":\"Tele-Mark A\/S f\u00f6rl\u00e4nger sitt samarbete med AGF med en initial period p\u00e5 3 \u00e5r.\",\"datePublished\":\"2016-07-04T05:31:55+00:00\",\"dateModified\":\"2025-09-26T07:11:16+00:00\",\"mainEntityOfPage\":{\"@id\":\"https:\/\/tele-mark.dk\/sv\/?p=11415\"},\"wordCount\":287,\"publisher\":{\"@id\":\"https:\/\/tele-mark.dk\/#organization\"},\"articleSection\":[\"Okategoriserad @sv\"],\"inLanguage\":\"sv-SE\"},{\"@type\":\"WebPage\",\"@id\":\"https:\/\/tele-mark.dk\/sv\/?p=11415\",\"url\":\"https:\/\/tele-mark.dk\/sv\/?p=11415\",\"name\":\"Tele-Mark A\/S f\u00f6rl\u00e4nger sitt samarbete med AGF med en initial period p\u00e5 3 \u00e5r. | Tele-Mark A\/S\",\"isPartOf\":{\"@id\":\"https:\/\/tele-mark.dk\/#website\"},\"datePublished\":\"2016-07-04T05:31:55+00:00\",\"dateModified\":\"2025-09-26T07:11:16+00:00\",\"breadcrumb\":{\"@id\":\"https:\/\/tele-mark.dk\/sv\/?p=11415#breadcrumb\"},\"inLanguage\":\"sv-SE\",\"potentialAction\":[{\"@type\":\"ReadAction\",\"target\":[\"https:\/\/tele-mark.dk\/sv\/?p=11415\"]}]},{\"@type\":\"BreadcrumbList\",\"@id\":\"https:\/\/tele-mark.dk\/sv\/?p=11415#breadcrumb\",\"itemListElement\":[{\"@type\":\"ListItem\",\"position\":1,\"name\":\"Forside\",\"item\":\"https:\/\/tele-mark.dk\/sv\/?page_id=10827\"},{\"@type\":\"ListItem\",\"position\":2,\"name\":\"Tele-Mark A\/S f\u00f6rl\u00e4nger sitt samarbete med AGF med en initial period p\u00e5 3 \u00e5r.\"}]},{\"@type\":\"WebSite\",\"@id\":\"https:\/\/tele-mark.dk\/#website\",\"url\":\"https:\/\/tele-mark.dk\/\",\"name\":\"Tele-Mark A\/S\",\"description\":\"Telemarketingbyr\u00e5 \u200b\u200bf\u00f6r Danmark, Norden, Europa och hela v\u00e4rlden\",\"publisher\":{\"@id\":\"https:\/\/tele-mark.dk\/#organization\"},\"potentialAction\":[{\"@type\":\"SearchAction\",\"target\":{\"@type\":\"EntryPoint\",\"urlTemplate\":\"https:\/\/tele-mark.dk\/?s={search_term_string}\"},\"query-input\":{\"@type\":\"PropertyValueSpecification\",\"valueRequired\":true,\"valueName\":\"search_term_string\"}}],\"inLanguage\":\"sv-SE\"},{\"@type\":\"Organization\",\"@id\":\"https:\/\/tele-mark.dk\/#organization\",\"name\":\"Tele-Mark A\/S\",\"url\":\"https:\/\/tele-mark.dk\/\",\"logo\":{\"@type\":\"ImageObject\",\"inLanguage\":\"sv-SE\",\"@id\":\"https:\/\/tele-mark.dk\/#\/schema\/logo\/image\/\",\"url\":\"https:\/\/tele-mark.dk\/wp-content\/uploads\/2025\/03\/Nyt-logo.svg\",\"contentUrl\":\"https:\/\/tele-mark.dk\/wp-content\/uploads\/2025\/03\/Nyt-logo.svg\",\"width\":433,\"height\":161,\"caption\":\"Tele-Mark A\/S\"},\"image\":{\"@id\":\"https:\/\/tele-mark.dk\/#\/schema\/logo\/image\/\"}},{\"@type\":\"Person\",\"@id\":\"https:\/\/tele-mark.dk\/#\/schema\/person\/b384f8c60f09de558a20bb8574465698\",\"name\":\"MK@tele-mark.dk\",\"url\":\"https:\/\/tele-mark.dk\/sv\/author\/mktele-mark-dk\/\"}]}<\/script>\n<!-- \/ Yoast SEO plugin. -->","yoast_head_json":{"title":"Tele-Mark A\/S f\u00f6rl\u00e4nger sitt samarbete med AGF med en initial period p\u00e5 3 \u00e5r. | Tele-Mark A\/S","robots":{"index":"index","follow":"follow","max-snippet":"max-snippet:-1","max-image-preview":"max-image-preview:large","max-video-preview":"max-video-preview:-1"},"canonical":"https:\/\/tele-mark.dk\/sv\/?p=11415","og_locale":"sv_SE","og_type":"article","og_title":"Tele-Mark A\/S f\u00f6rl\u00e4nger sitt samarbete med AGF med en initial period p\u00e5 3 \u00e5r. | Tele-Mark A\/S","og_description":"Inf\u00f6r s\u00e4songen 2015-2016 inledde AGF och Tele-Mark A\/S ett sp\u00e4nnande samarbete. AGF var intresserade av att samarbeta med Tele-Mark A\/S kring de inledande kontakterna till nya relevanta f\u00f6retag som finner det relevant och intressant att f\u00f6ra en dialog med AGF om ett sponsorsamarbete. Samarbetet har g\u00e5tt mycket bra. Faktum \u00e4r att resultaten har varit s\u00e5dana ... L\u00e4s mer","og_url":"https:\/\/tele-mark.dk\/sv\/?p=11415","og_site_name":"Tele-Mark A\/S","article_published_time":"2016-07-04T05:31:55+00:00","article_modified_time":"2025-09-26T07:11:16+00:00","author":"MK@tele-mark.dk","twitter_card":"summary_large_image","twitter_misc":{"Skriven av":"MK@tele-mark.dk","Ber\u00e4knad l\u00e4stid":"1 minut"},"schema":{"@context":"https:\/\/schema.org","@graph":[{"@type":"Article","@id":"https:\/\/tele-mark.dk\/sv\/?p=11415#article","isPartOf":{"@id":"https:\/\/tele-mark.dk\/sv\/?p=11415"},"author":{"name":"MK@tele-mark.dk","@id":"https:\/\/tele-mark.dk\/#\/schema\/person\/b384f8c60f09de558a20bb8574465698"},"headline":"Tele-Mark A\/S f\u00f6rl\u00e4nger sitt samarbete med AGF med en initial period p\u00e5 3 \u00e5r.","datePublished":"2016-07-04T05:31:55+00:00","dateModified":"2025-09-26T07:11:16+00:00","mainEntityOfPage":{"@id":"https:\/\/tele-mark.dk\/sv\/?p=11415"},"wordCount":287,"publisher":{"@id":"https:\/\/tele-mark.dk\/#organization"},"articleSection":["Okategoriserad @sv"],"inLanguage":"sv-SE"},{"@type":"WebPage","@id":"https:\/\/tele-mark.dk\/sv\/?p=11415","url":"https:\/\/tele-mark.dk\/sv\/?p=11415","name":"Tele-Mark A\/S f\u00f6rl\u00e4nger sitt samarbete med AGF med en initial period p\u00e5 3 \u00e5r. | Tele-Mark A\/S","isPartOf":{"@id":"https:\/\/tele-mark.dk\/#website"},"datePublished":"2016-07-04T05:31:55+00:00","dateModified":"2025-09-26T07:11:16+00:00","breadcrumb":{"@id":"https:\/\/tele-mark.dk\/sv\/?p=11415#breadcrumb"},"inLanguage":"sv-SE","potentialAction":[{"@type":"ReadAction","target":["https:\/\/tele-mark.dk\/sv\/?p=11415"]}]},{"@type":"BreadcrumbList","@id":"https:\/\/tele-mark.dk\/sv\/?p=11415#breadcrumb","itemListElement":[{"@type":"ListItem","position":1,"name":"Forside","item":"https:\/\/tele-mark.dk\/sv\/?page_id=10827"},{"@type":"ListItem","position":2,"name":"Tele-Mark A\/S f\u00f6rl\u00e4nger sitt samarbete med AGF med en initial period p\u00e5 3 \u00e5r."}]},{"@type":"WebSite","@id":"https:\/\/tele-mark.dk\/#website","url":"https:\/\/tele-mark.dk\/","name":"Tele-Mark A\/S","description":"Telemarketingbyr\u00e5 \u200b\u200bf\u00f6r Danmark, Norden, Europa och hela v\u00e4rlden","publisher":{"@id":"https:\/\/tele-mark.dk\/#organization"},"potentialAction":[{"@type":"SearchAction","target":{"@type":"EntryPoint","urlTemplate":"https:\/\/tele-mark.dk\/?s={search_term_string}"},"query-input":{"@type":"PropertyValueSpecification","valueRequired":true,"valueName":"search_term_string"}}],"inLanguage":"sv-SE"},{"@type":"Organization","@id":"https:\/\/tele-mark.dk\/#organization","name":"Tele-Mark A\/S","url":"https:\/\/tele-mark.dk\/","logo":{"@type":"ImageObject","inLanguage":"sv-SE","@id":"https:\/\/tele-mark.dk\/#\/schema\/logo\/image\/","url":"https:\/\/tele-mark.dk\/wp-content\/uploads\/2025\/03\/Nyt-logo.svg","contentUrl":"https:\/\/tele-mark.dk\/wp-content\/uploads\/2025\/03\/Nyt-logo.svg","width":433,"height":161,"caption":"Tele-Mark A\/S"},"image":{"@id":"https:\/\/tele-mark.dk\/#\/schema\/logo\/image\/"}},{"@type":"Person","@id":"https:\/\/tele-mark.dk\/#\/schema\/person\/b384f8c60f09de558a20bb8574465698","name":"MK@tele-mark.dk","url":"https:\/\/tele-mark.dk\/sv\/author\/mktele-mark-dk\/"}]}},"_links":{"self":[{"href":"https:\/\/tele-mark.dk\/sv\/wp-json\/wp\/v2\/posts\/11415","targetHints":{"allow":["GET"]}}],"collection":[{"href":"https:\/\/tele-mark.dk\/sv\/wp-json\/wp\/v2\/posts"}],"about":[{"href":"https:\/\/tele-mark.dk\/sv\/wp-json\/wp\/v2\/types\/post"}],"author":[{"embeddable":true,"href":"https:\/\/tele-mark.dk\/sv\/wp-json\/wp\/v2\/users\/7"}],"replies":[{"embeddable":true,"href":"https:\/\/tele-mark.dk\/sv\/wp-json\/wp\/v2\/comments?post=11415"}],"version-history":[{"count":1,"href":"https:\/\/tele-mark.dk\/sv\/wp-json\/wp\/v2\/posts\/11415\/revisions"}],"predecessor-version":[{"id":11417,"href":"https:\/\/tele-mark.dk\/sv\/wp-json\/wp\/v2\/posts\/11415\/revisions\/11417"}],"wp:attachment":[{"href":"https:\/\/tele-mark.dk\/sv\/wp-json\/wp\/v2\/media?parent=11415"}],"wp:term":[{"taxonomy":"category","embeddable":true,"href":"https:\/\/tele-mark.dk\/sv\/wp-json\/wp\/v2\/categories?post=11415"},{"taxonomy":"post_tag","embeddable":true,"href":"https:\/\/tele-mark.dk\/sv\/wp-json\/wp\/v2\/tags?post=11415"}],"curies":[{"name":"wp","href":"https:\/\/api.w.org\/{rel}","templated":true}]}}