{"id":11401,"date":"2015-12-14T07:37:46","date_gmt":"2015-12-14T06:37:46","guid":{"rendered":"https:\/\/tele-mark.dk\/samarbetet-mellan-tele-mark-a-s-och-ekf-danmarks-exportkreditinstitut-fortsaetter-nu-in-i-sitt-femte-aar\/"},"modified":"2025-09-26T09:11:15","modified_gmt":"2025-09-26T07:11:15","slug":"samarbetet-mellan-tele-mark-a-s-och-ekf-danmarks-exportkreditinstitut-fortsaetter-nu-in-i-sitt-femte-aar","status":"publish","type":"post","link":"https:\/\/tele-mark.dk\/sv\/samarbetet-mellan-tele-mark-a-s-och-ekf-danmarks-exportkreditinstitut-fortsaetter-nu-in-i-sitt-femte-aar\/","title":{"rendered":"Samarbetet mellan Tele-Mark A\/S och EKF, Danmarks exportkreditinstitut, forts\u00e4tter nu in i sitt femte \u00e5r."},"content":{"rendered":"<p>I samband med finanskrisen fick EKF Danmarks Exportkreditinstitut ett antal nya typer av garantier och borgensf\u00f6rbindelser, vilket gjorde det m\u00f6jligt att hj\u00e4lpa m\u00e5nga fler sm\u00e5 och medelstora exportf\u00f6retag. Detta innebar en betydande \u00f6kning av antalet potentiella f\u00f6retag som beh\u00f6vde servas, r\u00e5dges och f\u00e5 hj\u00e4lp. Att bara identifiera och komma i kontakt med relevanta f\u00f6retag inom SME-segmentet, som \u00e4r mycket stort, \u00e4r en utmaning f\u00f6r alla organisationer. EKF valde Tele-Mark A\/S som ansvarig f\u00f6r den inledande kontakten med alla nya SME-kunder. Samarbetet inleddes 2011 och \u00e4r nu inne p\u00e5 sitt femte \u00e5r.    <\/p>\n<p>Samarbetet inneb\u00e4r huvudsakligen att f\u00f6ra de inledande dialogerna i syfte att identifiera f\u00f6retag som uppfyller ett antal villkor, och d\u00e4rigenom s\u00e4kerst\u00e4lla att EKF inte l\u00e4gger on\u00f6dig tid p\u00e5 f\u00f6retag utan behov, och\/eller f\u00f6retag med behov som m\u00e5ste l\u00f6sas av privata akt\u00f6rer.<\/p>\n<p>\u201dSamarbetet \u00e4r av stor betydelse f\u00f6r EKF\u201d, s\u00e4ger Morten Hvilsom Larsen. \u201dSedan starten 2011 har Tele-Mark A\/S kontaktat fler \u00e4n 2000 f\u00f6retag \u00e5t oss, en kontakt som de uppr\u00e4tth\u00e5ller tills f\u00f6retaget i princip uppfyller ett antal definierade kriterier, varefter ett m\u00f6te bokas mellan f\u00f6retaget och EKF, som sedan tar \u00f6ver dialogen\u201d. Morten forts\u00e4tter: \u201dKvalificeringen av m\u00f6tena ligger p\u00e5 en f\u00f6rbluffande h\u00f6g niv\u00e5, och l\u00e5ngt \u00f6ver vad vi hade fantasin att f\u00f6rest\u00e4lla oss redan 2011, n\u00e4r vi inledde samarbetet med ett litet test. Tele-Mark A\/S medarbetare p\u00e5 projektet har en ovanligt god f\u00f6rm\u00e5ga att f\u00f6rst\u00e5 och anv\u00e4nda relativt komplexa sammanhang. Det \u00e4r s\u00e4rskilt positivt att vi har haft samma telefonist p\u00e5 uppgiften genom alla \u00e5r, vilket naturligtvis ocks\u00e5 bidrar till att s\u00e4kerst\u00e4lla samarbetets h\u00f6ga kvalitet\u201d.    <\/p>\n<p>\u201dEn sak \u00e4r f\u00f6rdelen f\u00f6r oss p\u00e5 EKF, en annan \u00e4r f\u00f6rdelen f\u00f6r de f\u00f6retag som Tele-Mark A\/S har kontakt med\u201d. Morten f\u00f6rklarar: \u201dJust nu, bland de f\u00f6retag som Tele-Mark A\/S har kontaktat, finns det 36 f\u00f6retag som har en aktiv garanti, och det finns 45 f\u00f6retag med ett garanti\u00e4rende p\u00e5 g\u00e5ng. Dessutom finns det cirka 200 f\u00f6retag som jag och mina kollegor fortfarande \u00e4r i dialog med. Det \u00e4r l\u00e5ngt ifr\u00e5n s\u00e4kert att alla dessa f\u00f6retag hade kommit i kontakt med EKF om det inte vore f\u00f6r samarbetet med Tele-Mark A\/S\u201d.   <\/p>\n<p>Tele-Mark A\/S \u00e4r glada \u00f6ver samarbetet och stolta \u00f6ver de resultat som skapats med EKFs team. \u201dF\u00f6rst och fr\u00e4mst \u00e4r det fantastiskt att s\u00e5 m\u00e5nga f\u00f6retag indirekt drar stor nytta av samarbetet mellan EKF och Tele-Mark A\/S, eftersom det i princip ligger i alla danskars intresse\u201d, s\u00e4ger Mads Elefsen Kudsk, partner p\u00e5 Tele-Mark A\/S. Mads forts\u00e4tter: \u201dDet \u00e4r fantastiskt n\u00e4r en kund m\u00e4rker och uppskattar att de har samma medarbetare p\u00e5 ett projekt som p\u00e5g\u00e5r i 5 \u00e5r. Detta s\u00e4ger oss att v\u00e5r strategi att just beh\u00e5lla kvalificerade och kompetenta medarbetare \u00e4r vettig f\u00f6r v\u00e5ra kunder, \u00e4ven om det p\u00e5 pappret \u00e4r en dyrare l\u00f6sning \u00e4n om vi bara hade nyanst\u00e4llda medarbetare, p\u00e5 ing\u00e5ngsl\u00f6n, p\u00e5 projekten.\u201d   <\/p>\n<p>Om du vill se mer om EKF kan du l\u00e4sa om det h\u00e4r: <a href=\"http:\/\/www.ekf.dk\/\" target=\"_blank\" rel=\"noopener\">www.ekf.dk<\/a><\/p>\n<p><strong>Fakta om de anst\u00e4llda p\u00e5 Tele-Mark A\/S.<\/strong><\/p>\n<p>Tele-Mark A\/S har f\u00f6r n\u00e4rvarande 50 heltidsanst\u00e4llda, med en genomsnittlig anst\u00e4llningstid p\u00e5 \u00f6ver 5 \u00e5r. Detta har dock minskat n\u00e5got under de senaste 2 \u00e5ren, d\u00e5 den \u00f6kande tillv\u00e4xten vi har upplevt har resulterat i att vi anst\u00e4ller fler heltidsanst\u00e4llda. Tele-Mark A\/S har mer \u00e4n 15 anst\u00e4llda med \u00f6ver 8 \u00e5rs erfarenhet och den mest erfarna <a href=\"https:\/\/tele-mark.dk\/sv\/telemarketing\/moetesbokare\/\">m\u00f6tesbokaren<\/a> har arbetat h\u00e4r i mer \u00e4n 12 \u00e5r (sedan juni 2003). Medel\u00e5ldern \u00e4r f\u00f6r n\u00e4rvarande 37,5 \u00e5r.  <\/p>\n<p>Om du vill veta mer om Tele-Mark A\/S och v\u00e5r metod f\u00f6r B2B- <a href=\"\/telemarketing\/modebooking\/\">m\u00f6tesbokning<\/a> , v\u00e4nligen kontakta Mads via telefon: 70 237 238 eller 40 256 687.<\/p>\n","protected":false},"excerpt":{"rendered":"<p>I samband med finanskrisen fick EKF Danmarks Exportkreditinstitut ett antal nya typer av garantier och borgensf\u00f6rbindelser, vilket gjorde det m\u00f6jligt att hj\u00e4lpa m\u00e5nga fler sm\u00e5 och medelstora exportf\u00f6retag. Detta innebar en betydande \u00f6kning av antalet potentiella f\u00f6retag som beh\u00f6vde servas, r\u00e5dges och f\u00e5 hj\u00e4lp. Att bara identifiera och komma i kontakt med relevanta f\u00f6retag inom &#8230; <a title=\"Samarbetet mellan Tele-Mark A\/S och EKF, Danmarks exportkreditinstitut, forts\u00e4tter nu in i sitt femte \u00e5r.\" class=\"read-more\" href=\"https:\/\/tele-mark.dk\/sv\/samarbetet-mellan-tele-mark-a-s-och-ekf-danmarks-exportkreditinstitut-fortsaetter-nu-in-i-sitt-femte-aar\/\" aria-label=\"L\u00e4s mer om Samarbetet mellan Tele-Mark A\/S och EKF, Danmarks exportkreditinstitut, forts\u00e4tter nu in i sitt femte \u00e5r.\">L\u00e4s mer<\/a><\/p>\n","protected":false},"author":7,"featured_media":0,"comment_status":"closed","ping_status":"closed","sticky":false,"template":"","format":"standard","meta":{"_acf_changed":false,"footnotes":""},"categories":[90],"tags":[],"class_list":["post-11401","post","type-post","status-publish","format-standard","hentry","category-okategoriserad-sv"],"acf":[],"yoast_head":"<!-- This site is optimized with the Yoast SEO plugin v26.8 - https:\/\/yoast.com\/product\/yoast-seo-wordpress\/ -->\n<title>Samarbetet mellan Tele-Mark A\/S och EKF, Danmarks exportkreditinstitut, forts\u00e4tter nu in i sitt femte \u00e5r. | Tele-Mark A\/S<\/title>\n<meta name=\"robots\" content=\"index, follow, max-snippet:-1, max-image-preview:large, max-video-preview:-1\" \/>\n<link rel=\"canonical\" href=\"https:\/\/tele-mark.dk\/sv\/?p=11401\" \/>\n<meta property=\"og:locale\" content=\"sv_SE\" \/>\n<meta property=\"og:type\" content=\"article\" \/>\n<meta property=\"og:title\" content=\"Samarbetet mellan Tele-Mark A\/S och EKF, Danmarks exportkreditinstitut, forts\u00e4tter nu in i sitt femte \u00e5r. | Tele-Mark A\/S\" \/>\n<meta property=\"og:description\" content=\"I samband med finanskrisen fick EKF Danmarks Exportkreditinstitut ett antal nya typer av garantier och borgensf\u00f6rbindelser, vilket gjorde det m\u00f6jligt att hj\u00e4lpa m\u00e5nga fler sm\u00e5 och medelstora exportf\u00f6retag. Detta innebar en betydande \u00f6kning av antalet potentiella f\u00f6retag som beh\u00f6vde servas, r\u00e5dges och f\u00e5 hj\u00e4lp. Att bara identifiera och komma i kontakt med relevanta f\u00f6retag inom ... L\u00e4s mer\" \/>\n<meta property=\"og:url\" content=\"https:\/\/tele-mark.dk\/sv\/?p=11401\" \/>\n<meta property=\"og:site_name\" content=\"Tele-Mark A\/S\" \/>\n<meta property=\"article:published_time\" content=\"2015-12-14T06:37:46+00:00\" \/>\n<meta property=\"article:modified_time\" content=\"2025-09-26T07:11:15+00:00\" \/>\n<meta name=\"author\" content=\"MK@tele-mark.dk\" \/>\n<meta name=\"twitter:card\" content=\"summary_large_image\" \/>\n<meta name=\"twitter:label1\" content=\"Skriven av\" \/>\n\t<meta name=\"twitter:data1\" content=\"MK@tele-mark.dk\" \/>\n\t<meta name=\"twitter:label2\" content=\"Ber\u00e4knad l\u00e4stid\" \/>\n\t<meta name=\"twitter:data2\" content=\"3 minuter\" \/>\n<script type=\"application\/ld+json\" class=\"yoast-schema-graph\">{\"@context\":\"https:\/\/schema.org\",\"@graph\":[{\"@type\":\"Article\",\"@id\":\"https:\/\/tele-mark.dk\/sv\/?p=11401#article\",\"isPartOf\":{\"@id\":\"https:\/\/tele-mark.dk\/sv\/?p=11401\"},\"author\":{\"name\":\"MK@tele-mark.dk\",\"@id\":\"https:\/\/tele-mark.dk\/#\/schema\/person\/b384f8c60f09de558a20bb8574465698\"},\"headline\":\"Samarbetet mellan Tele-Mark A\/S och EKF, Danmarks exportkreditinstitut, forts\u00e4tter nu in i sitt femte \u00e5r.\",\"datePublished\":\"2015-12-14T06:37:46+00:00\",\"dateModified\":\"2025-09-26T07:11:15+00:00\",\"mainEntityOfPage\":{\"@id\":\"https:\/\/tele-mark.dk\/sv\/?p=11401\"},\"wordCount\":703,\"publisher\":{\"@id\":\"https:\/\/tele-mark.dk\/#organization\"},\"articleSection\":[\"Okategoriserad @sv\"],\"inLanguage\":\"sv-SE\"},{\"@type\":\"WebPage\",\"@id\":\"https:\/\/tele-mark.dk\/sv\/?p=11401\",\"url\":\"https:\/\/tele-mark.dk\/sv\/?p=11401\",\"name\":\"Samarbetet mellan Tele-Mark A\/S och EKF, Danmarks exportkreditinstitut, forts\u00e4tter nu in i sitt femte \u00e5r. | Tele-Mark A\/S\",\"isPartOf\":{\"@id\":\"https:\/\/tele-mark.dk\/#website\"},\"datePublished\":\"2015-12-14T06:37:46+00:00\",\"dateModified\":\"2025-09-26T07:11:15+00:00\",\"breadcrumb\":{\"@id\":\"https:\/\/tele-mark.dk\/sv\/?p=11401#breadcrumb\"},\"inLanguage\":\"sv-SE\",\"potentialAction\":[{\"@type\":\"ReadAction\",\"target\":[\"https:\/\/tele-mark.dk\/sv\/?p=11401\"]}]},{\"@type\":\"BreadcrumbList\",\"@id\":\"https:\/\/tele-mark.dk\/sv\/?p=11401#breadcrumb\",\"itemListElement\":[{\"@type\":\"ListItem\",\"position\":1,\"name\":\"Forside\",\"item\":\"https:\/\/tele-mark.dk\/sv\/?page_id=10827\"},{\"@type\":\"ListItem\",\"position\":2,\"name\":\"Samarbetet mellan Tele-Mark A\/S och EKF, Danmarks exportkreditinstitut, forts\u00e4tter nu in i sitt femte \u00e5r.\"}]},{\"@type\":\"WebSite\",\"@id\":\"https:\/\/tele-mark.dk\/#website\",\"url\":\"https:\/\/tele-mark.dk\/\",\"name\":\"Tele-Mark A\/S\",\"description\":\"Telemarketingbyr\u00e5 \u200b\u200bf\u00f6r Danmark, Norden, Europa och hela v\u00e4rlden\",\"publisher\":{\"@id\":\"https:\/\/tele-mark.dk\/#organization\"},\"potentialAction\":[{\"@type\":\"SearchAction\",\"target\":{\"@type\":\"EntryPoint\",\"urlTemplate\":\"https:\/\/tele-mark.dk\/?s={search_term_string}\"},\"query-input\":{\"@type\":\"PropertyValueSpecification\",\"valueRequired\":true,\"valueName\":\"search_term_string\"}}],\"inLanguage\":\"sv-SE\"},{\"@type\":\"Organization\",\"@id\":\"https:\/\/tele-mark.dk\/#organization\",\"name\":\"Tele-Mark A\/S\",\"url\":\"https:\/\/tele-mark.dk\/\",\"logo\":{\"@type\":\"ImageObject\",\"inLanguage\":\"sv-SE\",\"@id\":\"https:\/\/tele-mark.dk\/#\/schema\/logo\/image\/\",\"url\":\"https:\/\/tele-mark.dk\/wp-content\/uploads\/2025\/03\/Nyt-logo.svg\",\"contentUrl\":\"https:\/\/tele-mark.dk\/wp-content\/uploads\/2025\/03\/Nyt-logo.svg\",\"width\":433,\"height\":161,\"caption\":\"Tele-Mark A\/S\"},\"image\":{\"@id\":\"https:\/\/tele-mark.dk\/#\/schema\/logo\/image\/\"}},{\"@type\":\"Person\",\"@id\":\"https:\/\/tele-mark.dk\/#\/schema\/person\/b384f8c60f09de558a20bb8574465698\",\"name\":\"MK@tele-mark.dk\",\"url\":\"https:\/\/tele-mark.dk\/sv\/author\/mktele-mark-dk\/\"}]}<\/script>\n<!-- \/ Yoast SEO plugin. -->","yoast_head_json":{"title":"Samarbetet mellan Tele-Mark A\/S och EKF, Danmarks exportkreditinstitut, forts\u00e4tter nu in i sitt femte \u00e5r. | Tele-Mark A\/S","robots":{"index":"index","follow":"follow","max-snippet":"max-snippet:-1","max-image-preview":"max-image-preview:large","max-video-preview":"max-video-preview:-1"},"canonical":"https:\/\/tele-mark.dk\/sv\/?p=11401","og_locale":"sv_SE","og_type":"article","og_title":"Samarbetet mellan Tele-Mark A\/S och EKF, Danmarks exportkreditinstitut, forts\u00e4tter nu in i sitt femte \u00e5r. | Tele-Mark A\/S","og_description":"I samband med finanskrisen fick EKF Danmarks Exportkreditinstitut ett antal nya typer av garantier och borgensf\u00f6rbindelser, vilket gjorde det m\u00f6jligt att hj\u00e4lpa m\u00e5nga fler sm\u00e5 och medelstora exportf\u00f6retag. Detta innebar en betydande \u00f6kning av antalet potentiella f\u00f6retag som beh\u00f6vde servas, r\u00e5dges och f\u00e5 hj\u00e4lp. Att bara identifiera och komma i kontakt med relevanta f\u00f6retag inom ... L\u00e4s mer","og_url":"https:\/\/tele-mark.dk\/sv\/?p=11401","og_site_name":"Tele-Mark A\/S","article_published_time":"2015-12-14T06:37:46+00:00","article_modified_time":"2025-09-26T07:11:15+00:00","author":"MK@tele-mark.dk","twitter_card":"summary_large_image","twitter_misc":{"Skriven av":"MK@tele-mark.dk","Ber\u00e4knad l\u00e4stid":"3 minuter"},"schema":{"@context":"https:\/\/schema.org","@graph":[{"@type":"Article","@id":"https:\/\/tele-mark.dk\/sv\/?p=11401#article","isPartOf":{"@id":"https:\/\/tele-mark.dk\/sv\/?p=11401"},"author":{"name":"MK@tele-mark.dk","@id":"https:\/\/tele-mark.dk\/#\/schema\/person\/b384f8c60f09de558a20bb8574465698"},"headline":"Samarbetet mellan Tele-Mark A\/S och EKF, Danmarks exportkreditinstitut, forts\u00e4tter nu in i sitt femte \u00e5r.","datePublished":"2015-12-14T06:37:46+00:00","dateModified":"2025-09-26T07:11:15+00:00","mainEntityOfPage":{"@id":"https:\/\/tele-mark.dk\/sv\/?p=11401"},"wordCount":703,"publisher":{"@id":"https:\/\/tele-mark.dk\/#organization"},"articleSection":["Okategoriserad @sv"],"inLanguage":"sv-SE"},{"@type":"WebPage","@id":"https:\/\/tele-mark.dk\/sv\/?p=11401","url":"https:\/\/tele-mark.dk\/sv\/?p=11401","name":"Samarbetet mellan Tele-Mark A\/S och EKF, Danmarks exportkreditinstitut, forts\u00e4tter nu in i sitt femte \u00e5r. | Tele-Mark A\/S","isPartOf":{"@id":"https:\/\/tele-mark.dk\/#website"},"datePublished":"2015-12-14T06:37:46+00:00","dateModified":"2025-09-26T07:11:15+00:00","breadcrumb":{"@id":"https:\/\/tele-mark.dk\/sv\/?p=11401#breadcrumb"},"inLanguage":"sv-SE","potentialAction":[{"@type":"ReadAction","target":["https:\/\/tele-mark.dk\/sv\/?p=11401"]}]},{"@type":"BreadcrumbList","@id":"https:\/\/tele-mark.dk\/sv\/?p=11401#breadcrumb","itemListElement":[{"@type":"ListItem","position":1,"name":"Forside","item":"https:\/\/tele-mark.dk\/sv\/?page_id=10827"},{"@type":"ListItem","position":2,"name":"Samarbetet mellan Tele-Mark A\/S och EKF, Danmarks exportkreditinstitut, forts\u00e4tter nu in i sitt femte \u00e5r."}]},{"@type":"WebSite","@id":"https:\/\/tele-mark.dk\/#website","url":"https:\/\/tele-mark.dk\/","name":"Tele-Mark A\/S","description":"Telemarketingbyr\u00e5 \u200b\u200bf\u00f6r Danmark, Norden, Europa och hela v\u00e4rlden","publisher":{"@id":"https:\/\/tele-mark.dk\/#organization"},"potentialAction":[{"@type":"SearchAction","target":{"@type":"EntryPoint","urlTemplate":"https:\/\/tele-mark.dk\/?s={search_term_string}"},"query-input":{"@type":"PropertyValueSpecification","valueRequired":true,"valueName":"search_term_string"}}],"inLanguage":"sv-SE"},{"@type":"Organization","@id":"https:\/\/tele-mark.dk\/#organization","name":"Tele-Mark A\/S","url":"https:\/\/tele-mark.dk\/","logo":{"@type":"ImageObject","inLanguage":"sv-SE","@id":"https:\/\/tele-mark.dk\/#\/schema\/logo\/image\/","url":"https:\/\/tele-mark.dk\/wp-content\/uploads\/2025\/03\/Nyt-logo.svg","contentUrl":"https:\/\/tele-mark.dk\/wp-content\/uploads\/2025\/03\/Nyt-logo.svg","width":433,"height":161,"caption":"Tele-Mark A\/S"},"image":{"@id":"https:\/\/tele-mark.dk\/#\/schema\/logo\/image\/"}},{"@type":"Person","@id":"https:\/\/tele-mark.dk\/#\/schema\/person\/b384f8c60f09de558a20bb8574465698","name":"MK@tele-mark.dk","url":"https:\/\/tele-mark.dk\/sv\/author\/mktele-mark-dk\/"}]}},"_links":{"self":[{"href":"https:\/\/tele-mark.dk\/sv\/wp-json\/wp\/v2\/posts\/11401","targetHints":{"allow":["GET"]}}],"collection":[{"href":"https:\/\/tele-mark.dk\/sv\/wp-json\/wp\/v2\/posts"}],"about":[{"href":"https:\/\/tele-mark.dk\/sv\/wp-json\/wp\/v2\/types\/post"}],"author":[{"embeddable":true,"href":"https:\/\/tele-mark.dk\/sv\/wp-json\/wp\/v2\/users\/7"}],"replies":[{"embeddable":true,"href":"https:\/\/tele-mark.dk\/sv\/wp-json\/wp\/v2\/comments?post=11401"}],"version-history":[{"count":1,"href":"https:\/\/tele-mark.dk\/sv\/wp-json\/wp\/v2\/posts\/11401\/revisions"}],"predecessor-version":[{"id":11403,"href":"https:\/\/tele-mark.dk\/sv\/wp-json\/wp\/v2\/posts\/11401\/revisions\/11403"}],"wp:attachment":[{"href":"https:\/\/tele-mark.dk\/sv\/wp-json\/wp\/v2\/media?parent=11401"}],"wp:term":[{"taxonomy":"category","embeddable":true,"href":"https:\/\/tele-mark.dk\/sv\/wp-json\/wp\/v2\/categories?post=11401"},{"taxonomy":"post_tag","embeddable":true,"href":"https:\/\/tele-mark.dk\/sv\/wp-json\/wp\/v2\/tags?post=11401"}],"curies":[{"name":"wp","href":"https:\/\/api.w.org\/{rel}","templated":true}]}}