{"id":11380,"date":"2022-12-01T07:17:58","date_gmt":"2022-12-01T06:17:58","guid":{"rendered":"https:\/\/tele-mark.dk\/sedan-var-det-december-igen-och-saa-var-det-aeven-paa-tele-mark-a-s\/"},"modified":"2025-09-26T09:10:57","modified_gmt":"2025-09-26T07:10:57","slug":"sedan-var-det-december-igen-och-saa-var-det-aeven-paa-tele-mark-a-s","status":"publish","type":"post","link":"https:\/\/tele-mark.dk\/sv\/sedan-var-det-december-igen-och-saa-var-det-aeven-paa-tele-mark-a-s\/","title":{"rendered":"Sedan var det december igen, och s\u00e5 var det \u00e4ven p\u00e5 Tele-Mark A\/S."},"content":{"rendered":"<h2>Sedan var det december igen, och s\u00e5 var det \u00e4ven p\u00e5 Tele-Mark A\/S.<\/h2>\n<p>Det var 1 december igen, och p\u00e5 Tele-Mark A\/S firar vi december med de vanliga traditionerna; En presentkalender d\u00e4r alla tar med sig en fin present, och varje arbetsdag i december lottas ett antal kollegor ut f\u00f6r att v\u00e4lja en av de m\u00e5nga fina presenterna. Dessutom har vi alla f\u00e5tt chokladkalendrar, julgranen har pyntats tillsammans, med handledning fr\u00e5n Mette, som ocks\u00e5 har ansvarat f\u00f6r det mesta av den andra julbelysningen. Dessutom finns det de 2 vackraste juldekorationerna, som v\u00e5r alltid kreativa kollega Mariann st\u00e5r f\u00f6r f\u00f6r 8:e g\u00e5ngen, denna g\u00e5ng i samarbete med Hyes blomsterterapi.  <\/p>\n<p>D\u00e4rmed \u00e4r vi alla och v\u00e5r vackra hemvist, helt redo f\u00f6r \u00e5rets julfest, som vi h\u00e5ller imorgon.<\/p>\n<p>Tele-Mark A\/S \u00f6nskar alla en riktigt glad och trevlig december.<\/p>\n<p><img fetchpriority=\"high\" decoding=\"async\" class=\"alignnone size-medium wp-image-905\" src=\"https:\/\/tele-mark.dk\/wp-content\/uploads\/2022\/12\/20221201-110249-scaled-1-281x500.jpg\" alt=\"M\u00f6tesbokare p\u00e5 telemarketingbyr\u00e5\" width=\"281\" height=\"500\" srcset=\"https:\/\/tele-mark.dk\/wp-content\/uploads\/2022\/12\/20221201-110249-scaled-1-281x500.jpg 281w, https:\/\/tele-mark.dk\/wp-content\/uploads\/2022\/12\/20221201-110249-scaled-1-563x1000.jpg 563w, https:\/\/tele-mark.dk\/wp-content\/uploads\/2022\/12\/20221201-110249-scaled-1-768x1364.jpg 768w, https:\/\/tele-mark.dk\/wp-content\/uploads\/2022\/12\/20221201-110249-scaled-1-865x1536.jpg 865w, https:\/\/tele-mark.dk\/wp-content\/uploads\/2022\/12\/20221201-110249-scaled-1.jpg 1153w\" sizes=\"(max-width: 281px) 100vw, 281px\" \/><\/p>\n","protected":false},"excerpt":{"rendered":"<p>Sedan var det december igen, och s\u00e5 var det \u00e4ven p\u00e5 Tele-Mark A\/S. Det var 1 december igen, och p\u00e5 Tele-Mark A\/S firar vi december med de vanliga traditionerna; En presentkalender d\u00e4r alla tar med sig en fin present, och varje arbetsdag i december lottas ett antal kollegor ut f\u00f6r att v\u00e4lja en av de &#8230; <a title=\"Sedan var det december igen, och s\u00e5 var det \u00e4ven p\u00e5 Tele-Mark A\/S.\" class=\"read-more\" href=\"https:\/\/tele-mark.dk\/sv\/sedan-var-det-december-igen-och-saa-var-det-aeven-paa-tele-mark-a-s\/\" aria-label=\"L\u00e4s mer om Sedan var det december igen, och s\u00e5 var det \u00e4ven p\u00e5 Tele-Mark A\/S.\">L\u00e4s mer<\/a><\/p>\n","protected":false},"author":1,"featured_media":11218,"comment_status":"closed","ping_status":"closed","sticky":false,"template":"","format":"standard","meta":{"_acf_changed":false,"footnotes":""},"categories":[90],"tags":[],"class_list":["post-11380","post","type-post","status-publish","format-standard","has-post-thumbnail","hentry","category-okategoriserad-sv"],"acf":[],"yoast_head":"<!-- This site is optimized with the Yoast SEO plugin v26.8 - https:\/\/yoast.com\/product\/yoast-seo-wordpress\/ -->\n<title>Sedan var det december igen, och s\u00e5 var det \u00e4ven p\u00e5 Tele-Mark A\/S. | Tele-Mark A\/S<\/title>\n<meta name=\"robots\" content=\"index, follow, max-snippet:-1, max-image-preview:large, max-video-preview:-1\" \/>\n<link rel=\"canonical\" href=\"https:\/\/tele-mark.dk\/sv\/?p=11380\" \/>\n<meta property=\"og:locale\" content=\"sv_SE\" \/>\n<meta property=\"og:type\" content=\"article\" \/>\n<meta property=\"og:title\" content=\"Sedan var det december igen, och s\u00e5 var det \u00e4ven p\u00e5 Tele-Mark A\/S. | Tele-Mark A\/S\" \/>\n<meta property=\"og:description\" content=\"Sedan var det december igen, och s\u00e5 var det \u00e4ven p\u00e5 Tele-Mark A\/S. Det var 1 december igen, och p\u00e5 Tele-Mark A\/S firar vi december med de vanliga traditionerna; En presentkalender d\u00e4r alla tar med sig en fin present, och varje arbetsdag i december lottas ett antal kollegor ut f\u00f6r att v\u00e4lja en av de ... L\u00e4s mer\" \/>\n<meta property=\"og:url\" content=\"https:\/\/tele-mark.dk\/sv\/?p=11380\" \/>\n<meta property=\"og:site_name\" content=\"Tele-Mark A\/S\" \/>\n<meta property=\"article:published_time\" content=\"2022-12-01T06:17:58+00:00\" \/>\n<meta property=\"article:modified_time\" content=\"2025-09-26T07:10:57+00:00\" \/>\n<meta property=\"og:image\" content=\"https:\/\/tele-mark.dk\/wp-content\/uploads\/2022\/12\/20221201-110249-scaled-1.jpg\" \/>\n\t<meta property=\"og:image:width\" content=\"1153\" \/>\n\t<meta property=\"og:image:height\" content=\"2048\" \/>\n\t<meta property=\"og:image:type\" content=\"image\/jpeg\" \/>\n<meta name=\"author\" content=\"author\" \/>\n<meta name=\"twitter:card\" content=\"summary_large_image\" \/>\n<meta name=\"twitter:label1\" content=\"Skriven av\" \/>\n\t<meta name=\"twitter:data1\" content=\"author\" \/>\n\t<meta name=\"twitter:label2\" content=\"Ber\u00e4knad l\u00e4stid\" \/>\n\t<meta name=\"twitter:data2\" content=\"1 minut\" \/>\n<script type=\"application\/ld+json\" class=\"yoast-schema-graph\">{\"@context\":\"https:\/\/schema.org\",\"@graph\":[{\"@type\":\"Article\",\"@id\":\"https:\/\/tele-mark.dk\/sv\/?p=11380#article\",\"isPartOf\":{\"@id\":\"https:\/\/tele-mark.dk\/sv\/?p=11380\"},\"author\":{\"name\":\"author\",\"@id\":\"https:\/\/tele-mark.dk\/#\/schema\/person\/08dfec8274125355cc314880fdefb374\"},\"headline\":\"Sedan var det december igen, och s\u00e5 var det \u00e4ven p\u00e5 Tele-Mark A\/S.\",\"datePublished\":\"2022-12-01T06:17:58+00:00\",\"dateModified\":\"2025-09-26T07:10:57+00:00\",\"mainEntityOfPage\":{\"@id\":\"https:\/\/tele-mark.dk\/sv\/?p=11380\"},\"wordCount\":167,\"publisher\":{\"@id\":\"https:\/\/tele-mark.dk\/#organization\"},\"image\":{\"@id\":\"https:\/\/tele-mark.dk\/sv\/?p=11380#primaryimage\"},\"thumbnailUrl\":\"https:\/\/tele-mark.dk\/wp-content\/uploads\/2022\/12\/20221201-110249-scaled-1.jpg\",\"articleSection\":[\"Okategoriserad @sv\"],\"inLanguage\":\"sv-SE\"},{\"@type\":\"WebPage\",\"@id\":\"https:\/\/tele-mark.dk\/sv\/?p=11380\",\"url\":\"https:\/\/tele-mark.dk\/sv\/?p=11380\",\"name\":\"Sedan var det december igen, och s\u00e5 var det \u00e4ven p\u00e5 Tele-Mark A\/S. | Tele-Mark A\/S\",\"isPartOf\":{\"@id\":\"https:\/\/tele-mark.dk\/#website\"},\"primaryImageOfPage\":{\"@id\":\"https:\/\/tele-mark.dk\/sv\/?p=11380#primaryimage\"},\"image\":{\"@id\":\"https:\/\/tele-mark.dk\/sv\/?p=11380#primaryimage\"},\"thumbnailUrl\":\"https:\/\/tele-mark.dk\/wp-content\/uploads\/2022\/12\/20221201-110249-scaled-1.jpg\",\"datePublished\":\"2022-12-01T06:17:58+00:00\",\"dateModified\":\"2025-09-26T07:10:57+00:00\",\"breadcrumb\":{\"@id\":\"https:\/\/tele-mark.dk\/sv\/?p=11380#breadcrumb\"},\"inLanguage\":\"sv-SE\",\"potentialAction\":[{\"@type\":\"ReadAction\",\"target\":[\"https:\/\/tele-mark.dk\/sv\/?p=11380\"]}]},{\"@type\":\"ImageObject\",\"inLanguage\":\"sv-SE\",\"@id\":\"https:\/\/tele-mark.dk\/sv\/?p=11380#primaryimage\",\"url\":\"https:\/\/tele-mark.dk\/wp-content\/uploads\/2022\/12\/20221201-110249-scaled-1.jpg\",\"contentUrl\":\"https:\/\/tele-mark.dk\/wp-content\/uploads\/2022\/12\/20221201-110249-scaled-1.jpg\",\"width\":1153,\"height\":2048},{\"@type\":\"BreadcrumbList\",\"@id\":\"https:\/\/tele-mark.dk\/sv\/?p=11380#breadcrumb\",\"itemListElement\":[{\"@type\":\"ListItem\",\"position\":1,\"name\":\"Forside\",\"item\":\"https:\/\/tele-mark.dk\/sv\/?page_id=10827\"},{\"@type\":\"ListItem\",\"position\":2,\"name\":\"Sedan var det december igen, och s\u00e5 var det \u00e4ven p\u00e5 Tele-Mark A\/S.\"}]},{\"@type\":\"WebSite\",\"@id\":\"https:\/\/tele-mark.dk\/#website\",\"url\":\"https:\/\/tele-mark.dk\/\",\"name\":\"Tele-Mark A\/S\",\"description\":\"Telemarketingbyr\u00e5 \u200b\u200bf\u00f6r Danmark, Norden, Europa och hela v\u00e4rlden\",\"publisher\":{\"@id\":\"https:\/\/tele-mark.dk\/#organization\"},\"potentialAction\":[{\"@type\":\"SearchAction\",\"target\":{\"@type\":\"EntryPoint\",\"urlTemplate\":\"https:\/\/tele-mark.dk\/?s={search_term_string}\"},\"query-input\":{\"@type\":\"PropertyValueSpecification\",\"valueRequired\":true,\"valueName\":\"search_term_string\"}}],\"inLanguage\":\"sv-SE\"},{\"@type\":\"Organization\",\"@id\":\"https:\/\/tele-mark.dk\/#organization\",\"name\":\"Tele-Mark A\/S\",\"url\":\"https:\/\/tele-mark.dk\/\",\"logo\":{\"@type\":\"ImageObject\",\"inLanguage\":\"sv-SE\",\"@id\":\"https:\/\/tele-mark.dk\/#\/schema\/logo\/image\/\",\"url\":\"https:\/\/tele-mark.dk\/wp-content\/uploads\/2025\/03\/Nyt-logo.svg\",\"contentUrl\":\"https:\/\/tele-mark.dk\/wp-content\/uploads\/2025\/03\/Nyt-logo.svg\",\"width\":433,\"height\":161,\"caption\":\"Tele-Mark A\/S\"},\"image\":{\"@id\":\"https:\/\/tele-mark.dk\/#\/schema\/logo\/image\/\"}},{\"@type\":\"Person\",\"@id\":\"https:\/\/tele-mark.dk\/#\/schema\/person\/08dfec8274125355cc314880fdefb374\",\"name\":\"author\",\"url\":\"https:\/\/tele-mark.dk\/sv\/author\/author\/\"}]}<\/script>\n<!-- \/ Yoast SEO plugin. -->","yoast_head_json":{"title":"Sedan var det december igen, och s\u00e5 var det \u00e4ven p\u00e5 Tele-Mark A\/S. | Tele-Mark A\/S","robots":{"index":"index","follow":"follow","max-snippet":"max-snippet:-1","max-image-preview":"max-image-preview:large","max-video-preview":"max-video-preview:-1"},"canonical":"https:\/\/tele-mark.dk\/sv\/?p=11380","og_locale":"sv_SE","og_type":"article","og_title":"Sedan var det december igen, och s\u00e5 var det \u00e4ven p\u00e5 Tele-Mark A\/S. | Tele-Mark A\/S","og_description":"Sedan var det december igen, och s\u00e5 var det \u00e4ven p\u00e5 Tele-Mark A\/S. Det var 1 december igen, och p\u00e5 Tele-Mark A\/S firar vi december med de vanliga traditionerna; En presentkalender d\u00e4r alla tar med sig en fin present, och varje arbetsdag i december lottas ett antal kollegor ut f\u00f6r att v\u00e4lja en av de ... L\u00e4s mer","og_url":"https:\/\/tele-mark.dk\/sv\/?p=11380","og_site_name":"Tele-Mark A\/S","article_published_time":"2022-12-01T06:17:58+00:00","article_modified_time":"2025-09-26T07:10:57+00:00","og_image":[{"width":1153,"height":2048,"url":"https:\/\/tele-mark.dk\/wp-content\/uploads\/2022\/12\/20221201-110249-scaled-1.jpg","type":"image\/jpeg"}],"author":"author","twitter_card":"summary_large_image","twitter_misc":{"Skriven av":"author","Ber\u00e4knad l\u00e4stid":"1 minut"},"schema":{"@context":"https:\/\/schema.org","@graph":[{"@type":"Article","@id":"https:\/\/tele-mark.dk\/sv\/?p=11380#article","isPartOf":{"@id":"https:\/\/tele-mark.dk\/sv\/?p=11380"},"author":{"name":"author","@id":"https:\/\/tele-mark.dk\/#\/schema\/person\/08dfec8274125355cc314880fdefb374"},"headline":"Sedan var det december igen, och s\u00e5 var det \u00e4ven p\u00e5 Tele-Mark A\/S.","datePublished":"2022-12-01T06:17:58+00:00","dateModified":"2025-09-26T07:10:57+00:00","mainEntityOfPage":{"@id":"https:\/\/tele-mark.dk\/sv\/?p=11380"},"wordCount":167,"publisher":{"@id":"https:\/\/tele-mark.dk\/#organization"},"image":{"@id":"https:\/\/tele-mark.dk\/sv\/?p=11380#primaryimage"},"thumbnailUrl":"https:\/\/tele-mark.dk\/wp-content\/uploads\/2022\/12\/20221201-110249-scaled-1.jpg","articleSection":["Okategoriserad @sv"],"inLanguage":"sv-SE"},{"@type":"WebPage","@id":"https:\/\/tele-mark.dk\/sv\/?p=11380","url":"https:\/\/tele-mark.dk\/sv\/?p=11380","name":"Sedan var det december igen, och s\u00e5 var det \u00e4ven p\u00e5 Tele-Mark A\/S. | Tele-Mark A\/S","isPartOf":{"@id":"https:\/\/tele-mark.dk\/#website"},"primaryImageOfPage":{"@id":"https:\/\/tele-mark.dk\/sv\/?p=11380#primaryimage"},"image":{"@id":"https:\/\/tele-mark.dk\/sv\/?p=11380#primaryimage"},"thumbnailUrl":"https:\/\/tele-mark.dk\/wp-content\/uploads\/2022\/12\/20221201-110249-scaled-1.jpg","datePublished":"2022-12-01T06:17:58+00:00","dateModified":"2025-09-26T07:10:57+00:00","breadcrumb":{"@id":"https:\/\/tele-mark.dk\/sv\/?p=11380#breadcrumb"},"inLanguage":"sv-SE","potentialAction":[{"@type":"ReadAction","target":["https:\/\/tele-mark.dk\/sv\/?p=11380"]}]},{"@type":"ImageObject","inLanguage":"sv-SE","@id":"https:\/\/tele-mark.dk\/sv\/?p=11380#primaryimage","url":"https:\/\/tele-mark.dk\/wp-content\/uploads\/2022\/12\/20221201-110249-scaled-1.jpg","contentUrl":"https:\/\/tele-mark.dk\/wp-content\/uploads\/2022\/12\/20221201-110249-scaled-1.jpg","width":1153,"height":2048},{"@type":"BreadcrumbList","@id":"https:\/\/tele-mark.dk\/sv\/?p=11380#breadcrumb","itemListElement":[{"@type":"ListItem","position":1,"name":"Forside","item":"https:\/\/tele-mark.dk\/sv\/?page_id=10827"},{"@type":"ListItem","position":2,"name":"Sedan var det december igen, och s\u00e5 var det \u00e4ven p\u00e5 Tele-Mark A\/S."}]},{"@type":"WebSite","@id":"https:\/\/tele-mark.dk\/#website","url":"https:\/\/tele-mark.dk\/","name":"Tele-Mark A\/S","description":"Telemarketingbyr\u00e5 \u200b\u200bf\u00f6r Danmark, Norden, Europa och hela v\u00e4rlden","publisher":{"@id":"https:\/\/tele-mark.dk\/#organization"},"potentialAction":[{"@type":"SearchAction","target":{"@type":"EntryPoint","urlTemplate":"https:\/\/tele-mark.dk\/?s={search_term_string}"},"query-input":{"@type":"PropertyValueSpecification","valueRequired":true,"valueName":"search_term_string"}}],"inLanguage":"sv-SE"},{"@type":"Organization","@id":"https:\/\/tele-mark.dk\/#organization","name":"Tele-Mark A\/S","url":"https:\/\/tele-mark.dk\/","logo":{"@type":"ImageObject","inLanguage":"sv-SE","@id":"https:\/\/tele-mark.dk\/#\/schema\/logo\/image\/","url":"https:\/\/tele-mark.dk\/wp-content\/uploads\/2025\/03\/Nyt-logo.svg","contentUrl":"https:\/\/tele-mark.dk\/wp-content\/uploads\/2025\/03\/Nyt-logo.svg","width":433,"height":161,"caption":"Tele-Mark A\/S"},"image":{"@id":"https:\/\/tele-mark.dk\/#\/schema\/logo\/image\/"}},{"@type":"Person","@id":"https:\/\/tele-mark.dk\/#\/schema\/person\/08dfec8274125355cc314880fdefb374","name":"author","url":"https:\/\/tele-mark.dk\/sv\/author\/author\/"}]}},"_links":{"self":[{"href":"https:\/\/tele-mark.dk\/sv\/wp-json\/wp\/v2\/posts\/11380","targetHints":{"allow":["GET"]}}],"collection":[{"href":"https:\/\/tele-mark.dk\/sv\/wp-json\/wp\/v2\/posts"}],"about":[{"href":"https:\/\/tele-mark.dk\/sv\/wp-json\/wp\/v2\/types\/post"}],"author":[{"embeddable":true,"href":"https:\/\/tele-mark.dk\/sv\/wp-json\/wp\/v2\/users\/1"}],"replies":[{"embeddable":true,"href":"https:\/\/tele-mark.dk\/sv\/wp-json\/wp\/v2\/comments?post=11380"}],"version-history":[{"count":1,"href":"https:\/\/tele-mark.dk\/sv\/wp-json\/wp\/v2\/posts\/11380\/revisions"}],"predecessor-version":[{"id":11381,"href":"https:\/\/tele-mark.dk\/sv\/wp-json\/wp\/v2\/posts\/11380\/revisions\/11381"}],"wp:featuredmedia":[{"embeddable":true,"href":"https:\/\/tele-mark.dk\/sv\/wp-json\/wp\/v2\/media\/11218"}],"wp:attachment":[{"href":"https:\/\/tele-mark.dk\/sv\/wp-json\/wp\/v2\/media?parent=11380"}],"wp:term":[{"taxonomy":"category","embeddable":true,"href":"https:\/\/tele-mark.dk\/sv\/wp-json\/wp\/v2\/categories?post=11380"},{"taxonomy":"post_tag","embeddable":true,"href":"https:\/\/tele-mark.dk\/sv\/wp-json\/wp\/v2\/tags?post=11380"}],"curies":[{"name":"wp","href":"https:\/\/api.w.org\/{rel}","templated":true}]}}