{"id":11870,"date":"2010-09-20T08:55:08","date_gmt":"2010-09-20T06:55:08","guid":{"rendered":"https:\/\/tele-mark.dk\/tele-mark-a-s-wird-eine-zusammenarbeit-mit-einer-der-groessten-kulturinstitutionen-kopenhagens-initiieren\/"},"modified":"2025-09-26T09:15:04","modified_gmt":"2025-09-26T07:15:04","slug":"tele-mark-a-s-wird-eine-zusammenarbeit-mit-einer-der-groessten-kulturinstitutionen-kopenhagens-initiieren","status":"publish","type":"post","link":"https:\/\/tele-mark.dk\/de\/tele-mark-a-s-wird-eine-zusammenarbeit-mit-einer-der-groessten-kulturinstitutionen-kopenhagens-initiieren\/","title":{"rendered":"Tele-Mark A\/S wird eine Zusammenarbeit mit einer der gr\u00f6\u00dften Kulturinstitutionen Kopenhagens initiieren."},"content":{"rendered":"<p>Tele-Mark A\/S hat die Ambition, eine Zusammenarbeit mit einer der gr\u00f6\u00dften Kulturinstitutionen Kopenhagens zu initiieren.<\/p>\n<p>Nachdem die Zusammenarbeit mit der gr\u00f6\u00dften Kulturinstitution in Aarhus erfolgreich angelaufen ist und die Ergebnisse sehr positiv ausfallen, ist es das Ziel von Tele-Mark A\/S nun, eine \u00e4hnliche Zusammenarbeit zun\u00e4chst mit einer der gro\u00dfen Kulturinstitutionen in Kopenhagen und Odense zu initiieren. Sp\u00e4ter sollen \u00e4hnliche Kooperationen mit entsprechenden Kulturinstitutionen in Oslo, Stockholm und den gr\u00f6\u00dften St\u00e4dten Deutschlands und Englands initiiert werden. <\/p>\n<p>Wenn Sie mehr dar\u00fcber erfahren m\u00f6chten, wie Tele-Mark A\/S kulturellen Organisationen helfen kann, wenden Sie sich bitte an Mads oder Claus unter 70 237 238.<\/p>\n<p><strong>Lesen Sie mehr \u00fcber:<\/strong><\/p>\n<ul>\n<li><a title=\"Meetingbuchung\" href=\"\/telemarketing\/modebooking\/\">Meetingbuchung<\/a><\/li>\n<li><a title=\"Telemarketing\" href=\"https:\/\/tele-mark.dk\/de\/telemarketing\/\">Telemarketing<\/a><\/li>\n<li><a title=\"Meeting-Bucher\" href=\"https:\/\/tele-mark.dk\/de\/telemarketing\/meeting-bucher\/\">Meeting-Bucher<\/a><\/li>\n<\/ul>\n","protected":false},"excerpt":{"rendered":"<p>Tele-Mark A\/S hat die Ambition, eine Zusammenarbeit mit einer der gr\u00f6\u00dften Kulturinstitutionen Kopenhagens zu initiieren. Nachdem die Zusammenarbeit mit der gr\u00f6\u00dften Kulturinstitution in Aarhus erfolgreich angelaufen ist und die Ergebnisse sehr positiv ausfallen, ist es das Ziel von Tele-Mark A\/S nun, eine \u00e4hnliche Zusammenarbeit zun\u00e4chst mit einer der gro\u00dfen Kulturinstitutionen in Kopenhagen und Odense zu &#8230; <a title=\"Tele-Mark A\/S wird eine Zusammenarbeit mit einer der gr\u00f6\u00dften Kulturinstitutionen Kopenhagens initiieren.\" class=\"read-more\" href=\"https:\/\/tele-mark.dk\/de\/tele-mark-a-s-wird-eine-zusammenarbeit-mit-einer-der-groessten-kulturinstitutionen-kopenhagens-initiieren\/\" aria-label=\"Mehr Informationen \u00fcber Tele-Mark A\/S wird eine Zusammenarbeit mit einer der gr\u00f6\u00dften Kulturinstitutionen Kopenhagens initiieren.\">Weiterlesen &#8230;<\/a><\/p>\n","protected":false},"author":7,"featured_media":0,"comment_status":"closed","ping_status":"closed","sticky":false,"template":"","format":"standard","meta":{"_acf_changed":false,"footnotes":""},"categories":[71],"tags":[],"class_list":["post-11870","post","type-post","status-publish","format-standard","hentry","category-okategoriserad"],"acf":[],"yoast_head":"<!-- This site is optimized with the Yoast SEO plugin v26.8 - https:\/\/yoast.com\/product\/yoast-seo-wordpress\/ -->\n<title>Tele-Mark A\/S wird eine Zusammenarbeit mit einer der gr\u00f6\u00dften Kulturinstitutionen Kopenhagens initiieren. | Tele-Mark A\/S<\/title>\n<meta name=\"robots\" content=\"index, follow, max-snippet:-1, max-image-preview:large, max-video-preview:-1\" \/>\n<link rel=\"canonical\" href=\"https:\/\/tele-mark.dk\/de\/?p=11870\" \/>\n<meta property=\"og:locale\" content=\"de_DE\" \/>\n<meta property=\"og:type\" content=\"article\" \/>\n<meta property=\"og:title\" content=\"Tele-Mark A\/S wird eine Zusammenarbeit mit einer der gr\u00f6\u00dften Kulturinstitutionen Kopenhagens initiieren. | Tele-Mark A\/S\" \/>\n<meta property=\"og:description\" content=\"Tele-Mark A\/S hat die Ambition, eine Zusammenarbeit mit einer der gr\u00f6\u00dften Kulturinstitutionen Kopenhagens zu initiieren. Nachdem die Zusammenarbeit mit der gr\u00f6\u00dften Kulturinstitution in Aarhus erfolgreich angelaufen ist und die Ergebnisse sehr positiv ausfallen, ist es das Ziel von Tele-Mark A\/S nun, eine \u00e4hnliche Zusammenarbeit zun\u00e4chst mit einer der gro\u00dfen Kulturinstitutionen in Kopenhagen und Odense zu ... Weiterlesen ...\" \/>\n<meta property=\"og:url\" content=\"https:\/\/tele-mark.dk\/de\/?p=11870\" \/>\n<meta property=\"og:site_name\" content=\"Tele-Mark A\/S\" \/>\n<meta property=\"article:published_time\" content=\"2010-09-20T06:55:08+00:00\" \/>\n<meta property=\"article:modified_time\" content=\"2025-09-26T07:15:04+00:00\" \/>\n<meta name=\"author\" content=\"MK@tele-mark.dk\" \/>\n<meta name=\"twitter:card\" content=\"summary_large_image\" \/>\n<meta name=\"twitter:label1\" content=\"Verfasst von\" \/>\n\t<meta name=\"twitter:data1\" content=\"MK@tele-mark.dk\" \/>\n\t<meta name=\"twitter:label2\" content=\"Gesch\u00e4tzte Lesezeit\" \/>\n\t<meta name=\"twitter:data2\" content=\"1\u00a0Minute\" \/>\n<script type=\"application\/ld+json\" class=\"yoast-schema-graph\">{\"@context\":\"https:\/\/schema.org\",\"@graph\":[{\"@type\":\"Article\",\"@id\":\"https:\/\/tele-mark.dk\/de\/?p=11870#article\",\"isPartOf\":{\"@id\":\"https:\/\/tele-mark.dk\/de\/?p=11870\"},\"author\":{\"name\":\"MK@tele-mark.dk\",\"@id\":\"https:\/\/tele-mark.dk\/#\/schema\/person\/b384f8c60f09de558a20bb8574465698\"},\"headline\":\"Tele-Mark A\/S wird eine Zusammenarbeit mit einer der gr\u00f6\u00dften Kulturinstitutionen Kopenhagens initiieren.\",\"datePublished\":\"2010-09-20T06:55:08+00:00\",\"dateModified\":\"2025-09-26T07:15:04+00:00\",\"mainEntityOfPage\":{\"@id\":\"https:\/\/tele-mark.dk\/de\/?p=11870\"},\"wordCount\":130,\"publisher\":{\"@id\":\"https:\/\/tele-mark.dk\/#organization\"},\"articleSection\":[\"Okategoriserad\"],\"inLanguage\":\"de\"},{\"@type\":\"WebPage\",\"@id\":\"https:\/\/tele-mark.dk\/de\/?p=11870\",\"url\":\"https:\/\/tele-mark.dk\/de\/?p=11870\",\"name\":\"Tele-Mark A\/S wird eine Zusammenarbeit mit einer der gr\u00f6\u00dften Kulturinstitutionen Kopenhagens initiieren. | Tele-Mark A\/S\",\"isPartOf\":{\"@id\":\"https:\/\/tele-mark.dk\/#website\"},\"datePublished\":\"2010-09-20T06:55:08+00:00\",\"dateModified\":\"2025-09-26T07:15:04+00:00\",\"breadcrumb\":{\"@id\":\"https:\/\/tele-mark.dk\/de\/?p=11870#breadcrumb\"},\"inLanguage\":\"de\",\"potentialAction\":[{\"@type\":\"ReadAction\",\"target\":[\"https:\/\/tele-mark.dk\/de\/?p=11870\"]}]},{\"@type\":\"BreadcrumbList\",\"@id\":\"https:\/\/tele-mark.dk\/de\/?p=11870#breadcrumb\",\"itemListElement\":[{\"@type\":\"ListItem\",\"position\":1,\"name\":\"Forside\",\"item\":\"https:\/\/tele-mark.dk\/de\/?page_id=10844\"},{\"@type\":\"ListItem\",\"position\":2,\"name\":\"Tele-Mark A\/S wird eine Zusammenarbeit mit einer der gr\u00f6\u00dften Kulturinstitutionen Kopenhagens initiieren.\"}]},{\"@type\":\"WebSite\",\"@id\":\"https:\/\/tele-mark.dk\/#website\",\"url\":\"https:\/\/tele-mark.dk\/\",\"name\":\"Tele-Mark A\/S\",\"description\":\"Telemarketing-Agentur f\u00fcr D\u00e4nemark, die nordischen L\u00e4nder, Europa und die ganze Welt\",\"publisher\":{\"@id\":\"https:\/\/tele-mark.dk\/#organization\"},\"potentialAction\":[{\"@type\":\"SearchAction\",\"target\":{\"@type\":\"EntryPoint\",\"urlTemplate\":\"https:\/\/tele-mark.dk\/?s={search_term_string}\"},\"query-input\":{\"@type\":\"PropertyValueSpecification\",\"valueRequired\":true,\"valueName\":\"search_term_string\"}}],\"inLanguage\":\"de\"},{\"@type\":\"Organization\",\"@id\":\"https:\/\/tele-mark.dk\/#organization\",\"name\":\"Tele-Mark A\/S\",\"url\":\"https:\/\/tele-mark.dk\/\",\"logo\":{\"@type\":\"ImageObject\",\"inLanguage\":\"de\",\"@id\":\"https:\/\/tele-mark.dk\/#\/schema\/logo\/image\/\",\"url\":\"https:\/\/tele-mark.dk\/wp-content\/uploads\/2025\/03\/Nyt-logo.svg\",\"contentUrl\":\"https:\/\/tele-mark.dk\/wp-content\/uploads\/2025\/03\/Nyt-logo.svg\",\"width\":433,\"height\":161,\"caption\":\"Tele-Mark A\/S\"},\"image\":{\"@id\":\"https:\/\/tele-mark.dk\/#\/schema\/logo\/image\/\"}},{\"@type\":\"Person\",\"@id\":\"https:\/\/tele-mark.dk\/#\/schema\/person\/b384f8c60f09de558a20bb8574465698\",\"name\":\"MK@tele-mark.dk\",\"url\":\"https:\/\/tele-mark.dk\/de\/author\/mktele-mark-dk\/\"}]}<\/script>\n<!-- \/ Yoast SEO plugin. -->","yoast_head_json":{"title":"Tele-Mark A\/S wird eine Zusammenarbeit mit einer der gr\u00f6\u00dften Kulturinstitutionen Kopenhagens initiieren. | Tele-Mark A\/S","robots":{"index":"index","follow":"follow","max-snippet":"max-snippet:-1","max-image-preview":"max-image-preview:large","max-video-preview":"max-video-preview:-1"},"canonical":"https:\/\/tele-mark.dk\/de\/?p=11870","og_locale":"de_DE","og_type":"article","og_title":"Tele-Mark A\/S wird eine Zusammenarbeit mit einer der gr\u00f6\u00dften Kulturinstitutionen Kopenhagens initiieren. | Tele-Mark A\/S","og_description":"Tele-Mark A\/S hat die Ambition, eine Zusammenarbeit mit einer der gr\u00f6\u00dften Kulturinstitutionen Kopenhagens zu initiieren. Nachdem die Zusammenarbeit mit der gr\u00f6\u00dften Kulturinstitution in Aarhus erfolgreich angelaufen ist und die Ergebnisse sehr positiv ausfallen, ist es das Ziel von Tele-Mark A\/S nun, eine \u00e4hnliche Zusammenarbeit zun\u00e4chst mit einer der gro\u00dfen Kulturinstitutionen in Kopenhagen und Odense zu ... Weiterlesen ...","og_url":"https:\/\/tele-mark.dk\/de\/?p=11870","og_site_name":"Tele-Mark A\/S","article_published_time":"2010-09-20T06:55:08+00:00","article_modified_time":"2025-09-26T07:15:04+00:00","author":"MK@tele-mark.dk","twitter_card":"summary_large_image","twitter_misc":{"Verfasst von":"MK@tele-mark.dk","Gesch\u00e4tzte Lesezeit":"1\u00a0Minute"},"schema":{"@context":"https:\/\/schema.org","@graph":[{"@type":"Article","@id":"https:\/\/tele-mark.dk\/de\/?p=11870#article","isPartOf":{"@id":"https:\/\/tele-mark.dk\/de\/?p=11870"},"author":{"name":"MK@tele-mark.dk","@id":"https:\/\/tele-mark.dk\/#\/schema\/person\/b384f8c60f09de558a20bb8574465698"},"headline":"Tele-Mark A\/S wird eine Zusammenarbeit mit einer der gr\u00f6\u00dften Kulturinstitutionen Kopenhagens initiieren.","datePublished":"2010-09-20T06:55:08+00:00","dateModified":"2025-09-26T07:15:04+00:00","mainEntityOfPage":{"@id":"https:\/\/tele-mark.dk\/de\/?p=11870"},"wordCount":130,"publisher":{"@id":"https:\/\/tele-mark.dk\/#organization"},"articleSection":["Okategoriserad"],"inLanguage":"de"},{"@type":"WebPage","@id":"https:\/\/tele-mark.dk\/de\/?p=11870","url":"https:\/\/tele-mark.dk\/de\/?p=11870","name":"Tele-Mark A\/S wird eine Zusammenarbeit mit einer der gr\u00f6\u00dften Kulturinstitutionen Kopenhagens initiieren. | Tele-Mark A\/S","isPartOf":{"@id":"https:\/\/tele-mark.dk\/#website"},"datePublished":"2010-09-20T06:55:08+00:00","dateModified":"2025-09-26T07:15:04+00:00","breadcrumb":{"@id":"https:\/\/tele-mark.dk\/de\/?p=11870#breadcrumb"},"inLanguage":"de","potentialAction":[{"@type":"ReadAction","target":["https:\/\/tele-mark.dk\/de\/?p=11870"]}]},{"@type":"BreadcrumbList","@id":"https:\/\/tele-mark.dk\/de\/?p=11870#breadcrumb","itemListElement":[{"@type":"ListItem","position":1,"name":"Forside","item":"https:\/\/tele-mark.dk\/de\/?page_id=10844"},{"@type":"ListItem","position":2,"name":"Tele-Mark A\/S wird eine Zusammenarbeit mit einer der gr\u00f6\u00dften Kulturinstitutionen Kopenhagens initiieren."}]},{"@type":"WebSite","@id":"https:\/\/tele-mark.dk\/#website","url":"https:\/\/tele-mark.dk\/","name":"Tele-Mark A\/S","description":"Telemarketing-Agentur f\u00fcr D\u00e4nemark, die nordischen L\u00e4nder, Europa und die ganze Welt","publisher":{"@id":"https:\/\/tele-mark.dk\/#organization"},"potentialAction":[{"@type":"SearchAction","target":{"@type":"EntryPoint","urlTemplate":"https:\/\/tele-mark.dk\/?s={search_term_string}"},"query-input":{"@type":"PropertyValueSpecification","valueRequired":true,"valueName":"search_term_string"}}],"inLanguage":"de"},{"@type":"Organization","@id":"https:\/\/tele-mark.dk\/#organization","name":"Tele-Mark A\/S","url":"https:\/\/tele-mark.dk\/","logo":{"@type":"ImageObject","inLanguage":"de","@id":"https:\/\/tele-mark.dk\/#\/schema\/logo\/image\/","url":"https:\/\/tele-mark.dk\/wp-content\/uploads\/2025\/03\/Nyt-logo.svg","contentUrl":"https:\/\/tele-mark.dk\/wp-content\/uploads\/2025\/03\/Nyt-logo.svg","width":433,"height":161,"caption":"Tele-Mark A\/S"},"image":{"@id":"https:\/\/tele-mark.dk\/#\/schema\/logo\/image\/"}},{"@type":"Person","@id":"https:\/\/tele-mark.dk\/#\/schema\/person\/b384f8c60f09de558a20bb8574465698","name":"MK@tele-mark.dk","url":"https:\/\/tele-mark.dk\/de\/author\/mktele-mark-dk\/"}]}},"_links":{"self":[{"href":"https:\/\/tele-mark.dk\/de\/wp-json\/wp\/v2\/posts\/11870","targetHints":{"allow":["GET"]}}],"collection":[{"href":"https:\/\/tele-mark.dk\/de\/wp-json\/wp\/v2\/posts"}],"about":[{"href":"https:\/\/tele-mark.dk\/de\/wp-json\/wp\/v2\/types\/post"}],"author":[{"embeddable":true,"href":"https:\/\/tele-mark.dk\/de\/wp-json\/wp\/v2\/users\/7"}],"replies":[{"embeddable":true,"href":"https:\/\/tele-mark.dk\/de\/wp-json\/wp\/v2\/comments?post=11870"}],"version-history":[{"count":1,"href":"https:\/\/tele-mark.dk\/de\/wp-json\/wp\/v2\/posts\/11870\/revisions"}],"predecessor-version":[{"id":11872,"href":"https:\/\/tele-mark.dk\/de\/wp-json\/wp\/v2\/posts\/11870\/revisions\/11872"}],"wp:attachment":[{"href":"https:\/\/tele-mark.dk\/de\/wp-json\/wp\/v2\/media?parent=11870"}],"wp:term":[{"taxonomy":"category","embeddable":true,"href":"https:\/\/tele-mark.dk\/de\/wp-json\/wp\/v2\/categories?post=11870"},{"taxonomy":"post_tag","embeddable":true,"href":"https:\/\/tele-mark.dk\/de\/wp-json\/wp\/v2\/tags?post=11870"}],"curies":[{"name":"wp","href":"https:\/\/api.w.org\/{rel}","templated":true}]}}