{"id":11782,"date":"2011-06-20T08:36:17","date_gmt":"2011-06-20T06:36:17","guid":{"rendered":"https:\/\/tele-mark.dk\/bis-zur-28-woche-sind-wir-beschaeftigt-dann-gehen-wir-fuer-drei-wochen-in-den-wohlverdienten-sommerurlaub\/"},"modified":"2025-09-26T09:14:15","modified_gmt":"2025-09-26T07:14:15","slug":"bis-zur-28-woche-sind-wir-beschaeftigt-dann-gehen-wir-fuer-drei-wochen-in-den-wohlverdienten-sommerurlaub","status":"publish","type":"post","link":"https:\/\/tele-mark.dk\/de\/bis-zur-28-woche-sind-wir-beschaeftigt-dann-gehen-wir-fuer-drei-wochen-in-den-wohlverdienten-sommerurlaub\/","title":{"rendered":"Bis zur 28. Woche sind wir besch\u00e4ftigt, dann gehen wir f\u00fcr drei Wochen in den wohlverdienten Sommerurlaub."},"content":{"rendered":"<p>Auch dieses Jahr erlebt Tele-Mark A\/S, dass unsere Kunden unsere Dienstleistungen bis zum Sommerurlaub ben\u00f6tigen. Bis zum 8. Juli arbeiten wir hart daran, die letzten Dinge zu erledigen, bevor wir ab der 28. Woche in den wohlverdienten Sommerurlaub gehen. <\/p>\n<p><strong>Lesen Sie mehr \u00fcber:<\/strong><\/p>\n<ul>\n<li><a title=\"Meetingbuchung\" href=\"\/telemarketing\/modebooking\/\">Meetingbuchung<\/a><\/li>\n<li><a title=\"Telemarketing\" href=\"https:\/\/tele-mark.dk\/de\/telemarketing\/\">Telemarketing<\/a><\/li>\n<li><a title=\"Meeting-Bucher\" href=\"https:\/\/tele-mark.dk\/de\/telemarketing\/meeting-bucher\/\">Meeting-Bucher<\/a><\/li>\n<\/ul>\n<div class=\"fb-share-button\" data-layout=\"button\"><\/div>\n","protected":false},"excerpt":{"rendered":"<p>Auch dieses Jahr erlebt Tele-Mark A\/S, dass unsere Kunden unsere Dienstleistungen bis zum Sommerurlaub ben\u00f6tigen. Bis zum 8. Juli arbeiten wir hart daran, die letzten Dinge zu erledigen, bevor wir ab der 28. Woche in den wohlverdienten Sommerurlaub gehen. Lesen Sie mehr \u00fcber: Meetingbuchung Telemarketing Meeting-Bucher<\/p>\n","protected":false},"author":7,"featured_media":0,"comment_status":"closed","ping_status":"closed","sticky":false,"template":"","format":"standard","meta":{"_acf_changed":false,"footnotes":""},"categories":[71],"tags":[],"class_list":["post-11782","post","type-post","status-publish","format-standard","hentry","category-okategoriserad"],"acf":[],"yoast_head":"<!-- This site is optimized with the Yoast SEO plugin v26.8 - https:\/\/yoast.com\/product\/yoast-seo-wordpress\/ -->\n<title>Bis zur 28. Woche sind wir besch\u00e4ftigt, dann gehen wir f\u00fcr drei Wochen in den wohlverdienten Sommerurlaub. | Tele-Mark A\/S<\/title>\n<meta name=\"robots\" content=\"index, follow, max-snippet:-1, max-image-preview:large, max-video-preview:-1\" \/>\n<link rel=\"canonical\" href=\"https:\/\/tele-mark.dk\/de\/?p=11782\" \/>\n<meta property=\"og:locale\" content=\"de_DE\" \/>\n<meta property=\"og:type\" content=\"article\" \/>\n<meta property=\"og:title\" content=\"Bis zur 28. Woche sind wir besch\u00e4ftigt, dann gehen wir f\u00fcr drei Wochen in den wohlverdienten Sommerurlaub. | Tele-Mark A\/S\" \/>\n<meta property=\"og:description\" content=\"Auch dieses Jahr erlebt Tele-Mark A\/S, dass unsere Kunden unsere Dienstleistungen bis zum Sommerurlaub ben\u00f6tigen. Bis zum 8. Juli arbeiten wir hart daran, die letzten Dinge zu erledigen, bevor wir ab der 28. Woche in den wohlverdienten Sommerurlaub gehen. Lesen Sie mehr \u00fcber: Meetingbuchung Telemarketing Meeting-Bucher\" \/>\n<meta property=\"og:url\" content=\"https:\/\/tele-mark.dk\/de\/?p=11782\" \/>\n<meta property=\"og:site_name\" content=\"Tele-Mark A\/S\" \/>\n<meta property=\"article:published_time\" content=\"2011-06-20T06:36:17+00:00\" \/>\n<meta property=\"article:modified_time\" content=\"2025-09-26T07:14:15+00:00\" \/>\n<meta name=\"author\" content=\"MK@tele-mark.dk\" \/>\n<meta name=\"twitter:card\" content=\"summary_large_image\" \/>\n<meta name=\"twitter:label1\" content=\"Verfasst von\" \/>\n\t<meta name=\"twitter:data1\" content=\"MK@tele-mark.dk\" \/>\n<script type=\"application\/ld+json\" class=\"yoast-schema-graph\">{\"@context\":\"https:\/\/schema.org\",\"@graph\":[{\"@type\":\"Article\",\"@id\":\"https:\/\/tele-mark.dk\/de\/?p=11782#article\",\"isPartOf\":{\"@id\":\"https:\/\/tele-mark.dk\/de\/?p=11782\"},\"author\":{\"name\":\"MK@tele-mark.dk\",\"@id\":\"https:\/\/tele-mark.dk\/#\/schema\/person\/b384f8c60f09de558a20bb8574465698\"},\"headline\":\"Bis zur 28. Woche sind wir besch\u00e4ftigt, dann gehen wir f\u00fcr drei Wochen in den wohlverdienten Sommerurlaub.\",\"datePublished\":\"2011-06-20T06:36:17+00:00\",\"dateModified\":\"2025-09-26T07:14:15+00:00\",\"mainEntityOfPage\":{\"@id\":\"https:\/\/tele-mark.dk\/de\/?p=11782\"},\"wordCount\":64,\"publisher\":{\"@id\":\"https:\/\/tele-mark.dk\/#organization\"},\"articleSection\":[\"Okategoriserad\"],\"inLanguage\":\"de\"},{\"@type\":\"WebPage\",\"@id\":\"https:\/\/tele-mark.dk\/de\/?p=11782\",\"url\":\"https:\/\/tele-mark.dk\/de\/?p=11782\",\"name\":\"Bis zur 28. Woche sind wir besch\u00e4ftigt, dann gehen wir f\u00fcr drei Wochen in den wohlverdienten Sommerurlaub. | Tele-Mark A\/S\",\"isPartOf\":{\"@id\":\"https:\/\/tele-mark.dk\/#website\"},\"datePublished\":\"2011-06-20T06:36:17+00:00\",\"dateModified\":\"2025-09-26T07:14:15+00:00\",\"breadcrumb\":{\"@id\":\"https:\/\/tele-mark.dk\/de\/?p=11782#breadcrumb\"},\"inLanguage\":\"de\",\"potentialAction\":[{\"@type\":\"ReadAction\",\"target\":[\"https:\/\/tele-mark.dk\/de\/?p=11782\"]}]},{\"@type\":\"BreadcrumbList\",\"@id\":\"https:\/\/tele-mark.dk\/de\/?p=11782#breadcrumb\",\"itemListElement\":[{\"@type\":\"ListItem\",\"position\":1,\"name\":\"Forside\",\"item\":\"https:\/\/tele-mark.dk\/de\/?page_id=10844\"},{\"@type\":\"ListItem\",\"position\":2,\"name\":\"Bis zur 28. Woche sind wir besch\u00e4ftigt, dann gehen wir f\u00fcr drei Wochen in den wohlverdienten Sommerurlaub.\"}]},{\"@type\":\"WebSite\",\"@id\":\"https:\/\/tele-mark.dk\/#website\",\"url\":\"https:\/\/tele-mark.dk\/\",\"name\":\"Tele-Mark A\/S\",\"description\":\"Telemarketing-Agentur f\u00fcr D\u00e4nemark, die nordischen L\u00e4nder, Europa und die ganze Welt\",\"publisher\":{\"@id\":\"https:\/\/tele-mark.dk\/#organization\"},\"potentialAction\":[{\"@type\":\"SearchAction\",\"target\":{\"@type\":\"EntryPoint\",\"urlTemplate\":\"https:\/\/tele-mark.dk\/?s={search_term_string}\"},\"query-input\":{\"@type\":\"PropertyValueSpecification\",\"valueRequired\":true,\"valueName\":\"search_term_string\"}}],\"inLanguage\":\"de\"},{\"@type\":\"Organization\",\"@id\":\"https:\/\/tele-mark.dk\/#organization\",\"name\":\"Tele-Mark A\/S\",\"url\":\"https:\/\/tele-mark.dk\/\",\"logo\":{\"@type\":\"ImageObject\",\"inLanguage\":\"de\",\"@id\":\"https:\/\/tele-mark.dk\/#\/schema\/logo\/image\/\",\"url\":\"https:\/\/tele-mark.dk\/wp-content\/uploads\/2025\/03\/Nyt-logo.svg\",\"contentUrl\":\"https:\/\/tele-mark.dk\/wp-content\/uploads\/2025\/03\/Nyt-logo.svg\",\"width\":433,\"height\":161,\"caption\":\"Tele-Mark A\/S\"},\"image\":{\"@id\":\"https:\/\/tele-mark.dk\/#\/schema\/logo\/image\/\"}},{\"@type\":\"Person\",\"@id\":\"https:\/\/tele-mark.dk\/#\/schema\/person\/b384f8c60f09de558a20bb8574465698\",\"name\":\"MK@tele-mark.dk\",\"url\":\"https:\/\/tele-mark.dk\/de\/author\/mktele-mark-dk\/\"}]}<\/script>\n<!-- \/ Yoast SEO plugin. -->","yoast_head_json":{"title":"Bis zur 28. Woche sind wir besch\u00e4ftigt, dann gehen wir f\u00fcr drei Wochen in den wohlverdienten Sommerurlaub. | Tele-Mark A\/S","robots":{"index":"index","follow":"follow","max-snippet":"max-snippet:-1","max-image-preview":"max-image-preview:large","max-video-preview":"max-video-preview:-1"},"canonical":"https:\/\/tele-mark.dk\/de\/?p=11782","og_locale":"de_DE","og_type":"article","og_title":"Bis zur 28. Woche sind wir besch\u00e4ftigt, dann gehen wir f\u00fcr drei Wochen in den wohlverdienten Sommerurlaub. | Tele-Mark A\/S","og_description":"Auch dieses Jahr erlebt Tele-Mark A\/S, dass unsere Kunden unsere Dienstleistungen bis zum Sommerurlaub ben\u00f6tigen. Bis zum 8. Juli arbeiten wir hart daran, die letzten Dinge zu erledigen, bevor wir ab der 28. Woche in den wohlverdienten Sommerurlaub gehen. Lesen Sie mehr \u00fcber: Meetingbuchung Telemarketing Meeting-Bucher","og_url":"https:\/\/tele-mark.dk\/de\/?p=11782","og_site_name":"Tele-Mark A\/S","article_published_time":"2011-06-20T06:36:17+00:00","article_modified_time":"2025-09-26T07:14:15+00:00","author":"MK@tele-mark.dk","twitter_card":"summary_large_image","twitter_misc":{"Verfasst von":"MK@tele-mark.dk"},"schema":{"@context":"https:\/\/schema.org","@graph":[{"@type":"Article","@id":"https:\/\/tele-mark.dk\/de\/?p=11782#article","isPartOf":{"@id":"https:\/\/tele-mark.dk\/de\/?p=11782"},"author":{"name":"MK@tele-mark.dk","@id":"https:\/\/tele-mark.dk\/#\/schema\/person\/b384f8c60f09de558a20bb8574465698"},"headline":"Bis zur 28. Woche sind wir besch\u00e4ftigt, dann gehen wir f\u00fcr drei Wochen in den wohlverdienten Sommerurlaub.","datePublished":"2011-06-20T06:36:17+00:00","dateModified":"2025-09-26T07:14:15+00:00","mainEntityOfPage":{"@id":"https:\/\/tele-mark.dk\/de\/?p=11782"},"wordCount":64,"publisher":{"@id":"https:\/\/tele-mark.dk\/#organization"},"articleSection":["Okategoriserad"],"inLanguage":"de"},{"@type":"WebPage","@id":"https:\/\/tele-mark.dk\/de\/?p=11782","url":"https:\/\/tele-mark.dk\/de\/?p=11782","name":"Bis zur 28. Woche sind wir besch\u00e4ftigt, dann gehen wir f\u00fcr drei Wochen in den wohlverdienten Sommerurlaub. | Tele-Mark A\/S","isPartOf":{"@id":"https:\/\/tele-mark.dk\/#website"},"datePublished":"2011-06-20T06:36:17+00:00","dateModified":"2025-09-26T07:14:15+00:00","breadcrumb":{"@id":"https:\/\/tele-mark.dk\/de\/?p=11782#breadcrumb"},"inLanguage":"de","potentialAction":[{"@type":"ReadAction","target":["https:\/\/tele-mark.dk\/de\/?p=11782"]}]},{"@type":"BreadcrumbList","@id":"https:\/\/tele-mark.dk\/de\/?p=11782#breadcrumb","itemListElement":[{"@type":"ListItem","position":1,"name":"Forside","item":"https:\/\/tele-mark.dk\/de\/?page_id=10844"},{"@type":"ListItem","position":2,"name":"Bis zur 28. Woche sind wir besch\u00e4ftigt, dann gehen wir f\u00fcr drei Wochen in den wohlverdienten Sommerurlaub."}]},{"@type":"WebSite","@id":"https:\/\/tele-mark.dk\/#website","url":"https:\/\/tele-mark.dk\/","name":"Tele-Mark A\/S","description":"Telemarketing-Agentur f\u00fcr D\u00e4nemark, die nordischen L\u00e4nder, Europa und die ganze Welt","publisher":{"@id":"https:\/\/tele-mark.dk\/#organization"},"potentialAction":[{"@type":"SearchAction","target":{"@type":"EntryPoint","urlTemplate":"https:\/\/tele-mark.dk\/?s={search_term_string}"},"query-input":{"@type":"PropertyValueSpecification","valueRequired":true,"valueName":"search_term_string"}}],"inLanguage":"de"},{"@type":"Organization","@id":"https:\/\/tele-mark.dk\/#organization","name":"Tele-Mark A\/S","url":"https:\/\/tele-mark.dk\/","logo":{"@type":"ImageObject","inLanguage":"de","@id":"https:\/\/tele-mark.dk\/#\/schema\/logo\/image\/","url":"https:\/\/tele-mark.dk\/wp-content\/uploads\/2025\/03\/Nyt-logo.svg","contentUrl":"https:\/\/tele-mark.dk\/wp-content\/uploads\/2025\/03\/Nyt-logo.svg","width":433,"height":161,"caption":"Tele-Mark A\/S"},"image":{"@id":"https:\/\/tele-mark.dk\/#\/schema\/logo\/image\/"}},{"@type":"Person","@id":"https:\/\/tele-mark.dk\/#\/schema\/person\/b384f8c60f09de558a20bb8574465698","name":"MK@tele-mark.dk","url":"https:\/\/tele-mark.dk\/de\/author\/mktele-mark-dk\/"}]}},"_links":{"self":[{"href":"https:\/\/tele-mark.dk\/de\/wp-json\/wp\/v2\/posts\/11782","targetHints":{"allow":["GET"]}}],"collection":[{"href":"https:\/\/tele-mark.dk\/de\/wp-json\/wp\/v2\/posts"}],"about":[{"href":"https:\/\/tele-mark.dk\/de\/wp-json\/wp\/v2\/types\/post"}],"author":[{"embeddable":true,"href":"https:\/\/tele-mark.dk\/de\/wp-json\/wp\/v2\/users\/7"}],"replies":[{"embeddable":true,"href":"https:\/\/tele-mark.dk\/de\/wp-json\/wp\/v2\/comments?post=11782"}],"version-history":[{"count":1,"href":"https:\/\/tele-mark.dk\/de\/wp-json\/wp\/v2\/posts\/11782\/revisions"}],"predecessor-version":[{"id":11784,"href":"https:\/\/tele-mark.dk\/de\/wp-json\/wp\/v2\/posts\/11782\/revisions\/11784"}],"wp:attachment":[{"href":"https:\/\/tele-mark.dk\/de\/wp-json\/wp\/v2\/media?parent=11782"}],"wp:term":[{"taxonomy":"category","embeddable":true,"href":"https:\/\/tele-mark.dk\/de\/wp-json\/wp\/v2\/categories?post=11782"},{"taxonomy":"post_tag","embeddable":true,"href":"https:\/\/tele-mark.dk\/de\/wp-json\/wp\/v2\/tags?post=11782"}],"curies":[{"name":"wp","href":"https:\/\/api.w.org\/{rel}","templated":true}]}}