{"id":11727,"date":"2013-02-19T08:15:59","date_gmt":"2013-02-19T07:15:59","guid":{"rendered":"https:\/\/tele-mark.dk\/neue-spannende-vereinbarung-mit-einer-der-fuehrenden-kulturorganisationen-des-landes\/"},"modified":"2025-09-26T09:13:43","modified_gmt":"2025-09-26T07:13:43","slug":"neue-spannende-vereinbarung-mit-einer-der-fuehrenden-kulturorganisationen-des-landes","status":"publish","type":"post","link":"https:\/\/tele-mark.dk\/de\/neue-spannende-vereinbarung-mit-einer-der-fuehrenden-kulturorganisationen-des-landes\/","title":{"rendered":"Neue spannende Vereinbarung mit einer der f\u00fchrenden Kulturorganisationen des Landes!"},"content":{"rendered":"<p>Tele-Mark A\/S schlie\u00dft zum dritten Mal in Folge eine Vereinbarung mit einer der f\u00fchrenden Kulturinstitutionen des Landes. Aufgrund der Bem\u00fchungen und Ergebnisse der letzten zwei Jahre hat sich die Institution f\u00fcr den bislang gr\u00f6\u00dften Vertrag mit Tele-Mark A\/S entschieden. <\/p>\n<p>Wir freuen uns darauf, im Jahr 2013 noch st\u00e4rker dazu beizutragen, die bereits starke Marktposition des Instituts weiter auszubauen.<\/p>\n<p>Es ist eine fantastische Erfahrung, die Kultur in D\u00e4nemark im dritten Jahr in Folge mitzugestalten.<\/p>\n<p>Aus Marktgr\u00fcnden haben wir mit der Kulturinstitution eine angemessene Begrenzung vereinbart. Wir haben jedoch die M\u00f6glichkeit, ein oder zwei weitere in D\u00e4nemark zu betreuen, sofern die geografische Lage keine Konflikte verursacht. <\/p>\n<p>Wenn Sie mehr dar\u00fcber erfahren m\u00f6chten, wenden Sie sich bitte an Mads Elefsen Kudsk unter 70 237 238 oder per E-Mail an: <a href=\"mailto:mk@tele-mark.dk\">mk@tele-mark.dk<\/a><\/p>\n<p><strong>Lesen Sie mehr \u00fcber:<\/strong><\/p>\n<ul>\n<li><a title=\"Meetingbuchung\" href=\"\/telemarketing\/modebooking\/\">Meetingbuchung<\/a><\/li>\n<li><a title=\"Telemarketing\" href=\"https:\/\/tele-mark.dk\/de\/telemarketing\/\">Telemarketing<\/a><\/li>\n<li><a title=\"Meeting-Bucher\" href=\"https:\/\/tele-mark.dk\/de\/telemarketing\/meeting-bucher\/\">Meeting-Bucher<\/a><\/li>\n<\/ul>\n","protected":false},"excerpt":{"rendered":"<p>Tele-Mark A\/S schlie\u00dft zum dritten Mal in Folge eine Vereinbarung mit einer der f\u00fchrenden Kulturinstitutionen des Landes. Aufgrund der Bem\u00fchungen und Ergebnisse der letzten zwei Jahre hat sich die Institution f\u00fcr den bislang gr\u00f6\u00dften Vertrag mit Tele-Mark A\/S entschieden. Wir freuen uns darauf, im Jahr 2013 noch st\u00e4rker dazu beizutragen, die bereits starke Marktposition des &#8230; <a title=\"Neue spannende Vereinbarung mit einer der f\u00fchrenden Kulturorganisationen des Landes!\" class=\"read-more\" href=\"https:\/\/tele-mark.dk\/de\/neue-spannende-vereinbarung-mit-einer-der-fuehrenden-kulturorganisationen-des-landes\/\" aria-label=\"Mehr Informationen \u00fcber Neue spannende Vereinbarung mit einer der f\u00fchrenden Kulturorganisationen des Landes!\">Weiterlesen &#8230;<\/a><\/p>\n","protected":false},"author":7,"featured_media":0,"comment_status":"closed","ping_status":"closed","sticky":false,"template":"","format":"standard","meta":{"_acf_changed":false,"footnotes":""},"categories":[71],"tags":[],"class_list":["post-11727","post","type-post","status-publish","format-standard","hentry","category-okategoriserad"],"acf":[],"yoast_head":"<!-- This site is optimized with the Yoast SEO plugin v26.8 - https:\/\/yoast.com\/product\/yoast-seo-wordpress\/ -->\n<title>Neue spannende Vereinbarung mit einer der f\u00fchrenden Kulturorganisationen des Landes! | Tele-Mark A\/S<\/title>\n<meta name=\"robots\" content=\"index, follow, max-snippet:-1, max-image-preview:large, max-video-preview:-1\" \/>\n<link rel=\"canonical\" href=\"https:\/\/tele-mark.dk\/de\/?p=11727\" \/>\n<meta property=\"og:locale\" content=\"de_DE\" \/>\n<meta property=\"og:type\" content=\"article\" \/>\n<meta property=\"og:title\" content=\"Neue spannende Vereinbarung mit einer der f\u00fchrenden Kulturorganisationen des Landes! | Tele-Mark A\/S\" \/>\n<meta property=\"og:description\" content=\"Tele-Mark A\/S schlie\u00dft zum dritten Mal in Folge eine Vereinbarung mit einer der f\u00fchrenden Kulturinstitutionen des Landes. Aufgrund der Bem\u00fchungen und Ergebnisse der letzten zwei Jahre hat sich die Institution f\u00fcr den bislang gr\u00f6\u00dften Vertrag mit Tele-Mark A\/S entschieden. Wir freuen uns darauf, im Jahr 2013 noch st\u00e4rker dazu beizutragen, die bereits starke Marktposition des ... Weiterlesen ...\" \/>\n<meta property=\"og:url\" content=\"https:\/\/tele-mark.dk\/de\/?p=11727\" \/>\n<meta property=\"og:site_name\" content=\"Tele-Mark A\/S\" \/>\n<meta property=\"article:published_time\" content=\"2013-02-19T07:15:59+00:00\" \/>\n<meta property=\"article:modified_time\" content=\"2025-09-26T07:13:43+00:00\" \/>\n<meta name=\"author\" content=\"MK@tele-mark.dk\" \/>\n<meta name=\"twitter:card\" content=\"summary_large_image\" \/>\n<meta name=\"twitter:label1\" content=\"Verfasst von\" \/>\n\t<meta name=\"twitter:data1\" content=\"MK@tele-mark.dk\" \/>\n\t<meta name=\"twitter:label2\" content=\"Gesch\u00e4tzte Lesezeit\" \/>\n\t<meta name=\"twitter:data2\" content=\"1\u00a0Minute\" \/>\n<script type=\"application\/ld+json\" class=\"yoast-schema-graph\">{\"@context\":\"https:\/\/schema.org\",\"@graph\":[{\"@type\":\"Article\",\"@id\":\"https:\/\/tele-mark.dk\/de\/?p=11727#article\",\"isPartOf\":{\"@id\":\"https:\/\/tele-mark.dk\/de\/?p=11727\"},\"author\":{\"name\":\"MK@tele-mark.dk\",\"@id\":\"https:\/\/tele-mark.dk\/#\/schema\/person\/b384f8c60f09de558a20bb8574465698\"},\"headline\":\"Neue spannende Vereinbarung mit einer der f\u00fchrenden Kulturorganisationen des Landes!\",\"datePublished\":\"2013-02-19T07:15:59+00:00\",\"dateModified\":\"2025-09-26T07:13:43+00:00\",\"mainEntityOfPage\":{\"@id\":\"https:\/\/tele-mark.dk\/de\/?p=11727\"},\"wordCount\":157,\"publisher\":{\"@id\":\"https:\/\/tele-mark.dk\/#organization\"},\"articleSection\":[\"Okategoriserad\"],\"inLanguage\":\"de\"},{\"@type\":\"WebPage\",\"@id\":\"https:\/\/tele-mark.dk\/de\/?p=11727\",\"url\":\"https:\/\/tele-mark.dk\/de\/?p=11727\",\"name\":\"Neue spannende Vereinbarung mit einer der f\u00fchrenden Kulturorganisationen des Landes! | Tele-Mark A\/S\",\"isPartOf\":{\"@id\":\"https:\/\/tele-mark.dk\/#website\"},\"datePublished\":\"2013-02-19T07:15:59+00:00\",\"dateModified\":\"2025-09-26T07:13:43+00:00\",\"breadcrumb\":{\"@id\":\"https:\/\/tele-mark.dk\/de\/?p=11727#breadcrumb\"},\"inLanguage\":\"de\",\"potentialAction\":[{\"@type\":\"ReadAction\",\"target\":[\"https:\/\/tele-mark.dk\/de\/?p=11727\"]}]},{\"@type\":\"BreadcrumbList\",\"@id\":\"https:\/\/tele-mark.dk\/de\/?p=11727#breadcrumb\",\"itemListElement\":[{\"@type\":\"ListItem\",\"position\":1,\"name\":\"Forside\",\"item\":\"https:\/\/tele-mark.dk\/de\/?page_id=10844\"},{\"@type\":\"ListItem\",\"position\":2,\"name\":\"Neue spannende Vereinbarung mit einer der f\u00fchrenden Kulturorganisationen des Landes!\"}]},{\"@type\":\"WebSite\",\"@id\":\"https:\/\/tele-mark.dk\/#website\",\"url\":\"https:\/\/tele-mark.dk\/\",\"name\":\"Tele-Mark A\/S\",\"description\":\"Telemarketing-Agentur f\u00fcr D\u00e4nemark, die nordischen L\u00e4nder, Europa und die ganze Welt\",\"publisher\":{\"@id\":\"https:\/\/tele-mark.dk\/#organization\"},\"potentialAction\":[{\"@type\":\"SearchAction\",\"target\":{\"@type\":\"EntryPoint\",\"urlTemplate\":\"https:\/\/tele-mark.dk\/?s={search_term_string}\"},\"query-input\":{\"@type\":\"PropertyValueSpecification\",\"valueRequired\":true,\"valueName\":\"search_term_string\"}}],\"inLanguage\":\"de\"},{\"@type\":\"Organization\",\"@id\":\"https:\/\/tele-mark.dk\/#organization\",\"name\":\"Tele-Mark A\/S\",\"url\":\"https:\/\/tele-mark.dk\/\",\"logo\":{\"@type\":\"ImageObject\",\"inLanguage\":\"de\",\"@id\":\"https:\/\/tele-mark.dk\/#\/schema\/logo\/image\/\",\"url\":\"https:\/\/tele-mark.dk\/wp-content\/uploads\/2025\/03\/Nyt-logo.svg\",\"contentUrl\":\"https:\/\/tele-mark.dk\/wp-content\/uploads\/2025\/03\/Nyt-logo.svg\",\"width\":433,\"height\":161,\"caption\":\"Tele-Mark A\/S\"},\"image\":{\"@id\":\"https:\/\/tele-mark.dk\/#\/schema\/logo\/image\/\"}},{\"@type\":\"Person\",\"@id\":\"https:\/\/tele-mark.dk\/#\/schema\/person\/b384f8c60f09de558a20bb8574465698\",\"name\":\"MK@tele-mark.dk\",\"url\":\"https:\/\/tele-mark.dk\/de\/author\/mktele-mark-dk\/\"}]}<\/script>\n<!-- \/ Yoast SEO plugin. -->","yoast_head_json":{"title":"Neue spannende Vereinbarung mit einer der f\u00fchrenden Kulturorganisationen des Landes! | Tele-Mark A\/S","robots":{"index":"index","follow":"follow","max-snippet":"max-snippet:-1","max-image-preview":"max-image-preview:large","max-video-preview":"max-video-preview:-1"},"canonical":"https:\/\/tele-mark.dk\/de\/?p=11727","og_locale":"de_DE","og_type":"article","og_title":"Neue spannende Vereinbarung mit einer der f\u00fchrenden Kulturorganisationen des Landes! | Tele-Mark A\/S","og_description":"Tele-Mark A\/S schlie\u00dft zum dritten Mal in Folge eine Vereinbarung mit einer der f\u00fchrenden Kulturinstitutionen des Landes. Aufgrund der Bem\u00fchungen und Ergebnisse der letzten zwei Jahre hat sich die Institution f\u00fcr den bislang gr\u00f6\u00dften Vertrag mit Tele-Mark A\/S entschieden. Wir freuen uns darauf, im Jahr 2013 noch st\u00e4rker dazu beizutragen, die bereits starke Marktposition des ... Weiterlesen ...","og_url":"https:\/\/tele-mark.dk\/de\/?p=11727","og_site_name":"Tele-Mark A\/S","article_published_time":"2013-02-19T07:15:59+00:00","article_modified_time":"2025-09-26T07:13:43+00:00","author":"MK@tele-mark.dk","twitter_card":"summary_large_image","twitter_misc":{"Verfasst von":"MK@tele-mark.dk","Gesch\u00e4tzte Lesezeit":"1\u00a0Minute"},"schema":{"@context":"https:\/\/schema.org","@graph":[{"@type":"Article","@id":"https:\/\/tele-mark.dk\/de\/?p=11727#article","isPartOf":{"@id":"https:\/\/tele-mark.dk\/de\/?p=11727"},"author":{"name":"MK@tele-mark.dk","@id":"https:\/\/tele-mark.dk\/#\/schema\/person\/b384f8c60f09de558a20bb8574465698"},"headline":"Neue spannende Vereinbarung mit einer der f\u00fchrenden Kulturorganisationen des Landes!","datePublished":"2013-02-19T07:15:59+00:00","dateModified":"2025-09-26T07:13:43+00:00","mainEntityOfPage":{"@id":"https:\/\/tele-mark.dk\/de\/?p=11727"},"wordCount":157,"publisher":{"@id":"https:\/\/tele-mark.dk\/#organization"},"articleSection":["Okategoriserad"],"inLanguage":"de"},{"@type":"WebPage","@id":"https:\/\/tele-mark.dk\/de\/?p=11727","url":"https:\/\/tele-mark.dk\/de\/?p=11727","name":"Neue spannende Vereinbarung mit einer der f\u00fchrenden Kulturorganisationen des Landes! | Tele-Mark A\/S","isPartOf":{"@id":"https:\/\/tele-mark.dk\/#website"},"datePublished":"2013-02-19T07:15:59+00:00","dateModified":"2025-09-26T07:13:43+00:00","breadcrumb":{"@id":"https:\/\/tele-mark.dk\/de\/?p=11727#breadcrumb"},"inLanguage":"de","potentialAction":[{"@type":"ReadAction","target":["https:\/\/tele-mark.dk\/de\/?p=11727"]}]},{"@type":"BreadcrumbList","@id":"https:\/\/tele-mark.dk\/de\/?p=11727#breadcrumb","itemListElement":[{"@type":"ListItem","position":1,"name":"Forside","item":"https:\/\/tele-mark.dk\/de\/?page_id=10844"},{"@type":"ListItem","position":2,"name":"Neue spannende Vereinbarung mit einer der f\u00fchrenden Kulturorganisationen des Landes!"}]},{"@type":"WebSite","@id":"https:\/\/tele-mark.dk\/#website","url":"https:\/\/tele-mark.dk\/","name":"Tele-Mark A\/S","description":"Telemarketing-Agentur f\u00fcr D\u00e4nemark, die nordischen L\u00e4nder, Europa und die ganze Welt","publisher":{"@id":"https:\/\/tele-mark.dk\/#organization"},"potentialAction":[{"@type":"SearchAction","target":{"@type":"EntryPoint","urlTemplate":"https:\/\/tele-mark.dk\/?s={search_term_string}"},"query-input":{"@type":"PropertyValueSpecification","valueRequired":true,"valueName":"search_term_string"}}],"inLanguage":"de"},{"@type":"Organization","@id":"https:\/\/tele-mark.dk\/#organization","name":"Tele-Mark A\/S","url":"https:\/\/tele-mark.dk\/","logo":{"@type":"ImageObject","inLanguage":"de","@id":"https:\/\/tele-mark.dk\/#\/schema\/logo\/image\/","url":"https:\/\/tele-mark.dk\/wp-content\/uploads\/2025\/03\/Nyt-logo.svg","contentUrl":"https:\/\/tele-mark.dk\/wp-content\/uploads\/2025\/03\/Nyt-logo.svg","width":433,"height":161,"caption":"Tele-Mark A\/S"},"image":{"@id":"https:\/\/tele-mark.dk\/#\/schema\/logo\/image\/"}},{"@type":"Person","@id":"https:\/\/tele-mark.dk\/#\/schema\/person\/b384f8c60f09de558a20bb8574465698","name":"MK@tele-mark.dk","url":"https:\/\/tele-mark.dk\/de\/author\/mktele-mark-dk\/"}]}},"_links":{"self":[{"href":"https:\/\/tele-mark.dk\/de\/wp-json\/wp\/v2\/posts\/11727","targetHints":{"allow":["GET"]}}],"collection":[{"href":"https:\/\/tele-mark.dk\/de\/wp-json\/wp\/v2\/posts"}],"about":[{"href":"https:\/\/tele-mark.dk\/de\/wp-json\/wp\/v2\/types\/post"}],"author":[{"embeddable":true,"href":"https:\/\/tele-mark.dk\/de\/wp-json\/wp\/v2\/users\/7"}],"replies":[{"embeddable":true,"href":"https:\/\/tele-mark.dk\/de\/wp-json\/wp\/v2\/comments?post=11727"}],"version-history":[{"count":1,"href":"https:\/\/tele-mark.dk\/de\/wp-json\/wp\/v2\/posts\/11727\/revisions"}],"predecessor-version":[{"id":11729,"href":"https:\/\/tele-mark.dk\/de\/wp-json\/wp\/v2\/posts\/11727\/revisions\/11729"}],"wp:attachment":[{"href":"https:\/\/tele-mark.dk\/de\/wp-json\/wp\/v2\/media?parent=11727"}],"wp:term":[{"taxonomy":"category","embeddable":true,"href":"https:\/\/tele-mark.dk\/de\/wp-json\/wp\/v2\/categories?post=11727"},{"taxonomy":"post_tag","embeddable":true,"href":"https:\/\/tele-mark.dk\/de\/wp-json\/wp\/v2\/tags?post=11727"}],"curies":[{"name":"wp","href":"https:\/\/api.w.org\/{rel}","templated":true}]}}