{"id":11714,"date":"2012-09-14T08:19:28","date_gmt":"2012-09-14T06:19:28","guid":{"rendered":"https:\/\/tele-mark.dk\/tele-mark-a-s-verlaengert-vereinbarung-mit-dem-ministerium-fuer-wirtschaft-und-wachstum\/"},"modified":"2025-09-26T09:13:41","modified_gmt":"2025-09-26T07:13:41","slug":"tele-mark-a-s-verlaengert-vereinbarung-mit-dem-ministerium-fuer-wirtschaft-und-wachstum","status":"publish","type":"post","link":"https:\/\/tele-mark.dk\/de\/tele-mark-a-s-verlaengert-vereinbarung-mit-dem-ministerium-fuer-wirtschaft-und-wachstum\/","title":{"rendered":"Tele-Mark A\/S verl\u00e4ngert Vereinbarung mit dem Ministerium f\u00fcr Wirtschaft und Wachstum."},"content":{"rendered":"<p>Kurz vor dem Sommer haben wir eine spannende Kampagne f\u00fcr eine Organisation abgeschlossen, die dem Wirtschaftsministerium untersteht. Das Kundenfeedback war unglaublich positiv. Nicht nur in Form einer gro\u00dfen Anzahl hochwertiger Meetings und neuer \u201eKunden\u201c. Dar\u00fcber hinaus hat das Projekt auch intern in der Organisation f\u00fcr positive Stimmung gesorgt.   <\/p>\n<p>Eine unserer eher ungew\u00f6hnlichen Herausforderungen bestand darin, die Anzahl der Treffen zu begrenzen. Wir stellten fest, dass fast jeder, den wir kontaktierten, ein Treffen mit \u201euns\u201c w\u00fcnschte, aber ein Treffen mit jedem war weit vom Kundeninteresse entfernt, da eine Reihe von Bedingungen erf\u00fcllt sein m\u00fcssen, bevor es f\u00fcr unseren Kunden relevant ist, uns zu kontaktieren. <\/p>\n<p>Wir haben gerade einen Vertrag f\u00fcr eine weitere Kampagne im Herbst 2012 unterzeichnet. Diese Kampagne wird durch eine relativ gro\u00dfe TV-Kampagne, haupts\u00e4chlich auf TV2 News, unterst\u00fctzt. Wir freuen uns alle sehr darauf.  <\/p>\n<p><strong>Lesen Sie mehr \u00fcber:<\/strong><\/p>\n<ul>\n<li><a title=\"Meetingbuchung\" href=\"\/telemarketing\/modebooking\/\">Meetingbuchung<\/a><\/li>\n<li><a title=\"Telemarketing\" href=\"https:\/\/tele-mark.dk\/de\/telemarketing\/\">Telemarketing<\/a><\/li>\n<li><a title=\"Meeting-Bucher\" href=\"https:\/\/tele-mark.dk\/de\/telemarketing\/meeting-bucher\/\">Meeting-Bucher<\/a><\/li>\n<\/ul>\n","protected":false},"excerpt":{"rendered":"<p>Kurz vor dem Sommer haben wir eine spannende Kampagne f\u00fcr eine Organisation abgeschlossen, die dem Wirtschaftsministerium untersteht. Das Kundenfeedback war unglaublich positiv. Nicht nur in Form einer gro\u00dfen Anzahl hochwertiger Meetings und neuer \u201eKunden\u201c. Dar\u00fcber hinaus hat das Projekt auch intern in der Organisation f\u00fcr positive Stimmung gesorgt. Eine unserer eher ungew\u00f6hnlichen Herausforderungen bestand darin, &#8230; <a title=\"Tele-Mark A\/S verl\u00e4ngert Vereinbarung mit dem Ministerium f\u00fcr Wirtschaft und Wachstum.\" class=\"read-more\" href=\"https:\/\/tele-mark.dk\/de\/tele-mark-a-s-verlaengert-vereinbarung-mit-dem-ministerium-fuer-wirtschaft-und-wachstum\/\" aria-label=\"Mehr Informationen \u00fcber Tele-Mark A\/S verl\u00e4ngert Vereinbarung mit dem Ministerium f\u00fcr Wirtschaft und Wachstum.\">Weiterlesen &#8230;<\/a><\/p>\n","protected":false},"author":7,"featured_media":0,"comment_status":"closed","ping_status":"closed","sticky":false,"template":"","format":"standard","meta":{"_acf_changed":false,"footnotes":""},"categories":[71],"tags":[],"class_list":["post-11714","post","type-post","status-publish","format-standard","hentry","category-okategoriserad"],"acf":[],"yoast_head":"<!-- This site is optimized with the Yoast SEO plugin v26.8 - https:\/\/yoast.com\/product\/yoast-seo-wordpress\/ -->\n<title>Tele-Mark A\/S verl\u00e4ngert Vereinbarung mit dem Ministerium f\u00fcr Wirtschaft und Wachstum. | Tele-Mark A\/S<\/title>\n<meta name=\"robots\" content=\"index, follow, max-snippet:-1, max-image-preview:large, max-video-preview:-1\" \/>\n<link rel=\"canonical\" href=\"https:\/\/tele-mark.dk\/de\/?p=11714\" \/>\n<meta property=\"og:locale\" content=\"de_DE\" \/>\n<meta property=\"og:type\" content=\"article\" \/>\n<meta property=\"og:title\" content=\"Tele-Mark A\/S verl\u00e4ngert Vereinbarung mit dem Ministerium f\u00fcr Wirtschaft und Wachstum. | Tele-Mark A\/S\" \/>\n<meta property=\"og:description\" content=\"Kurz vor dem Sommer haben wir eine spannende Kampagne f\u00fcr eine Organisation abgeschlossen, die dem Wirtschaftsministerium untersteht. Das Kundenfeedback war unglaublich positiv. Nicht nur in Form einer gro\u00dfen Anzahl hochwertiger Meetings und neuer \u201eKunden\u201c. Dar\u00fcber hinaus hat das Projekt auch intern in der Organisation f\u00fcr positive Stimmung gesorgt. Eine unserer eher ungew\u00f6hnlichen Herausforderungen bestand darin, ... Weiterlesen ...\" \/>\n<meta property=\"og:url\" content=\"https:\/\/tele-mark.dk\/de\/?p=11714\" \/>\n<meta property=\"og:site_name\" content=\"Tele-Mark A\/S\" \/>\n<meta property=\"article:published_time\" content=\"2012-09-14T06:19:28+00:00\" \/>\n<meta property=\"article:modified_time\" content=\"2025-09-26T07:13:41+00:00\" \/>\n<meta name=\"author\" content=\"MK@tele-mark.dk\" \/>\n<meta name=\"twitter:card\" content=\"summary_large_image\" \/>\n<meta name=\"twitter:label1\" content=\"Verfasst von\" \/>\n\t<meta name=\"twitter:data1\" content=\"MK@tele-mark.dk\" \/>\n\t<meta name=\"twitter:label2\" content=\"Gesch\u00e4tzte Lesezeit\" \/>\n\t<meta name=\"twitter:data2\" content=\"1\u00a0Minute\" \/>\n<script type=\"application\/ld+json\" class=\"yoast-schema-graph\">{\"@context\":\"https:\/\/schema.org\",\"@graph\":[{\"@type\":\"Article\",\"@id\":\"https:\/\/tele-mark.dk\/de\/?p=11714#article\",\"isPartOf\":{\"@id\":\"https:\/\/tele-mark.dk\/de\/?p=11714\"},\"author\":{\"name\":\"MK@tele-mark.dk\",\"@id\":\"https:\/\/tele-mark.dk\/#\/schema\/person\/b384f8c60f09de558a20bb8574465698\"},\"headline\":\"Tele-Mark A\/S verl\u00e4ngert Vereinbarung mit dem Ministerium f\u00fcr Wirtschaft und Wachstum.\",\"datePublished\":\"2012-09-14T06:19:28+00:00\",\"dateModified\":\"2025-09-26T07:13:41+00:00\",\"mainEntityOfPage\":{\"@id\":\"https:\/\/tele-mark.dk\/de\/?p=11714\"},\"wordCount\":168,\"publisher\":{\"@id\":\"https:\/\/tele-mark.dk\/#organization\"},\"articleSection\":[\"Okategoriserad\"],\"inLanguage\":\"de\"},{\"@type\":\"WebPage\",\"@id\":\"https:\/\/tele-mark.dk\/de\/?p=11714\",\"url\":\"https:\/\/tele-mark.dk\/de\/?p=11714\",\"name\":\"Tele-Mark A\/S verl\u00e4ngert Vereinbarung mit dem Ministerium f\u00fcr Wirtschaft und Wachstum. | Tele-Mark A\/S\",\"isPartOf\":{\"@id\":\"https:\/\/tele-mark.dk\/#website\"},\"datePublished\":\"2012-09-14T06:19:28+00:00\",\"dateModified\":\"2025-09-26T07:13:41+00:00\",\"breadcrumb\":{\"@id\":\"https:\/\/tele-mark.dk\/de\/?p=11714#breadcrumb\"},\"inLanguage\":\"de\",\"potentialAction\":[{\"@type\":\"ReadAction\",\"target\":[\"https:\/\/tele-mark.dk\/de\/?p=11714\"]}]},{\"@type\":\"BreadcrumbList\",\"@id\":\"https:\/\/tele-mark.dk\/de\/?p=11714#breadcrumb\",\"itemListElement\":[{\"@type\":\"ListItem\",\"position\":1,\"name\":\"Forside\",\"item\":\"https:\/\/tele-mark.dk\/de\/?page_id=10844\"},{\"@type\":\"ListItem\",\"position\":2,\"name\":\"Tele-Mark A\/S verl\u00e4ngert Vereinbarung mit dem Ministerium f\u00fcr Wirtschaft und Wachstum.\"}]},{\"@type\":\"WebSite\",\"@id\":\"https:\/\/tele-mark.dk\/#website\",\"url\":\"https:\/\/tele-mark.dk\/\",\"name\":\"Tele-Mark A\/S\",\"description\":\"Telemarketing-Agentur f\u00fcr D\u00e4nemark, die nordischen L\u00e4nder, Europa und die ganze Welt\",\"publisher\":{\"@id\":\"https:\/\/tele-mark.dk\/#organization\"},\"potentialAction\":[{\"@type\":\"SearchAction\",\"target\":{\"@type\":\"EntryPoint\",\"urlTemplate\":\"https:\/\/tele-mark.dk\/?s={search_term_string}\"},\"query-input\":{\"@type\":\"PropertyValueSpecification\",\"valueRequired\":true,\"valueName\":\"search_term_string\"}}],\"inLanguage\":\"de\"},{\"@type\":\"Organization\",\"@id\":\"https:\/\/tele-mark.dk\/#organization\",\"name\":\"Tele-Mark A\/S\",\"url\":\"https:\/\/tele-mark.dk\/\",\"logo\":{\"@type\":\"ImageObject\",\"inLanguage\":\"de\",\"@id\":\"https:\/\/tele-mark.dk\/#\/schema\/logo\/image\/\",\"url\":\"https:\/\/tele-mark.dk\/wp-content\/uploads\/2025\/03\/Nyt-logo.svg\",\"contentUrl\":\"https:\/\/tele-mark.dk\/wp-content\/uploads\/2025\/03\/Nyt-logo.svg\",\"width\":433,\"height\":161,\"caption\":\"Tele-Mark A\/S\"},\"image\":{\"@id\":\"https:\/\/tele-mark.dk\/#\/schema\/logo\/image\/\"}},{\"@type\":\"Person\",\"@id\":\"https:\/\/tele-mark.dk\/#\/schema\/person\/b384f8c60f09de558a20bb8574465698\",\"name\":\"MK@tele-mark.dk\",\"url\":\"https:\/\/tele-mark.dk\/de\/author\/mktele-mark-dk\/\"}]}<\/script>\n<!-- \/ Yoast SEO plugin. -->","yoast_head_json":{"title":"Tele-Mark A\/S verl\u00e4ngert Vereinbarung mit dem Ministerium f\u00fcr Wirtschaft und Wachstum. | Tele-Mark A\/S","robots":{"index":"index","follow":"follow","max-snippet":"max-snippet:-1","max-image-preview":"max-image-preview:large","max-video-preview":"max-video-preview:-1"},"canonical":"https:\/\/tele-mark.dk\/de\/?p=11714","og_locale":"de_DE","og_type":"article","og_title":"Tele-Mark A\/S verl\u00e4ngert Vereinbarung mit dem Ministerium f\u00fcr Wirtschaft und Wachstum. | Tele-Mark A\/S","og_description":"Kurz vor dem Sommer haben wir eine spannende Kampagne f\u00fcr eine Organisation abgeschlossen, die dem Wirtschaftsministerium untersteht. Das Kundenfeedback war unglaublich positiv. Nicht nur in Form einer gro\u00dfen Anzahl hochwertiger Meetings und neuer \u201eKunden\u201c. Dar\u00fcber hinaus hat das Projekt auch intern in der Organisation f\u00fcr positive Stimmung gesorgt. Eine unserer eher ungew\u00f6hnlichen Herausforderungen bestand darin, ... Weiterlesen ...","og_url":"https:\/\/tele-mark.dk\/de\/?p=11714","og_site_name":"Tele-Mark A\/S","article_published_time":"2012-09-14T06:19:28+00:00","article_modified_time":"2025-09-26T07:13:41+00:00","author":"MK@tele-mark.dk","twitter_card":"summary_large_image","twitter_misc":{"Verfasst von":"MK@tele-mark.dk","Gesch\u00e4tzte Lesezeit":"1\u00a0Minute"},"schema":{"@context":"https:\/\/schema.org","@graph":[{"@type":"Article","@id":"https:\/\/tele-mark.dk\/de\/?p=11714#article","isPartOf":{"@id":"https:\/\/tele-mark.dk\/de\/?p=11714"},"author":{"name":"MK@tele-mark.dk","@id":"https:\/\/tele-mark.dk\/#\/schema\/person\/b384f8c60f09de558a20bb8574465698"},"headline":"Tele-Mark A\/S verl\u00e4ngert Vereinbarung mit dem Ministerium f\u00fcr Wirtschaft und Wachstum.","datePublished":"2012-09-14T06:19:28+00:00","dateModified":"2025-09-26T07:13:41+00:00","mainEntityOfPage":{"@id":"https:\/\/tele-mark.dk\/de\/?p=11714"},"wordCount":168,"publisher":{"@id":"https:\/\/tele-mark.dk\/#organization"},"articleSection":["Okategoriserad"],"inLanguage":"de"},{"@type":"WebPage","@id":"https:\/\/tele-mark.dk\/de\/?p=11714","url":"https:\/\/tele-mark.dk\/de\/?p=11714","name":"Tele-Mark A\/S verl\u00e4ngert Vereinbarung mit dem Ministerium f\u00fcr Wirtschaft und Wachstum. | Tele-Mark A\/S","isPartOf":{"@id":"https:\/\/tele-mark.dk\/#website"},"datePublished":"2012-09-14T06:19:28+00:00","dateModified":"2025-09-26T07:13:41+00:00","breadcrumb":{"@id":"https:\/\/tele-mark.dk\/de\/?p=11714#breadcrumb"},"inLanguage":"de","potentialAction":[{"@type":"ReadAction","target":["https:\/\/tele-mark.dk\/de\/?p=11714"]}]},{"@type":"BreadcrumbList","@id":"https:\/\/tele-mark.dk\/de\/?p=11714#breadcrumb","itemListElement":[{"@type":"ListItem","position":1,"name":"Forside","item":"https:\/\/tele-mark.dk\/de\/?page_id=10844"},{"@type":"ListItem","position":2,"name":"Tele-Mark A\/S verl\u00e4ngert Vereinbarung mit dem Ministerium f\u00fcr Wirtschaft und Wachstum."}]},{"@type":"WebSite","@id":"https:\/\/tele-mark.dk\/#website","url":"https:\/\/tele-mark.dk\/","name":"Tele-Mark A\/S","description":"Telemarketing-Agentur f\u00fcr D\u00e4nemark, die nordischen L\u00e4nder, Europa und die ganze Welt","publisher":{"@id":"https:\/\/tele-mark.dk\/#organization"},"potentialAction":[{"@type":"SearchAction","target":{"@type":"EntryPoint","urlTemplate":"https:\/\/tele-mark.dk\/?s={search_term_string}"},"query-input":{"@type":"PropertyValueSpecification","valueRequired":true,"valueName":"search_term_string"}}],"inLanguage":"de"},{"@type":"Organization","@id":"https:\/\/tele-mark.dk\/#organization","name":"Tele-Mark A\/S","url":"https:\/\/tele-mark.dk\/","logo":{"@type":"ImageObject","inLanguage":"de","@id":"https:\/\/tele-mark.dk\/#\/schema\/logo\/image\/","url":"https:\/\/tele-mark.dk\/wp-content\/uploads\/2025\/03\/Nyt-logo.svg","contentUrl":"https:\/\/tele-mark.dk\/wp-content\/uploads\/2025\/03\/Nyt-logo.svg","width":433,"height":161,"caption":"Tele-Mark A\/S"},"image":{"@id":"https:\/\/tele-mark.dk\/#\/schema\/logo\/image\/"}},{"@type":"Person","@id":"https:\/\/tele-mark.dk\/#\/schema\/person\/b384f8c60f09de558a20bb8574465698","name":"MK@tele-mark.dk","url":"https:\/\/tele-mark.dk\/de\/author\/mktele-mark-dk\/"}]}},"_links":{"self":[{"href":"https:\/\/tele-mark.dk\/de\/wp-json\/wp\/v2\/posts\/11714","targetHints":{"allow":["GET"]}}],"collection":[{"href":"https:\/\/tele-mark.dk\/de\/wp-json\/wp\/v2\/posts"}],"about":[{"href":"https:\/\/tele-mark.dk\/de\/wp-json\/wp\/v2\/types\/post"}],"author":[{"embeddable":true,"href":"https:\/\/tele-mark.dk\/de\/wp-json\/wp\/v2\/users\/7"}],"replies":[{"embeddable":true,"href":"https:\/\/tele-mark.dk\/de\/wp-json\/wp\/v2\/comments?post=11714"}],"version-history":[{"count":1,"href":"https:\/\/tele-mark.dk\/de\/wp-json\/wp\/v2\/posts\/11714\/revisions"}],"predecessor-version":[{"id":11716,"href":"https:\/\/tele-mark.dk\/de\/wp-json\/wp\/v2\/posts\/11714\/revisions\/11716"}],"wp:attachment":[{"href":"https:\/\/tele-mark.dk\/de\/wp-json\/wp\/v2\/media?parent=11714"}],"wp:term":[{"taxonomy":"category","embeddable":true,"href":"https:\/\/tele-mark.dk\/de\/wp-json\/wp\/v2\/categories?post=11714"},{"taxonomy":"post_tag","embeddable":true,"href":"https:\/\/tele-mark.dk\/de\/wp-json\/wp\/v2\/tags?post=11714"}],"curies":[{"name":"wp","href":"https:\/\/api.w.org\/{rel}","templated":true}]}}