{"id":11689,"date":"2012-03-28T08:24:05","date_gmt":"2012-03-28T06:24:05","guid":{"rendered":"https:\/\/tele-mark.dk\/willkommen-im-aussenministerium\/"},"modified":"2025-09-26T09:13:29","modified_gmt":"2025-09-26T07:13:29","slug":"willkommen-im-aussenministerium","status":"publish","type":"post","link":"https:\/\/tele-mark.dk\/de\/willkommen-im-aussenministerium\/","title":{"rendered":"Willkommen im Au\u00dfenministerium!"},"content":{"rendered":"<p>Nach einem mehr als dreimonatigen Dialog- und Auswahlprozess wurden wir gestern dar\u00fcber informiert, dass wir als der Partner ausgew\u00e4hlt wurden, mit dem sie im Zusammenhang mit der Umsetzung eines wirklich spannenden Projekts f\u00fcr einen Teil des Au\u00dfenministeriums zusammenarbeiten m\u00f6chten.<\/p>\n<p>Ohne zu viel zu verraten: Es handelt sich um ein sehr interessantes Projekt, das sich positiv auf D\u00e4nemarks Exporte auswirken k\u00f6nnte. Besonders wichtig wird das Projekt f\u00fcr viele d\u00e4nische KMU sein. <\/p>\n<p>Wir hei\u00dfen Sie herzlich willkommen \u2013 und freuen uns schon sehr auf die Planung und den Start des Projekts nach Ostern. Und wir alle 80 Mitarbeiter sind unglaublich stolz, als Partner des Ausw\u00e4rtigen Amtes ausgew\u00e4hlt worden zu sein. <\/p>\n<p><strong>Lesen Sie mehr \u00fcber:<\/strong><\/p>\n<ul>\n<li><a title=\"Meetingbuchung\" href=\"\/telemarketing\/modebooking\/\">Meetingbuchung<\/a><\/li>\n<li><a title=\"Telemarketing\" href=\"https:\/\/tele-mark.dk\/de\/telemarketing\/\">Telemarketing<\/a><\/li>\n<li><a title=\"Meeting-Bucher\" href=\"https:\/\/tele-mark.dk\/de\/telemarketing\/meeting-bucher\/\">Meeting-Bucher<\/a><\/li>\n<\/ul>\n<div class=\"fb-share-button\" data-layout=\"button\"><\/div>\n","protected":false},"excerpt":{"rendered":"<p>Nach einem mehr als dreimonatigen Dialog- und Auswahlprozess wurden wir gestern dar\u00fcber informiert, dass wir als der Partner ausgew\u00e4hlt wurden, mit dem sie im Zusammenhang mit der Umsetzung eines wirklich spannenden Projekts f\u00fcr einen Teil des Au\u00dfenministeriums zusammenarbeiten m\u00f6chten. Ohne zu viel zu verraten: Es handelt sich um ein sehr interessantes Projekt, das sich positiv &#8230; <a title=\"Willkommen im Au\u00dfenministerium!\" class=\"read-more\" href=\"https:\/\/tele-mark.dk\/de\/willkommen-im-aussenministerium\/\" aria-label=\"Mehr Informationen \u00fcber Willkommen im Au\u00dfenministerium!\">Weiterlesen &#8230;<\/a><\/p>\n","protected":false},"author":7,"featured_media":0,"comment_status":"closed","ping_status":"closed","sticky":false,"template":"","format":"standard","meta":{"_acf_changed":false,"footnotes":""},"categories":[71],"tags":[],"class_list":["post-11689","post","type-post","status-publish","format-standard","hentry","category-okategoriserad"],"acf":[],"yoast_head":"<!-- This site is optimized with the Yoast SEO plugin v26.8 - https:\/\/yoast.com\/product\/yoast-seo-wordpress\/ -->\n<title>Willkommen im Au\u00dfenministerium! | Tele-Mark A\/S<\/title>\n<meta name=\"robots\" content=\"index, follow, max-snippet:-1, max-image-preview:large, max-video-preview:-1\" \/>\n<link rel=\"canonical\" href=\"https:\/\/tele-mark.dk\/de\/?p=11689\" \/>\n<meta property=\"og:locale\" content=\"de_DE\" \/>\n<meta property=\"og:type\" content=\"article\" \/>\n<meta property=\"og:title\" content=\"Willkommen im Au\u00dfenministerium! | Tele-Mark A\/S\" \/>\n<meta property=\"og:description\" content=\"Nach einem mehr als dreimonatigen Dialog- und Auswahlprozess wurden wir gestern dar\u00fcber informiert, dass wir als der Partner ausgew\u00e4hlt wurden, mit dem sie im Zusammenhang mit der Umsetzung eines wirklich spannenden Projekts f\u00fcr einen Teil des Au\u00dfenministeriums zusammenarbeiten m\u00f6chten. Ohne zu viel zu verraten: Es handelt sich um ein sehr interessantes Projekt, das sich positiv ... Weiterlesen ...\" \/>\n<meta property=\"og:url\" content=\"https:\/\/tele-mark.dk\/de\/?p=11689\" \/>\n<meta property=\"og:site_name\" content=\"Tele-Mark A\/S\" \/>\n<meta property=\"article:published_time\" content=\"2012-03-28T06:24:05+00:00\" \/>\n<meta property=\"article:modified_time\" content=\"2025-09-26T07:13:29+00:00\" \/>\n<meta name=\"author\" content=\"MK@tele-mark.dk\" \/>\n<meta name=\"twitter:card\" content=\"summary_large_image\" \/>\n<meta name=\"twitter:label1\" content=\"Verfasst von\" \/>\n\t<meta name=\"twitter:data1\" content=\"MK@tele-mark.dk\" \/>\n\t<meta name=\"twitter:label2\" content=\"Gesch\u00e4tzte Lesezeit\" \/>\n\t<meta name=\"twitter:data2\" content=\"1\u00a0Minute\" \/>\n<script type=\"application\/ld+json\" class=\"yoast-schema-graph\">{\"@context\":\"https:\/\/schema.org\",\"@graph\":[{\"@type\":\"Article\",\"@id\":\"https:\/\/tele-mark.dk\/de\/?p=11689#article\",\"isPartOf\":{\"@id\":\"https:\/\/tele-mark.dk\/de\/?p=11689\"},\"author\":{\"name\":\"MK@tele-mark.dk\",\"@id\":\"https:\/\/tele-mark.dk\/#\/schema\/person\/b384f8c60f09de558a20bb8574465698\"},\"headline\":\"Willkommen im Au\u00dfenministerium!\",\"datePublished\":\"2012-03-28T06:24:05+00:00\",\"dateModified\":\"2025-09-26T07:13:29+00:00\",\"mainEntityOfPage\":{\"@id\":\"https:\/\/tele-mark.dk\/de\/?p=11689\"},\"wordCount\":129,\"publisher\":{\"@id\":\"https:\/\/tele-mark.dk\/#organization\"},\"articleSection\":[\"Okategoriserad\"],\"inLanguage\":\"de\"},{\"@type\":\"WebPage\",\"@id\":\"https:\/\/tele-mark.dk\/de\/?p=11689\",\"url\":\"https:\/\/tele-mark.dk\/de\/?p=11689\",\"name\":\"Willkommen im Au\u00dfenministerium! | Tele-Mark A\/S\",\"isPartOf\":{\"@id\":\"https:\/\/tele-mark.dk\/#website\"},\"datePublished\":\"2012-03-28T06:24:05+00:00\",\"dateModified\":\"2025-09-26T07:13:29+00:00\",\"breadcrumb\":{\"@id\":\"https:\/\/tele-mark.dk\/de\/?p=11689#breadcrumb\"},\"inLanguage\":\"de\",\"potentialAction\":[{\"@type\":\"ReadAction\",\"target\":[\"https:\/\/tele-mark.dk\/de\/?p=11689\"]}]},{\"@type\":\"BreadcrumbList\",\"@id\":\"https:\/\/tele-mark.dk\/de\/?p=11689#breadcrumb\",\"itemListElement\":[{\"@type\":\"ListItem\",\"position\":1,\"name\":\"Forside\",\"item\":\"https:\/\/tele-mark.dk\/de\/?page_id=10844\"},{\"@type\":\"ListItem\",\"position\":2,\"name\":\"Willkommen im Au\u00dfenministerium!\"}]},{\"@type\":\"WebSite\",\"@id\":\"https:\/\/tele-mark.dk\/#website\",\"url\":\"https:\/\/tele-mark.dk\/\",\"name\":\"Tele-Mark A\/S\",\"description\":\"Telemarketing-Agentur f\u00fcr D\u00e4nemark, die nordischen L\u00e4nder, Europa und die ganze Welt\",\"publisher\":{\"@id\":\"https:\/\/tele-mark.dk\/#organization\"},\"potentialAction\":[{\"@type\":\"SearchAction\",\"target\":{\"@type\":\"EntryPoint\",\"urlTemplate\":\"https:\/\/tele-mark.dk\/?s={search_term_string}\"},\"query-input\":{\"@type\":\"PropertyValueSpecification\",\"valueRequired\":true,\"valueName\":\"search_term_string\"}}],\"inLanguage\":\"de\"},{\"@type\":\"Organization\",\"@id\":\"https:\/\/tele-mark.dk\/#organization\",\"name\":\"Tele-Mark A\/S\",\"url\":\"https:\/\/tele-mark.dk\/\",\"logo\":{\"@type\":\"ImageObject\",\"inLanguage\":\"de\",\"@id\":\"https:\/\/tele-mark.dk\/#\/schema\/logo\/image\/\",\"url\":\"https:\/\/tele-mark.dk\/wp-content\/uploads\/2025\/03\/Nyt-logo.svg\",\"contentUrl\":\"https:\/\/tele-mark.dk\/wp-content\/uploads\/2025\/03\/Nyt-logo.svg\",\"width\":433,\"height\":161,\"caption\":\"Tele-Mark A\/S\"},\"image\":{\"@id\":\"https:\/\/tele-mark.dk\/#\/schema\/logo\/image\/\"}},{\"@type\":\"Person\",\"@id\":\"https:\/\/tele-mark.dk\/#\/schema\/person\/b384f8c60f09de558a20bb8574465698\",\"name\":\"MK@tele-mark.dk\",\"url\":\"https:\/\/tele-mark.dk\/de\/author\/mktele-mark-dk\/\"}]}<\/script>\n<!-- \/ Yoast SEO plugin. -->","yoast_head_json":{"title":"Willkommen im Au\u00dfenministerium! | Tele-Mark A\/S","robots":{"index":"index","follow":"follow","max-snippet":"max-snippet:-1","max-image-preview":"max-image-preview:large","max-video-preview":"max-video-preview:-1"},"canonical":"https:\/\/tele-mark.dk\/de\/?p=11689","og_locale":"de_DE","og_type":"article","og_title":"Willkommen im Au\u00dfenministerium! | Tele-Mark A\/S","og_description":"Nach einem mehr als dreimonatigen Dialog- und Auswahlprozess wurden wir gestern dar\u00fcber informiert, dass wir als der Partner ausgew\u00e4hlt wurden, mit dem sie im Zusammenhang mit der Umsetzung eines wirklich spannenden Projekts f\u00fcr einen Teil des Au\u00dfenministeriums zusammenarbeiten m\u00f6chten. Ohne zu viel zu verraten: Es handelt sich um ein sehr interessantes Projekt, das sich positiv ... Weiterlesen ...","og_url":"https:\/\/tele-mark.dk\/de\/?p=11689","og_site_name":"Tele-Mark A\/S","article_published_time":"2012-03-28T06:24:05+00:00","article_modified_time":"2025-09-26T07:13:29+00:00","author":"MK@tele-mark.dk","twitter_card":"summary_large_image","twitter_misc":{"Verfasst von":"MK@tele-mark.dk","Gesch\u00e4tzte Lesezeit":"1\u00a0Minute"},"schema":{"@context":"https:\/\/schema.org","@graph":[{"@type":"Article","@id":"https:\/\/tele-mark.dk\/de\/?p=11689#article","isPartOf":{"@id":"https:\/\/tele-mark.dk\/de\/?p=11689"},"author":{"name":"MK@tele-mark.dk","@id":"https:\/\/tele-mark.dk\/#\/schema\/person\/b384f8c60f09de558a20bb8574465698"},"headline":"Willkommen im Au\u00dfenministerium!","datePublished":"2012-03-28T06:24:05+00:00","dateModified":"2025-09-26T07:13:29+00:00","mainEntityOfPage":{"@id":"https:\/\/tele-mark.dk\/de\/?p=11689"},"wordCount":129,"publisher":{"@id":"https:\/\/tele-mark.dk\/#organization"},"articleSection":["Okategoriserad"],"inLanguage":"de"},{"@type":"WebPage","@id":"https:\/\/tele-mark.dk\/de\/?p=11689","url":"https:\/\/tele-mark.dk\/de\/?p=11689","name":"Willkommen im Au\u00dfenministerium! | Tele-Mark A\/S","isPartOf":{"@id":"https:\/\/tele-mark.dk\/#website"},"datePublished":"2012-03-28T06:24:05+00:00","dateModified":"2025-09-26T07:13:29+00:00","breadcrumb":{"@id":"https:\/\/tele-mark.dk\/de\/?p=11689#breadcrumb"},"inLanguage":"de","potentialAction":[{"@type":"ReadAction","target":["https:\/\/tele-mark.dk\/de\/?p=11689"]}]},{"@type":"BreadcrumbList","@id":"https:\/\/tele-mark.dk\/de\/?p=11689#breadcrumb","itemListElement":[{"@type":"ListItem","position":1,"name":"Forside","item":"https:\/\/tele-mark.dk\/de\/?page_id=10844"},{"@type":"ListItem","position":2,"name":"Willkommen im Au\u00dfenministerium!"}]},{"@type":"WebSite","@id":"https:\/\/tele-mark.dk\/#website","url":"https:\/\/tele-mark.dk\/","name":"Tele-Mark A\/S","description":"Telemarketing-Agentur f\u00fcr D\u00e4nemark, die nordischen L\u00e4nder, Europa und die ganze Welt","publisher":{"@id":"https:\/\/tele-mark.dk\/#organization"},"potentialAction":[{"@type":"SearchAction","target":{"@type":"EntryPoint","urlTemplate":"https:\/\/tele-mark.dk\/?s={search_term_string}"},"query-input":{"@type":"PropertyValueSpecification","valueRequired":true,"valueName":"search_term_string"}}],"inLanguage":"de"},{"@type":"Organization","@id":"https:\/\/tele-mark.dk\/#organization","name":"Tele-Mark A\/S","url":"https:\/\/tele-mark.dk\/","logo":{"@type":"ImageObject","inLanguage":"de","@id":"https:\/\/tele-mark.dk\/#\/schema\/logo\/image\/","url":"https:\/\/tele-mark.dk\/wp-content\/uploads\/2025\/03\/Nyt-logo.svg","contentUrl":"https:\/\/tele-mark.dk\/wp-content\/uploads\/2025\/03\/Nyt-logo.svg","width":433,"height":161,"caption":"Tele-Mark A\/S"},"image":{"@id":"https:\/\/tele-mark.dk\/#\/schema\/logo\/image\/"}},{"@type":"Person","@id":"https:\/\/tele-mark.dk\/#\/schema\/person\/b384f8c60f09de558a20bb8574465698","name":"MK@tele-mark.dk","url":"https:\/\/tele-mark.dk\/de\/author\/mktele-mark-dk\/"}]}},"_links":{"self":[{"href":"https:\/\/tele-mark.dk\/de\/wp-json\/wp\/v2\/posts\/11689","targetHints":{"allow":["GET"]}}],"collection":[{"href":"https:\/\/tele-mark.dk\/de\/wp-json\/wp\/v2\/posts"}],"about":[{"href":"https:\/\/tele-mark.dk\/de\/wp-json\/wp\/v2\/types\/post"}],"author":[{"embeddable":true,"href":"https:\/\/tele-mark.dk\/de\/wp-json\/wp\/v2\/users\/7"}],"replies":[{"embeddable":true,"href":"https:\/\/tele-mark.dk\/de\/wp-json\/wp\/v2\/comments?post=11689"}],"version-history":[{"count":1,"href":"https:\/\/tele-mark.dk\/de\/wp-json\/wp\/v2\/posts\/11689\/revisions"}],"predecessor-version":[{"id":11691,"href":"https:\/\/tele-mark.dk\/de\/wp-json\/wp\/v2\/posts\/11689\/revisions\/11691"}],"wp:attachment":[{"href":"https:\/\/tele-mark.dk\/de\/wp-json\/wp\/v2\/media?parent=11689"}],"wp:term":[{"taxonomy":"category","embeddable":true,"href":"https:\/\/tele-mark.dk\/de\/wp-json\/wp\/v2\/categories?post=11689"},{"taxonomy":"post_tag","embeddable":true,"href":"https:\/\/tele-mark.dk\/de\/wp-json\/wp\/v2\/tags?post=11689"}],"curies":[{"name":"wp","href":"https:\/\/api.w.org\/{rel}","templated":true}]}}