{"id":11633,"date":"2014-09-18T07:49:14","date_gmt":"2014-09-18T05:49:14","guid":{"rendered":"https:\/\/tele-mark.dk\/die-zusammenarbeit-von-tele-mark-a-s-mit-dem-daenischen-forstverband-macht-daenemark-gruener\/"},"modified":"2025-09-26T09:13:03","modified_gmt":"2025-09-26T07:13:03","slug":"die-zusammenarbeit-von-tele-mark-a-s-mit-dem-daenischen-forstverband-macht-daenemark-gruener","status":"publish","type":"post","link":"https:\/\/tele-mark.dk\/de\/die-zusammenarbeit-von-tele-mark-a-s-mit-dem-daenischen-forstverband-macht-daenemark-gruener\/","title":{"rendered":"Die Zusammenarbeit von Tele-Mark A\/S mit dem D\u00e4nischen Forstverband macht D\u00e4nemark gr\u00fcner!"},"content":{"rendered":"<p>Seit 2013 unterst\u00fctzt Tele-Mark A\/S den D\u00e4nischen Forstverband beim Dialog mit neuen potenziellen Mitgliedern. Dadurch konnten bisher 100 neue Mitglieder gewonnen werden. <\/p>\n<p>Tele-Mark A\/S ist \u00e4u\u00dferst zufrieden mit der Zusammenarbeit. Der Kontakt mit den d\u00e4nischen Waldbesitzern ist \u00e4u\u00dferst positiv, relevant und interessant. Wir sind aufrichtig zufrieden, dass unsere Bem\u00fchungen f\u00fcr den D\u00e4nischen Forstverband messbare Fr\u00fcchte tragen, und freuen uns daher darauf, gemeinsam mit dem Forstverband auch das Jubil\u00e4um \u201e200 neue Mitglieder\u201c zu feiern.  <\/p>\n<p><strong>Martin Einfeldt, Kommunikationsmanager des d\u00e4nischen Forstverbands, sagt \u00fcber die Zusammenarbeit:<\/strong><\/p>\n<p>\u201eDie Mitgliederwerbung ist uns sehr wichtig, und im Laufe der Jahre haben wir mehrere <a href=\"https:\/\/tele-mark.dk\/de\/telemarketing\/\">Telemarketing-<\/a> Anbieter ausprobiert. Keiner hat so gute Ergebnisse geliefert wie Tele-Mark, und niemand hat mit uns eine so reibungslose und problemlose Zusammenarbeit abgewickelt wie Tele-Mark. Die Mitgliedschaft im Forstverband ist ein abstraktes und schwierig telefonisch zu vermittelndes Produkt, aber Tele-Mark hat das Produkt und unsere Bed\u00fcrfnisse verstanden und sich nicht zuletzt mit der Situation unserer Kunden, der Waldbesitzer, vertraut gemacht. Auch von den vielen, vielen Waldbesitzern, die Tele-Mark angerufen hat, gab es keine einzige negative Reaktion gegen\u00fcber dem Forstverband. Deshalb werden wir die Zusammenarbeit fortsetzen.\u201c    <\/p>\n<p><strong>\u00dcber den D\u00e4nischen Forstverband.<\/strong><\/p>\n<p>Der D\u00e4nische Forstverband ist die Branchenorganisation der Forstwirtschaft, die sich f\u00fcr die F\u00f6rderung der kommerziellen und beruflichen Interessen d\u00e4nischer Wald- und Naturbesitzer sowie f\u00fcr die F\u00e4higkeit der Besitzer einsetzt, nat\u00fcrliche Werte zu bewahren und zu entwickeln.<\/p>\n<p>Die Vision lautet: \u201eDass Wald- und Naturbesitzer f\u00fcr ihre Wertsch\u00f6pfung belohnt werden \u2013 und dadurch motiviert werden, zus\u00e4tzliche Werte in Wald und Natur zu schaffen.\u201c<\/p>\n<p><strong>\u00dcber Tele-Mark A\/S.<\/strong><\/p>\n<p>Tele-Mark A\/S wurde 1989 gegr\u00fcndet und ist wahrscheinlich eines der professionellsten, etabliertesten und seri\u00f6sesten Unternehmen des Landes im Bereich B2B-Kontaktmanagement.<\/p>\n<p>Wir vermitteln oft rund 700-800 Kontakte pro Woche f\u00fcr ein breites Spektrum an Unternehmen aus den unterschiedlichsten Branchen. Die Projekte werden von ausgew\u00e4hlten, erfahrenen und festangestellten Vollzeitmitarbeitern von unserem Hauptsitz in Aarhus aus durchgef\u00fchrt. <\/p>\n<p>Tele-Mark A\/S besch\u00e4ftigt derzeit etwa 45 Vollzeitmitarbeiter mit unterschiedlicher Berufserfahrung und Branchenkenntnissen sowie etwa 30 Teilzeitmitarbeiter, die unter anderem mit der Datenerfassung f\u00fcr die vielen Analysen arbeiten, die wir lokal, regional und global durchf\u00fchren.<\/p>\n<p>Weitere Informationen zu Tele-Mark A\/S finden Sie unter <a href=\"\/\">www.tele-mark.dk<\/a> oder kontaktieren Sie unseren Partner Mads Elefsen Kudsk unter 40 25 66 87 oder 40 25 66 87 oder <a href=\"mailto:mk@tele-mark.dk\">mk@tele-mark.dk<\/a> <\/p>\n<p><strong>Lesen Sie mehr \u00fcber:<\/strong><\/p>\n<ul>\n<li><a title=\"Meetingbuchung\" href=\"\/telemarketing\/modebooking\/\">Meetingbuchung<\/a><\/li>\n<li><a title=\"Telemarketing\" href=\"https:\/\/tele-mark.dk\/de\/telemarketing\/\">Telemarketing<\/a><\/li>\n<li><a title=\"Meeting-Bucher\" href=\"https:\/\/tele-mark.dk\/de\/telemarketing\/meeting-bucher\/\">Meeting-Bucher<\/a><\/li>\n<\/ul>\n","protected":false},"excerpt":{"rendered":"<p>Seit 2013 unterst\u00fctzt Tele-Mark A\/S den D\u00e4nischen Forstverband beim Dialog mit neuen potenziellen Mitgliedern. Dadurch konnten bisher 100 neue Mitglieder gewonnen werden. Tele-Mark A\/S ist \u00e4u\u00dferst zufrieden mit der Zusammenarbeit. Der Kontakt mit den d\u00e4nischen Waldbesitzern ist \u00e4u\u00dferst positiv, relevant und interessant. Wir sind aufrichtig zufrieden, dass unsere Bem\u00fchungen f\u00fcr den D\u00e4nischen Forstverband messbare Fr\u00fcchte &#8230; <a title=\"Die Zusammenarbeit von Tele-Mark A\/S mit dem D\u00e4nischen Forstverband macht D\u00e4nemark gr\u00fcner!\" class=\"read-more\" href=\"https:\/\/tele-mark.dk\/de\/die-zusammenarbeit-von-tele-mark-a-s-mit-dem-daenischen-forstverband-macht-daenemark-gruener\/\" aria-label=\"Mehr Informationen \u00fcber Die Zusammenarbeit von Tele-Mark A\/S mit dem D\u00e4nischen Forstverband macht D\u00e4nemark gr\u00fcner!\">Weiterlesen &#8230;<\/a><\/p>\n","protected":false},"author":7,"featured_media":0,"comment_status":"closed","ping_status":"closed","sticky":false,"template":"","format":"standard","meta":{"_acf_changed":false,"footnotes":""},"categories":[71],"tags":[],"class_list":["post-11633","post","type-post","status-publish","format-standard","hentry","category-okategoriserad"],"acf":[],"yoast_head":"<!-- This site is optimized with the Yoast SEO plugin v26.8 - https:\/\/yoast.com\/product\/yoast-seo-wordpress\/ -->\n<title>Die Zusammenarbeit von Tele-Mark A\/S mit dem D\u00e4nischen Forstverband macht D\u00e4nemark gr\u00fcner! | Tele-Mark A\/S<\/title>\n<meta name=\"robots\" content=\"index, follow, max-snippet:-1, max-image-preview:large, max-video-preview:-1\" \/>\n<link rel=\"canonical\" href=\"https:\/\/tele-mark.dk\/de\/?p=11633\" \/>\n<meta property=\"og:locale\" content=\"de_DE\" \/>\n<meta property=\"og:type\" content=\"article\" \/>\n<meta property=\"og:title\" content=\"Die Zusammenarbeit von Tele-Mark A\/S mit dem D\u00e4nischen Forstverband macht D\u00e4nemark gr\u00fcner! | Tele-Mark A\/S\" \/>\n<meta property=\"og:description\" content=\"Seit 2013 unterst\u00fctzt Tele-Mark A\/S den D\u00e4nischen Forstverband beim Dialog mit neuen potenziellen Mitgliedern. Dadurch konnten bisher 100 neue Mitglieder gewonnen werden. Tele-Mark A\/S ist \u00e4u\u00dferst zufrieden mit der Zusammenarbeit. Der Kontakt mit den d\u00e4nischen Waldbesitzern ist \u00e4u\u00dferst positiv, relevant und interessant. Wir sind aufrichtig zufrieden, dass unsere Bem\u00fchungen f\u00fcr den D\u00e4nischen Forstverband messbare Fr\u00fcchte ... Weiterlesen ...\" \/>\n<meta property=\"og:url\" content=\"https:\/\/tele-mark.dk\/de\/?p=11633\" \/>\n<meta property=\"og:site_name\" content=\"Tele-Mark A\/S\" \/>\n<meta property=\"article:published_time\" content=\"2014-09-18T05:49:14+00:00\" \/>\n<meta property=\"article:modified_time\" content=\"2025-09-26T07:13:03+00:00\" \/>\n<meta name=\"author\" content=\"MK@tele-mark.dk\" \/>\n<meta name=\"twitter:card\" content=\"summary_large_image\" \/>\n<meta name=\"twitter:label1\" content=\"Verfasst von\" \/>\n\t<meta name=\"twitter:data1\" content=\"MK@tele-mark.dk\" \/>\n\t<meta name=\"twitter:label2\" content=\"Gesch\u00e4tzte Lesezeit\" \/>\n\t<meta name=\"twitter:data2\" content=\"2\u00a0Minuten\" \/>\n<script type=\"application\/ld+json\" class=\"yoast-schema-graph\">{\"@context\":\"https:\/\/schema.org\",\"@graph\":[{\"@type\":\"Article\",\"@id\":\"https:\/\/tele-mark.dk\/de\/?p=11633#article\",\"isPartOf\":{\"@id\":\"https:\/\/tele-mark.dk\/de\/?p=11633\"},\"author\":{\"name\":\"MK@tele-mark.dk\",\"@id\":\"https:\/\/tele-mark.dk\/#\/schema\/person\/b384f8c60f09de558a20bb8574465698\"},\"headline\":\"Die Zusammenarbeit von Tele-Mark A\/S mit dem D\u00e4nischen Forstverband macht D\u00e4nemark gr\u00fcner!\",\"datePublished\":\"2014-09-18T05:49:14+00:00\",\"dateModified\":\"2025-09-26T07:13:03+00:00\",\"mainEntityOfPage\":{\"@id\":\"https:\/\/tele-mark.dk\/de\/?p=11633\"},\"wordCount\":418,\"publisher\":{\"@id\":\"https:\/\/tele-mark.dk\/#organization\"},\"articleSection\":[\"Okategoriserad\"],\"inLanguage\":\"de\"},{\"@type\":\"WebPage\",\"@id\":\"https:\/\/tele-mark.dk\/de\/?p=11633\",\"url\":\"https:\/\/tele-mark.dk\/de\/?p=11633\",\"name\":\"Die Zusammenarbeit von Tele-Mark A\/S mit dem D\u00e4nischen Forstverband macht D\u00e4nemark gr\u00fcner! | Tele-Mark A\/S\",\"isPartOf\":{\"@id\":\"https:\/\/tele-mark.dk\/#website\"},\"datePublished\":\"2014-09-18T05:49:14+00:00\",\"dateModified\":\"2025-09-26T07:13:03+00:00\",\"breadcrumb\":{\"@id\":\"https:\/\/tele-mark.dk\/de\/?p=11633#breadcrumb\"},\"inLanguage\":\"de\",\"potentialAction\":[{\"@type\":\"ReadAction\",\"target\":[\"https:\/\/tele-mark.dk\/de\/?p=11633\"]}]},{\"@type\":\"BreadcrumbList\",\"@id\":\"https:\/\/tele-mark.dk\/de\/?p=11633#breadcrumb\",\"itemListElement\":[{\"@type\":\"ListItem\",\"position\":1,\"name\":\"Forside\",\"item\":\"https:\/\/tele-mark.dk\/de\/?page_id=10844\"},{\"@type\":\"ListItem\",\"position\":2,\"name\":\"Die Zusammenarbeit von Tele-Mark A\/S mit dem D\u00e4nischen Forstverband macht D\u00e4nemark gr\u00fcner!\"}]},{\"@type\":\"WebSite\",\"@id\":\"https:\/\/tele-mark.dk\/#website\",\"url\":\"https:\/\/tele-mark.dk\/\",\"name\":\"Tele-Mark A\/S\",\"description\":\"Telemarketing-Agentur f\u00fcr D\u00e4nemark, die nordischen L\u00e4nder, Europa und die ganze Welt\",\"publisher\":{\"@id\":\"https:\/\/tele-mark.dk\/#organization\"},\"potentialAction\":[{\"@type\":\"SearchAction\",\"target\":{\"@type\":\"EntryPoint\",\"urlTemplate\":\"https:\/\/tele-mark.dk\/?s={search_term_string}\"},\"query-input\":{\"@type\":\"PropertyValueSpecification\",\"valueRequired\":true,\"valueName\":\"search_term_string\"}}],\"inLanguage\":\"de\"},{\"@type\":\"Organization\",\"@id\":\"https:\/\/tele-mark.dk\/#organization\",\"name\":\"Tele-Mark A\/S\",\"url\":\"https:\/\/tele-mark.dk\/\",\"logo\":{\"@type\":\"ImageObject\",\"inLanguage\":\"de\",\"@id\":\"https:\/\/tele-mark.dk\/#\/schema\/logo\/image\/\",\"url\":\"https:\/\/tele-mark.dk\/wp-content\/uploads\/2025\/03\/Nyt-logo.svg\",\"contentUrl\":\"https:\/\/tele-mark.dk\/wp-content\/uploads\/2025\/03\/Nyt-logo.svg\",\"width\":433,\"height\":161,\"caption\":\"Tele-Mark A\/S\"},\"image\":{\"@id\":\"https:\/\/tele-mark.dk\/#\/schema\/logo\/image\/\"}},{\"@type\":\"Person\",\"@id\":\"https:\/\/tele-mark.dk\/#\/schema\/person\/b384f8c60f09de558a20bb8574465698\",\"name\":\"MK@tele-mark.dk\",\"url\":\"https:\/\/tele-mark.dk\/de\/author\/mktele-mark-dk\/\"}]}<\/script>\n<!-- \/ Yoast SEO plugin. -->","yoast_head_json":{"title":"Die Zusammenarbeit von Tele-Mark A\/S mit dem D\u00e4nischen Forstverband macht D\u00e4nemark gr\u00fcner! | Tele-Mark A\/S","robots":{"index":"index","follow":"follow","max-snippet":"max-snippet:-1","max-image-preview":"max-image-preview:large","max-video-preview":"max-video-preview:-1"},"canonical":"https:\/\/tele-mark.dk\/de\/?p=11633","og_locale":"de_DE","og_type":"article","og_title":"Die Zusammenarbeit von Tele-Mark A\/S mit dem D\u00e4nischen Forstverband macht D\u00e4nemark gr\u00fcner! | Tele-Mark A\/S","og_description":"Seit 2013 unterst\u00fctzt Tele-Mark A\/S den D\u00e4nischen Forstverband beim Dialog mit neuen potenziellen Mitgliedern. Dadurch konnten bisher 100 neue Mitglieder gewonnen werden. Tele-Mark A\/S ist \u00e4u\u00dferst zufrieden mit der Zusammenarbeit. Der Kontakt mit den d\u00e4nischen Waldbesitzern ist \u00e4u\u00dferst positiv, relevant und interessant. Wir sind aufrichtig zufrieden, dass unsere Bem\u00fchungen f\u00fcr den D\u00e4nischen Forstverband messbare Fr\u00fcchte ... Weiterlesen ...","og_url":"https:\/\/tele-mark.dk\/de\/?p=11633","og_site_name":"Tele-Mark A\/S","article_published_time":"2014-09-18T05:49:14+00:00","article_modified_time":"2025-09-26T07:13:03+00:00","author":"MK@tele-mark.dk","twitter_card":"summary_large_image","twitter_misc":{"Verfasst von":"MK@tele-mark.dk","Gesch\u00e4tzte Lesezeit":"2\u00a0Minuten"},"schema":{"@context":"https:\/\/schema.org","@graph":[{"@type":"Article","@id":"https:\/\/tele-mark.dk\/de\/?p=11633#article","isPartOf":{"@id":"https:\/\/tele-mark.dk\/de\/?p=11633"},"author":{"name":"MK@tele-mark.dk","@id":"https:\/\/tele-mark.dk\/#\/schema\/person\/b384f8c60f09de558a20bb8574465698"},"headline":"Die Zusammenarbeit von Tele-Mark A\/S mit dem D\u00e4nischen Forstverband macht D\u00e4nemark gr\u00fcner!","datePublished":"2014-09-18T05:49:14+00:00","dateModified":"2025-09-26T07:13:03+00:00","mainEntityOfPage":{"@id":"https:\/\/tele-mark.dk\/de\/?p=11633"},"wordCount":418,"publisher":{"@id":"https:\/\/tele-mark.dk\/#organization"},"articleSection":["Okategoriserad"],"inLanguage":"de"},{"@type":"WebPage","@id":"https:\/\/tele-mark.dk\/de\/?p=11633","url":"https:\/\/tele-mark.dk\/de\/?p=11633","name":"Die Zusammenarbeit von Tele-Mark A\/S mit dem D\u00e4nischen Forstverband macht D\u00e4nemark gr\u00fcner! | Tele-Mark A\/S","isPartOf":{"@id":"https:\/\/tele-mark.dk\/#website"},"datePublished":"2014-09-18T05:49:14+00:00","dateModified":"2025-09-26T07:13:03+00:00","breadcrumb":{"@id":"https:\/\/tele-mark.dk\/de\/?p=11633#breadcrumb"},"inLanguage":"de","potentialAction":[{"@type":"ReadAction","target":["https:\/\/tele-mark.dk\/de\/?p=11633"]}]},{"@type":"BreadcrumbList","@id":"https:\/\/tele-mark.dk\/de\/?p=11633#breadcrumb","itemListElement":[{"@type":"ListItem","position":1,"name":"Forside","item":"https:\/\/tele-mark.dk\/de\/?page_id=10844"},{"@type":"ListItem","position":2,"name":"Die Zusammenarbeit von Tele-Mark A\/S mit dem D\u00e4nischen Forstverband macht D\u00e4nemark gr\u00fcner!"}]},{"@type":"WebSite","@id":"https:\/\/tele-mark.dk\/#website","url":"https:\/\/tele-mark.dk\/","name":"Tele-Mark A\/S","description":"Telemarketing-Agentur f\u00fcr D\u00e4nemark, die nordischen L\u00e4nder, Europa und die ganze Welt","publisher":{"@id":"https:\/\/tele-mark.dk\/#organization"},"potentialAction":[{"@type":"SearchAction","target":{"@type":"EntryPoint","urlTemplate":"https:\/\/tele-mark.dk\/?s={search_term_string}"},"query-input":{"@type":"PropertyValueSpecification","valueRequired":true,"valueName":"search_term_string"}}],"inLanguage":"de"},{"@type":"Organization","@id":"https:\/\/tele-mark.dk\/#organization","name":"Tele-Mark A\/S","url":"https:\/\/tele-mark.dk\/","logo":{"@type":"ImageObject","inLanguage":"de","@id":"https:\/\/tele-mark.dk\/#\/schema\/logo\/image\/","url":"https:\/\/tele-mark.dk\/wp-content\/uploads\/2025\/03\/Nyt-logo.svg","contentUrl":"https:\/\/tele-mark.dk\/wp-content\/uploads\/2025\/03\/Nyt-logo.svg","width":433,"height":161,"caption":"Tele-Mark A\/S"},"image":{"@id":"https:\/\/tele-mark.dk\/#\/schema\/logo\/image\/"}},{"@type":"Person","@id":"https:\/\/tele-mark.dk\/#\/schema\/person\/b384f8c60f09de558a20bb8574465698","name":"MK@tele-mark.dk","url":"https:\/\/tele-mark.dk\/de\/author\/mktele-mark-dk\/"}]}},"_links":{"self":[{"href":"https:\/\/tele-mark.dk\/de\/wp-json\/wp\/v2\/posts\/11633","targetHints":{"allow":["GET"]}}],"collection":[{"href":"https:\/\/tele-mark.dk\/de\/wp-json\/wp\/v2\/posts"}],"about":[{"href":"https:\/\/tele-mark.dk\/de\/wp-json\/wp\/v2\/types\/post"}],"author":[{"embeddable":true,"href":"https:\/\/tele-mark.dk\/de\/wp-json\/wp\/v2\/users\/7"}],"replies":[{"embeddable":true,"href":"https:\/\/tele-mark.dk\/de\/wp-json\/wp\/v2\/comments?post=11633"}],"version-history":[{"count":1,"href":"https:\/\/tele-mark.dk\/de\/wp-json\/wp\/v2\/posts\/11633\/revisions"}],"predecessor-version":[{"id":11635,"href":"https:\/\/tele-mark.dk\/de\/wp-json\/wp\/v2\/posts\/11633\/revisions\/11635"}],"wp:attachment":[{"href":"https:\/\/tele-mark.dk\/de\/wp-json\/wp\/v2\/media?parent=11633"}],"wp:term":[{"taxonomy":"category","embeddable":true,"href":"https:\/\/tele-mark.dk\/de\/wp-json\/wp\/v2\/categories?post=11633"},{"taxonomy":"post_tag","embeddable":true,"href":"https:\/\/tele-mark.dk\/de\/wp-json\/wp\/v2\/tags?post=11633"}],"curies":[{"name":"wp","href":"https:\/\/api.w.org\/{rel}","templated":true}]}}