{"id":11539,"date":"2019-03-20T14:13:42","date_gmt":"2019-03-20T13:13:42","guid":{"rendered":"https:\/\/tele-mark.dk\/proloen-liebt-tele-mark\/"},"modified":"2025-09-26T09:12:15","modified_gmt":"2025-09-26T07:12:15","slug":"proloen-liebt-tele-mark","status":"publish","type":"post","link":"https:\/\/tele-mark.dk\/de\/proloen-liebt-tele-mark\/","title":{"rendered":"ProL\u00f8n liebt Tele-Mark"},"content":{"rendered":"<p>I for\u00e5ret 2018 blev ProL\u00f8n A\/S kunde hos Tele-Mark A\/S. Det skete p\u00e5 henvisning fra en anden god kunde i it branchen igennem mange \u00e5r.<\/p>\n<p>Efter et velgennemf\u00f8rt testforl\u00f8b i for\u00e5ret 2018, som k\u00f8rte efter Tele-Mark A\/S velafpr\u00f8vede proces og koncept, hvor et samarbejde grundl\u00e6gges, defineres og ikke mindst syretestes. Efterf\u00f8lgende st\u00e5r kunden med nogle specifikke indikationer p\u00e5, hvorvidt et samarbejde med Tele-Mark A\/S er eller bliver rentabelt eller ej. Det skaber grundl\u00e6ggende lettilg\u00e6ngelig dokumentation hvor udfra en ny kunde kan beslutte, hvorvidt samarbejdet skal forts\u00e6tte og m\u00e5ske udvikles eller blot afvikles. Det hvad enten beslutningen tages\u00a0ud fra ROI, eller en mere subjektiv vurdering af samarbejdet og resultaterne.<\/p>\n<p>Siden testen har samarbejdet med ProL\u00f8n A\/S udviklet sig yderligere. Det kan ofte v\u00e6re en indikation p\u00e5 tilfredshed, n\u00e5r samarbejdets omfang udvikler sig positivt. Det er dog ingen selvf\u00f8lge at samarbejdet udvikler sig hurtigt. Det er noget vi alle, hver eneste dag arbejde h\u00e5rdt p\u00e5 at g\u00f8re os fortjent til.<\/p>\n<p>Det er utvivlsomt altid fantastisk n\u00e5r kunderne giver positive tilbagemeldinger over mailen eller telefonen, til de tilknyttede kontaktformidlere og projektledere, bestemt. Men n\u00e5r en kunde som ProL\u00f8n A\/S k\u00f8rer fra Randers til Aarhus, for at aflevere kagen p\u00e5 billedet til en af vores 2 daglige f\u00e6lles pauser, s\u00e5 bliver alle i hele huset bekr\u00e6ftet i, at det vi som ansat og virksomhed leverer, heldigvis meget ofte g\u00f8r en k\u00e6mpem\u00e6ssig forskel for vore kunder, og ikke mindst deres salgsstyrke.<\/p>\n<p>I det her tilf\u00e6lde er det prim\u00e6rt kollegerne Poul, Nils, Liza og Caroline, vi andre kan takke for kagen, og selvf\u00f8lgelig Prol\u00f8n A\/S.<\/p>\n<p>P.S. Den smagte fantastisk.<\/p>\n<p>\u00d8nsker du og din virksomhed at h\u00f8re n\u00e6rmere om, hvorledes I vil kunne pr\u00f8ve af om et samarbejde med Tele-Mark A\/S, vil kunne skabe v\u00e6rdi og give mening for jer, s\u00e5 kontakt os endeligt i dag p\u00e5 70237 238, vi er klar til en uforpligtende snak.<\/p>\n<p><img fetchpriority=\"high\" decoding=\"async\" class=\"alignnone size-full wp-image-636\" src=\"https:\/\/tele-mark.dk\/wp-content\/uploads\/2019\/03\/ProLon-Kage2019.jpeg\" alt=\"Prol\u00f8n kage hos telemarketing\" width=\"360\" height=\"370\" \/><\/p>\n","protected":false},"excerpt":{"rendered":"<p>I for\u00e5ret 2018 blev ProL\u00f8n A\/S kunde hos Tele-Mark A\/S. Det skete p\u00e5 henvisning fra en anden god kunde i it branchen igennem mange \u00e5r. Efter et velgennemf\u00f8rt testforl\u00f8b i for\u00e5ret 2018, som k\u00f8rte efter Tele-Mark A\/S velafpr\u00f8vede proces og koncept, hvor et samarbejde grundl\u00e6gges, defineres og ikke mindst syretestes. Efterf\u00f8lgende st\u00e5r kunden med nogle &#8230; <a title=\"ProL\u00f8n liebt Tele-Mark\" class=\"read-more\" href=\"https:\/\/tele-mark.dk\/de\/proloen-liebt-tele-mark\/\" aria-label=\"Mehr Informationen \u00fcber ProL\u00f8n liebt Tele-Mark\">Weiterlesen &#8230;<\/a><\/p>\n","protected":false},"author":1,"featured_media":11239,"comment_status":"closed","ping_status":"closed","sticky":false,"template":"","format":"standard","meta":{"_acf_changed":false,"footnotes":""},"categories":[71],"tags":[],"class_list":["post-11539","post","type-post","status-publish","format-standard","has-post-thumbnail","hentry","category-okategoriserad"],"acf":[],"yoast_head":"<!-- This site is optimized with the Yoast SEO plugin v26.8 - https:\/\/yoast.com\/product\/yoast-seo-wordpress\/ -->\n<title>ProL\u00f8n liebt Tele-Mark | Tele-Mark A\/S<\/title>\n<meta name=\"robots\" content=\"index, follow, max-snippet:-1, max-image-preview:large, max-video-preview:-1\" \/>\n<link rel=\"canonical\" href=\"https:\/\/tele-mark.dk\/de\/?p=11539\" \/>\n<meta property=\"og:locale\" content=\"de_DE\" \/>\n<meta property=\"og:type\" content=\"article\" \/>\n<meta property=\"og:title\" content=\"ProL\u00f8n liebt Tele-Mark | Tele-Mark A\/S\" \/>\n<meta property=\"og:description\" content=\"I for\u00e5ret 2018 blev ProL\u00f8n A\/S kunde hos Tele-Mark A\/S. Det skete p\u00e5 henvisning fra en anden god kunde i it branchen igennem mange \u00e5r. Efter et velgennemf\u00f8rt testforl\u00f8b i for\u00e5ret 2018, som k\u00f8rte efter Tele-Mark A\/S velafpr\u00f8vede proces og koncept, hvor et samarbejde grundl\u00e6gges, defineres og ikke mindst syretestes. Efterf\u00f8lgende st\u00e5r kunden med nogle ... Weiterlesen ...\" \/>\n<meta property=\"og:url\" content=\"https:\/\/tele-mark.dk\/de\/?p=11539\" \/>\n<meta property=\"og:site_name\" content=\"Tele-Mark A\/S\" \/>\n<meta property=\"article:published_time\" content=\"2019-03-20T13:13:42+00:00\" \/>\n<meta property=\"article:modified_time\" content=\"2025-09-26T07:12:15+00:00\" \/>\n<meta property=\"og:image\" content=\"https:\/\/tele-mark.dk\/wp-content\/uploads\/2019\/03\/ProLon-Kage2019.jpeg\" \/>\n\t<meta property=\"og:image:width\" content=\"360\" \/>\n\t<meta property=\"og:image:height\" content=\"370\" \/>\n\t<meta property=\"og:image:type\" content=\"image\/jpeg\" \/>\n<meta name=\"author\" content=\"author\" \/>\n<meta name=\"twitter:card\" content=\"summary_large_image\" \/>\n<meta name=\"twitter:label1\" content=\"Verfasst von\" \/>\n\t<meta name=\"twitter:data1\" content=\"author\" \/>\n\t<meta name=\"twitter:label2\" content=\"Gesch\u00e4tzte Lesezeit\" \/>\n\t<meta name=\"twitter:data2\" content=\"2\u00a0Minuten\" \/>\n<script type=\"application\/ld+json\" class=\"yoast-schema-graph\">{\"@context\":\"https:\/\/schema.org\",\"@graph\":[{\"@type\":\"Article\",\"@id\":\"https:\/\/tele-mark.dk\/de\/?p=11539#article\",\"isPartOf\":{\"@id\":\"https:\/\/tele-mark.dk\/de\/?p=11539\"},\"author\":{\"name\":\"author\",\"@id\":\"https:\/\/tele-mark.dk\/#\/schema\/person\/08dfec8274125355cc314880fdefb374\"},\"headline\":\"ProL\u00f8n liebt Tele-Mark\",\"datePublished\":\"2019-03-20T13:13:42+00:00\",\"dateModified\":\"2025-09-26T07:12:15+00:00\",\"mainEntityOfPage\":{\"@id\":\"https:\/\/tele-mark.dk\/de\/?p=11539\"},\"wordCount\":355,\"publisher\":{\"@id\":\"https:\/\/tele-mark.dk\/#organization\"},\"image\":{\"@id\":\"https:\/\/tele-mark.dk\/de\/?p=11539#primaryimage\"},\"thumbnailUrl\":\"https:\/\/tele-mark.dk\/wp-content\/uploads\/2019\/03\/ProLon-Kage2019.jpeg\",\"articleSection\":[\"Okategoriserad\"],\"inLanguage\":\"de\"},{\"@type\":\"WebPage\",\"@id\":\"https:\/\/tele-mark.dk\/de\/?p=11539\",\"url\":\"https:\/\/tele-mark.dk\/de\/?p=11539\",\"name\":\"ProL\u00f8n liebt Tele-Mark | Tele-Mark A\/S\",\"isPartOf\":{\"@id\":\"https:\/\/tele-mark.dk\/#website\"},\"primaryImageOfPage\":{\"@id\":\"https:\/\/tele-mark.dk\/de\/?p=11539#primaryimage\"},\"image\":{\"@id\":\"https:\/\/tele-mark.dk\/de\/?p=11539#primaryimage\"},\"thumbnailUrl\":\"https:\/\/tele-mark.dk\/wp-content\/uploads\/2019\/03\/ProLon-Kage2019.jpeg\",\"datePublished\":\"2019-03-20T13:13:42+00:00\",\"dateModified\":\"2025-09-26T07:12:15+00:00\",\"breadcrumb\":{\"@id\":\"https:\/\/tele-mark.dk\/de\/?p=11539#breadcrumb\"},\"inLanguage\":\"de\",\"potentialAction\":[{\"@type\":\"ReadAction\",\"target\":[\"https:\/\/tele-mark.dk\/de\/?p=11539\"]}]},{\"@type\":\"ImageObject\",\"inLanguage\":\"de\",\"@id\":\"https:\/\/tele-mark.dk\/de\/?p=11539#primaryimage\",\"url\":\"https:\/\/tele-mark.dk\/wp-content\/uploads\/2019\/03\/ProLon-Kage2019.jpeg\",\"contentUrl\":\"https:\/\/tele-mark.dk\/wp-content\/uploads\/2019\/03\/ProLon-Kage2019.jpeg\",\"width\":360,\"height\":370},{\"@type\":\"BreadcrumbList\",\"@id\":\"https:\/\/tele-mark.dk\/de\/?p=11539#breadcrumb\",\"itemListElement\":[{\"@type\":\"ListItem\",\"position\":1,\"name\":\"Forside\",\"item\":\"https:\/\/tele-mark.dk\/de\/?page_id=10844\"},{\"@type\":\"ListItem\",\"position\":2,\"name\":\"ProL\u00f8n liebt Tele-Mark\"}]},{\"@type\":\"WebSite\",\"@id\":\"https:\/\/tele-mark.dk\/#website\",\"url\":\"https:\/\/tele-mark.dk\/\",\"name\":\"Tele-Mark A\/S\",\"description\":\"Telemarketing-Agentur f\u00fcr D\u00e4nemark, die nordischen L\u00e4nder, Europa und die ganze Welt\",\"publisher\":{\"@id\":\"https:\/\/tele-mark.dk\/#organization\"},\"potentialAction\":[{\"@type\":\"SearchAction\",\"target\":{\"@type\":\"EntryPoint\",\"urlTemplate\":\"https:\/\/tele-mark.dk\/?s={search_term_string}\"},\"query-input\":{\"@type\":\"PropertyValueSpecification\",\"valueRequired\":true,\"valueName\":\"search_term_string\"}}],\"inLanguage\":\"de\"},{\"@type\":\"Organization\",\"@id\":\"https:\/\/tele-mark.dk\/#organization\",\"name\":\"Tele-Mark A\/S\",\"url\":\"https:\/\/tele-mark.dk\/\",\"logo\":{\"@type\":\"ImageObject\",\"inLanguage\":\"de\",\"@id\":\"https:\/\/tele-mark.dk\/#\/schema\/logo\/image\/\",\"url\":\"https:\/\/tele-mark.dk\/wp-content\/uploads\/2025\/03\/Nyt-logo.svg\",\"contentUrl\":\"https:\/\/tele-mark.dk\/wp-content\/uploads\/2025\/03\/Nyt-logo.svg\",\"width\":433,\"height\":161,\"caption\":\"Tele-Mark A\/S\"},\"image\":{\"@id\":\"https:\/\/tele-mark.dk\/#\/schema\/logo\/image\/\"}},{\"@type\":\"Person\",\"@id\":\"https:\/\/tele-mark.dk\/#\/schema\/person\/08dfec8274125355cc314880fdefb374\",\"name\":\"author\",\"url\":\"https:\/\/tele-mark.dk\/de\/author\/author\/\"}]}<\/script>\n<!-- \/ Yoast SEO plugin. -->","yoast_head_json":{"title":"ProL\u00f8n liebt Tele-Mark | Tele-Mark A\/S","robots":{"index":"index","follow":"follow","max-snippet":"max-snippet:-1","max-image-preview":"max-image-preview:large","max-video-preview":"max-video-preview:-1"},"canonical":"https:\/\/tele-mark.dk\/de\/?p=11539","og_locale":"de_DE","og_type":"article","og_title":"ProL\u00f8n liebt Tele-Mark | Tele-Mark A\/S","og_description":"I for\u00e5ret 2018 blev ProL\u00f8n A\/S kunde hos Tele-Mark A\/S. Det skete p\u00e5 henvisning fra en anden god kunde i it branchen igennem mange \u00e5r. Efter et velgennemf\u00f8rt testforl\u00f8b i for\u00e5ret 2018, som k\u00f8rte efter Tele-Mark A\/S velafpr\u00f8vede proces og koncept, hvor et samarbejde grundl\u00e6gges, defineres og ikke mindst syretestes. Efterf\u00f8lgende st\u00e5r kunden med nogle ... Weiterlesen ...","og_url":"https:\/\/tele-mark.dk\/de\/?p=11539","og_site_name":"Tele-Mark A\/S","article_published_time":"2019-03-20T13:13:42+00:00","article_modified_time":"2025-09-26T07:12:15+00:00","og_image":[{"width":360,"height":370,"url":"https:\/\/tele-mark.dk\/wp-content\/uploads\/2019\/03\/ProLon-Kage2019.jpeg","type":"image\/jpeg"}],"author":"author","twitter_card":"summary_large_image","twitter_misc":{"Verfasst von":"author","Gesch\u00e4tzte Lesezeit":"2\u00a0Minuten"},"schema":{"@context":"https:\/\/schema.org","@graph":[{"@type":"Article","@id":"https:\/\/tele-mark.dk\/de\/?p=11539#article","isPartOf":{"@id":"https:\/\/tele-mark.dk\/de\/?p=11539"},"author":{"name":"author","@id":"https:\/\/tele-mark.dk\/#\/schema\/person\/08dfec8274125355cc314880fdefb374"},"headline":"ProL\u00f8n liebt Tele-Mark","datePublished":"2019-03-20T13:13:42+00:00","dateModified":"2025-09-26T07:12:15+00:00","mainEntityOfPage":{"@id":"https:\/\/tele-mark.dk\/de\/?p=11539"},"wordCount":355,"publisher":{"@id":"https:\/\/tele-mark.dk\/#organization"},"image":{"@id":"https:\/\/tele-mark.dk\/de\/?p=11539#primaryimage"},"thumbnailUrl":"https:\/\/tele-mark.dk\/wp-content\/uploads\/2019\/03\/ProLon-Kage2019.jpeg","articleSection":["Okategoriserad"],"inLanguage":"de"},{"@type":"WebPage","@id":"https:\/\/tele-mark.dk\/de\/?p=11539","url":"https:\/\/tele-mark.dk\/de\/?p=11539","name":"ProL\u00f8n liebt Tele-Mark | Tele-Mark A\/S","isPartOf":{"@id":"https:\/\/tele-mark.dk\/#website"},"primaryImageOfPage":{"@id":"https:\/\/tele-mark.dk\/de\/?p=11539#primaryimage"},"image":{"@id":"https:\/\/tele-mark.dk\/de\/?p=11539#primaryimage"},"thumbnailUrl":"https:\/\/tele-mark.dk\/wp-content\/uploads\/2019\/03\/ProLon-Kage2019.jpeg","datePublished":"2019-03-20T13:13:42+00:00","dateModified":"2025-09-26T07:12:15+00:00","breadcrumb":{"@id":"https:\/\/tele-mark.dk\/de\/?p=11539#breadcrumb"},"inLanguage":"de","potentialAction":[{"@type":"ReadAction","target":["https:\/\/tele-mark.dk\/de\/?p=11539"]}]},{"@type":"ImageObject","inLanguage":"de","@id":"https:\/\/tele-mark.dk\/de\/?p=11539#primaryimage","url":"https:\/\/tele-mark.dk\/wp-content\/uploads\/2019\/03\/ProLon-Kage2019.jpeg","contentUrl":"https:\/\/tele-mark.dk\/wp-content\/uploads\/2019\/03\/ProLon-Kage2019.jpeg","width":360,"height":370},{"@type":"BreadcrumbList","@id":"https:\/\/tele-mark.dk\/de\/?p=11539#breadcrumb","itemListElement":[{"@type":"ListItem","position":1,"name":"Forside","item":"https:\/\/tele-mark.dk\/de\/?page_id=10844"},{"@type":"ListItem","position":2,"name":"ProL\u00f8n liebt Tele-Mark"}]},{"@type":"WebSite","@id":"https:\/\/tele-mark.dk\/#website","url":"https:\/\/tele-mark.dk\/","name":"Tele-Mark A\/S","description":"Telemarketing-Agentur f\u00fcr D\u00e4nemark, die nordischen L\u00e4nder, Europa und die ganze Welt","publisher":{"@id":"https:\/\/tele-mark.dk\/#organization"},"potentialAction":[{"@type":"SearchAction","target":{"@type":"EntryPoint","urlTemplate":"https:\/\/tele-mark.dk\/?s={search_term_string}"},"query-input":{"@type":"PropertyValueSpecification","valueRequired":true,"valueName":"search_term_string"}}],"inLanguage":"de"},{"@type":"Organization","@id":"https:\/\/tele-mark.dk\/#organization","name":"Tele-Mark A\/S","url":"https:\/\/tele-mark.dk\/","logo":{"@type":"ImageObject","inLanguage":"de","@id":"https:\/\/tele-mark.dk\/#\/schema\/logo\/image\/","url":"https:\/\/tele-mark.dk\/wp-content\/uploads\/2025\/03\/Nyt-logo.svg","contentUrl":"https:\/\/tele-mark.dk\/wp-content\/uploads\/2025\/03\/Nyt-logo.svg","width":433,"height":161,"caption":"Tele-Mark A\/S"},"image":{"@id":"https:\/\/tele-mark.dk\/#\/schema\/logo\/image\/"}},{"@type":"Person","@id":"https:\/\/tele-mark.dk\/#\/schema\/person\/08dfec8274125355cc314880fdefb374","name":"author","url":"https:\/\/tele-mark.dk\/de\/author\/author\/"}]}},"_links":{"self":[{"href":"https:\/\/tele-mark.dk\/de\/wp-json\/wp\/v2\/posts\/11539","targetHints":{"allow":["GET"]}}],"collection":[{"href":"https:\/\/tele-mark.dk\/de\/wp-json\/wp\/v2\/posts"}],"about":[{"href":"https:\/\/tele-mark.dk\/de\/wp-json\/wp\/v2\/types\/post"}],"author":[{"embeddable":true,"href":"https:\/\/tele-mark.dk\/de\/wp-json\/wp\/v2\/users\/1"}],"replies":[{"embeddable":true,"href":"https:\/\/tele-mark.dk\/de\/wp-json\/wp\/v2\/comments?post=11539"}],"version-history":[{"count":2,"href":"https:\/\/tele-mark.dk\/de\/wp-json\/wp\/v2\/posts\/11539\/revisions"}],"predecessor-version":[{"id":11542,"href":"https:\/\/tele-mark.dk\/de\/wp-json\/wp\/v2\/posts\/11539\/revisions\/11542"}],"wp:featuredmedia":[{"embeddable":true,"href":"https:\/\/tele-mark.dk\/de\/wp-json\/wp\/v2\/media\/11239"}],"wp:attachment":[{"href":"https:\/\/tele-mark.dk\/de\/wp-json\/wp\/v2\/media?parent=11539"}],"wp:term":[{"taxonomy":"category","embeddable":true,"href":"https:\/\/tele-mark.dk\/de\/wp-json\/wp\/v2\/categories?post=11539"},{"taxonomy":"post_tag","embeddable":true,"href":"https:\/\/tele-mark.dk\/de\/wp-json\/wp\/v2\/tags?post=11539"}],"curies":[{"name":"wp","href":"https:\/\/api.w.org\/{rel}","templated":true}]}}