{"id":11532,"date":"2019-04-30T10:35:55","date_gmt":"2019-04-30T08:35:55","guid":{"rendered":"https:\/\/tele-mark.dk\/boligcare-schaetzt-caroline-und-tele-mark-a-s\/"},"modified":"2025-09-26T09:12:14","modified_gmt":"2025-09-26T07:12:14","slug":"boligcare-schaetzt-caroline-und-tele-mark-a-s","status":"publish","type":"post","link":"https:\/\/tele-mark.dk\/de\/boligcare-schaetzt-caroline-und-tele-mark-a-s\/","title":{"rendered":"Boligcare sch\u00e4tzt Caroline und Tele-Mark A\/S."},"content":{"rendered":"<p>Gestern hatten wir Besuch von Carsten, dem Inhaber von Boligcare (www.boligcare.dk). Ziel des Besuchs war es, ein weiteres Projekt zu starten. Dieses soll parallel zu dem Projekt laufen, das wir Mitte M\u00e4rz gestartet haben.  <\/p>\n<p>Carsten nutzte die Gelegenheit, um Tele-Mark A\/S und insbesondere Caroline f\u00fcr die bisherigen Bem\u00fchungen und Ergebnisse zu danken. Er gab einen kurzen \u00dcberblick \u00fcber die Zusammenarbeit: \u201eVon den bisher zw\u00f6lf vereinbarten Treffen wurden alle abgehalten. Dar\u00fcber hinaus hat Carsten bereits mit sechs Unternehmen Vertr\u00e4ge abgeschlossen.\u201c \u201eEine Abschlussquote von 50 % der vereinbarten Besuche wird von den meisten als Erfolg gewertet, zumindest hat sie die Erwartungen \u00fcbertroffen, die Carsten hatte, als er die Zusammenarbeit mit uns einging\u201c, sagte er.   <\/p>\n<p>Carsten wurde von einem Kunden aus Vejle empfohlen, den Tele-Mark A\/S seit 2004 betreut.<\/p>\n<p>Weitere Informationen zu boligcare finden Sie unter boligcare.dk. Wenn Sie mehr \u00fcber die Zusammenarbeit erfahren m\u00f6chten, wenden Sie sich bitte an Tele-Mark A\/S unter 70237238 oder info@tele-mark.dk. <\/p>\n<p>Carsten hat sich als Referenzkunde f\u00fcr Tele-Mark A\/S gemeldet. Wir freuen uns einfach, wenn unsere Kunden gute Gesch\u00e4fte machen! <\/p>\n<figure class=\"aligncenter\"><img fetchpriority=\"high\" decoding=\"async\" class=\"alignnone size-medium wp-image-651\" src=\"https:\/\/tele-mark.dk\/wp-content\/uploads\/2019\/04\/Boligcare-262x500.jpg\" alt=\"Terminbuchung f\u00fcr die station\u00e4re Pflege\" width=\"262\" height=\"500\" srcset=\"https:\/\/tele-mark.dk\/wp-content\/uploads\/2019\/04\/Boligcare-262x500.jpg 262w, https:\/\/tele-mark.dk\/wp-content\/uploads\/2019\/04\/Boligcare-523x1000.jpg 523w, https:\/\/tele-mark.dk\/wp-content\/uploads\/2019\/04\/Boligcare-768x1467.jpg 768w, https:\/\/tele-mark.dk\/wp-content\/uploads\/2019\/04\/Boligcare-804x1536.jpg 804w, https:\/\/tele-mark.dk\/wp-content\/uploads\/2019\/04\/Boligcare-scaled.jpg 1072w\" sizes=\"(max-width: 262px) 100vw, 262px\" \/><\/figure>\n","protected":false},"excerpt":{"rendered":"<p>Gestern hatten wir Besuch von Carsten, dem Inhaber von Boligcare (www.boligcare.dk). Ziel des Besuchs war es, ein weiteres Projekt zu starten. Dieses soll parallel zu dem Projekt laufen, das wir Mitte M\u00e4rz gestartet haben. Carsten nutzte die Gelegenheit, um Tele-Mark A\/S und insbesondere Caroline f\u00fcr die bisherigen Bem\u00fchungen und Ergebnisse zu danken. Er gab einen &#8230; <a title=\"Boligcare sch\u00e4tzt Caroline und Tele-Mark A\/S.\" class=\"read-more\" href=\"https:\/\/tele-mark.dk\/de\/boligcare-schaetzt-caroline-und-tele-mark-a-s\/\" aria-label=\"Mehr Informationen \u00fcber Boligcare sch\u00e4tzt Caroline und Tele-Mark A\/S.\">Weiterlesen &#8230;<\/a><\/p>\n","protected":false},"author":1,"featured_media":11235,"comment_status":"closed","ping_status":"closed","sticky":false,"template":"","format":"standard","meta":{"_acf_changed":false,"footnotes":""},"categories":[71],"tags":[],"class_list":["post-11532","post","type-post","status-publish","format-standard","has-post-thumbnail","hentry","category-okategoriserad"],"acf":[],"yoast_head":"<!-- This site is optimized with the Yoast SEO plugin v26.8 - https:\/\/yoast.com\/product\/yoast-seo-wordpress\/ -->\n<title>Boligcare sch\u00e4tzt Caroline und Tele-Mark A\/S. | Tele-Mark A\/S<\/title>\n<meta name=\"robots\" content=\"index, follow, max-snippet:-1, max-image-preview:large, max-video-preview:-1\" \/>\n<link rel=\"canonical\" href=\"https:\/\/tele-mark.dk\/de\/?p=11532\" \/>\n<meta property=\"og:locale\" content=\"de_DE\" \/>\n<meta property=\"og:type\" content=\"article\" \/>\n<meta property=\"og:title\" content=\"Boligcare sch\u00e4tzt Caroline und Tele-Mark A\/S. | Tele-Mark A\/S\" \/>\n<meta property=\"og:description\" content=\"Gestern hatten wir Besuch von Carsten, dem Inhaber von Boligcare (www.boligcare.dk). Ziel des Besuchs war es, ein weiteres Projekt zu starten. Dieses soll parallel zu dem Projekt laufen, das wir Mitte M\u00e4rz gestartet haben. Carsten nutzte die Gelegenheit, um Tele-Mark A\/S und insbesondere Caroline f\u00fcr die bisherigen Bem\u00fchungen und Ergebnisse zu danken. Er gab einen ... Weiterlesen ...\" \/>\n<meta property=\"og:url\" content=\"https:\/\/tele-mark.dk\/de\/?p=11532\" \/>\n<meta property=\"og:site_name\" content=\"Tele-Mark A\/S\" \/>\n<meta property=\"article:published_time\" content=\"2019-04-30T08:35:55+00:00\" \/>\n<meta property=\"article:modified_time\" content=\"2025-09-26T07:12:14+00:00\" \/>\n<meta property=\"og:image\" content=\"https:\/\/tele-mark.dk\/wp-content\/uploads\/2019\/04\/Boligcare-scaled.jpg\" \/>\n\t<meta property=\"og:image:width\" content=\"1072\" \/>\n\t<meta property=\"og:image:height\" content=\"2048\" \/>\n\t<meta property=\"og:image:type\" content=\"image\/jpeg\" \/>\n<meta name=\"author\" content=\"author\" \/>\n<meta name=\"twitter:card\" content=\"summary_large_image\" \/>\n<meta name=\"twitter:label1\" content=\"Verfasst von\" \/>\n\t<meta name=\"twitter:data1\" content=\"author\" \/>\n\t<meta name=\"twitter:label2\" content=\"Gesch\u00e4tzte Lesezeit\" \/>\n\t<meta name=\"twitter:data2\" content=\"1\u00a0Minute\" \/>\n<script type=\"application\/ld+json\" class=\"yoast-schema-graph\">{\"@context\":\"https:\/\/schema.org\",\"@graph\":[{\"@type\":\"Article\",\"@id\":\"https:\/\/tele-mark.dk\/de\/?p=11532#article\",\"isPartOf\":{\"@id\":\"https:\/\/tele-mark.dk\/de\/?p=11532\"},\"author\":{\"name\":\"author\",\"@id\":\"https:\/\/tele-mark.dk\/#\/schema\/person\/08dfec8274125355cc314880fdefb374\"},\"headline\":\"Boligcare sch\u00e4tzt Caroline und Tele-Mark A\/S.\",\"datePublished\":\"2019-04-30T08:35:55+00:00\",\"dateModified\":\"2025-09-26T07:12:14+00:00\",\"mainEntityOfPage\":{\"@id\":\"https:\/\/tele-mark.dk\/de\/?p=11532\"},\"wordCount\":194,\"publisher\":{\"@id\":\"https:\/\/tele-mark.dk\/#organization\"},\"image\":{\"@id\":\"https:\/\/tele-mark.dk\/de\/?p=11532#primaryimage\"},\"thumbnailUrl\":\"https:\/\/tele-mark.dk\/wp-content\/uploads\/2019\/04\/Boligcare-scaled.jpg\",\"articleSection\":[\"Okategoriserad\"],\"inLanguage\":\"de\"},{\"@type\":\"WebPage\",\"@id\":\"https:\/\/tele-mark.dk\/de\/?p=11532\",\"url\":\"https:\/\/tele-mark.dk\/de\/?p=11532\",\"name\":\"Boligcare sch\u00e4tzt Caroline und Tele-Mark A\/S. | Tele-Mark A\/S\",\"isPartOf\":{\"@id\":\"https:\/\/tele-mark.dk\/#website\"},\"primaryImageOfPage\":{\"@id\":\"https:\/\/tele-mark.dk\/de\/?p=11532#primaryimage\"},\"image\":{\"@id\":\"https:\/\/tele-mark.dk\/de\/?p=11532#primaryimage\"},\"thumbnailUrl\":\"https:\/\/tele-mark.dk\/wp-content\/uploads\/2019\/04\/Boligcare-scaled.jpg\",\"datePublished\":\"2019-04-30T08:35:55+00:00\",\"dateModified\":\"2025-09-26T07:12:14+00:00\",\"breadcrumb\":{\"@id\":\"https:\/\/tele-mark.dk\/de\/?p=11532#breadcrumb\"},\"inLanguage\":\"de\",\"potentialAction\":[{\"@type\":\"ReadAction\",\"target\":[\"https:\/\/tele-mark.dk\/de\/?p=11532\"]}]},{\"@type\":\"ImageObject\",\"inLanguage\":\"de\",\"@id\":\"https:\/\/tele-mark.dk\/de\/?p=11532#primaryimage\",\"url\":\"https:\/\/tele-mark.dk\/wp-content\/uploads\/2019\/04\/Boligcare-scaled.jpg\",\"contentUrl\":\"https:\/\/tele-mark.dk\/wp-content\/uploads\/2019\/04\/Boligcare-scaled.jpg\",\"width\":1072,\"height\":2048},{\"@type\":\"BreadcrumbList\",\"@id\":\"https:\/\/tele-mark.dk\/de\/?p=11532#breadcrumb\",\"itemListElement\":[{\"@type\":\"ListItem\",\"position\":1,\"name\":\"Forside\",\"item\":\"https:\/\/tele-mark.dk\/de\/?page_id=10844\"},{\"@type\":\"ListItem\",\"position\":2,\"name\":\"Boligcare sch\u00e4tzt Caroline und Tele-Mark A\/S.\"}]},{\"@type\":\"WebSite\",\"@id\":\"https:\/\/tele-mark.dk\/#website\",\"url\":\"https:\/\/tele-mark.dk\/\",\"name\":\"Tele-Mark A\/S\",\"description\":\"Telemarketing-Agentur f\u00fcr D\u00e4nemark, die nordischen L\u00e4nder, Europa und die ganze Welt\",\"publisher\":{\"@id\":\"https:\/\/tele-mark.dk\/#organization\"},\"potentialAction\":[{\"@type\":\"SearchAction\",\"target\":{\"@type\":\"EntryPoint\",\"urlTemplate\":\"https:\/\/tele-mark.dk\/?s={search_term_string}\"},\"query-input\":{\"@type\":\"PropertyValueSpecification\",\"valueRequired\":true,\"valueName\":\"search_term_string\"}}],\"inLanguage\":\"de\"},{\"@type\":\"Organization\",\"@id\":\"https:\/\/tele-mark.dk\/#organization\",\"name\":\"Tele-Mark A\/S\",\"url\":\"https:\/\/tele-mark.dk\/\",\"logo\":{\"@type\":\"ImageObject\",\"inLanguage\":\"de\",\"@id\":\"https:\/\/tele-mark.dk\/#\/schema\/logo\/image\/\",\"url\":\"https:\/\/tele-mark.dk\/wp-content\/uploads\/2025\/03\/Nyt-logo.svg\",\"contentUrl\":\"https:\/\/tele-mark.dk\/wp-content\/uploads\/2025\/03\/Nyt-logo.svg\",\"width\":433,\"height\":161,\"caption\":\"Tele-Mark A\/S\"},\"image\":{\"@id\":\"https:\/\/tele-mark.dk\/#\/schema\/logo\/image\/\"}},{\"@type\":\"Person\",\"@id\":\"https:\/\/tele-mark.dk\/#\/schema\/person\/08dfec8274125355cc314880fdefb374\",\"name\":\"author\",\"url\":\"https:\/\/tele-mark.dk\/de\/author\/author\/\"}]}<\/script>\n<!-- \/ Yoast SEO plugin. -->","yoast_head_json":{"title":"Boligcare sch\u00e4tzt Caroline und Tele-Mark A\/S. | Tele-Mark A\/S","robots":{"index":"index","follow":"follow","max-snippet":"max-snippet:-1","max-image-preview":"max-image-preview:large","max-video-preview":"max-video-preview:-1"},"canonical":"https:\/\/tele-mark.dk\/de\/?p=11532","og_locale":"de_DE","og_type":"article","og_title":"Boligcare sch\u00e4tzt Caroline und Tele-Mark A\/S. | Tele-Mark A\/S","og_description":"Gestern hatten wir Besuch von Carsten, dem Inhaber von Boligcare (www.boligcare.dk). Ziel des Besuchs war es, ein weiteres Projekt zu starten. Dieses soll parallel zu dem Projekt laufen, das wir Mitte M\u00e4rz gestartet haben. Carsten nutzte die Gelegenheit, um Tele-Mark A\/S und insbesondere Caroline f\u00fcr die bisherigen Bem\u00fchungen und Ergebnisse zu danken. Er gab einen ... Weiterlesen ...","og_url":"https:\/\/tele-mark.dk\/de\/?p=11532","og_site_name":"Tele-Mark A\/S","article_published_time":"2019-04-30T08:35:55+00:00","article_modified_time":"2025-09-26T07:12:14+00:00","og_image":[{"width":1072,"height":2048,"url":"https:\/\/tele-mark.dk\/wp-content\/uploads\/2019\/04\/Boligcare-scaled.jpg","type":"image\/jpeg"}],"author":"author","twitter_card":"summary_large_image","twitter_misc":{"Verfasst von":"author","Gesch\u00e4tzte Lesezeit":"1\u00a0Minute"},"schema":{"@context":"https:\/\/schema.org","@graph":[{"@type":"Article","@id":"https:\/\/tele-mark.dk\/de\/?p=11532#article","isPartOf":{"@id":"https:\/\/tele-mark.dk\/de\/?p=11532"},"author":{"name":"author","@id":"https:\/\/tele-mark.dk\/#\/schema\/person\/08dfec8274125355cc314880fdefb374"},"headline":"Boligcare sch\u00e4tzt Caroline und Tele-Mark A\/S.","datePublished":"2019-04-30T08:35:55+00:00","dateModified":"2025-09-26T07:12:14+00:00","mainEntityOfPage":{"@id":"https:\/\/tele-mark.dk\/de\/?p=11532"},"wordCount":194,"publisher":{"@id":"https:\/\/tele-mark.dk\/#organization"},"image":{"@id":"https:\/\/tele-mark.dk\/de\/?p=11532#primaryimage"},"thumbnailUrl":"https:\/\/tele-mark.dk\/wp-content\/uploads\/2019\/04\/Boligcare-scaled.jpg","articleSection":["Okategoriserad"],"inLanguage":"de"},{"@type":"WebPage","@id":"https:\/\/tele-mark.dk\/de\/?p=11532","url":"https:\/\/tele-mark.dk\/de\/?p=11532","name":"Boligcare sch\u00e4tzt Caroline und Tele-Mark A\/S. | Tele-Mark A\/S","isPartOf":{"@id":"https:\/\/tele-mark.dk\/#website"},"primaryImageOfPage":{"@id":"https:\/\/tele-mark.dk\/de\/?p=11532#primaryimage"},"image":{"@id":"https:\/\/tele-mark.dk\/de\/?p=11532#primaryimage"},"thumbnailUrl":"https:\/\/tele-mark.dk\/wp-content\/uploads\/2019\/04\/Boligcare-scaled.jpg","datePublished":"2019-04-30T08:35:55+00:00","dateModified":"2025-09-26T07:12:14+00:00","breadcrumb":{"@id":"https:\/\/tele-mark.dk\/de\/?p=11532#breadcrumb"},"inLanguage":"de","potentialAction":[{"@type":"ReadAction","target":["https:\/\/tele-mark.dk\/de\/?p=11532"]}]},{"@type":"ImageObject","inLanguage":"de","@id":"https:\/\/tele-mark.dk\/de\/?p=11532#primaryimage","url":"https:\/\/tele-mark.dk\/wp-content\/uploads\/2019\/04\/Boligcare-scaled.jpg","contentUrl":"https:\/\/tele-mark.dk\/wp-content\/uploads\/2019\/04\/Boligcare-scaled.jpg","width":1072,"height":2048},{"@type":"BreadcrumbList","@id":"https:\/\/tele-mark.dk\/de\/?p=11532#breadcrumb","itemListElement":[{"@type":"ListItem","position":1,"name":"Forside","item":"https:\/\/tele-mark.dk\/de\/?page_id=10844"},{"@type":"ListItem","position":2,"name":"Boligcare sch\u00e4tzt Caroline und Tele-Mark A\/S."}]},{"@type":"WebSite","@id":"https:\/\/tele-mark.dk\/#website","url":"https:\/\/tele-mark.dk\/","name":"Tele-Mark A\/S","description":"Telemarketing-Agentur f\u00fcr D\u00e4nemark, die nordischen L\u00e4nder, Europa und die ganze Welt","publisher":{"@id":"https:\/\/tele-mark.dk\/#organization"},"potentialAction":[{"@type":"SearchAction","target":{"@type":"EntryPoint","urlTemplate":"https:\/\/tele-mark.dk\/?s={search_term_string}"},"query-input":{"@type":"PropertyValueSpecification","valueRequired":true,"valueName":"search_term_string"}}],"inLanguage":"de"},{"@type":"Organization","@id":"https:\/\/tele-mark.dk\/#organization","name":"Tele-Mark A\/S","url":"https:\/\/tele-mark.dk\/","logo":{"@type":"ImageObject","inLanguage":"de","@id":"https:\/\/tele-mark.dk\/#\/schema\/logo\/image\/","url":"https:\/\/tele-mark.dk\/wp-content\/uploads\/2025\/03\/Nyt-logo.svg","contentUrl":"https:\/\/tele-mark.dk\/wp-content\/uploads\/2025\/03\/Nyt-logo.svg","width":433,"height":161,"caption":"Tele-Mark A\/S"},"image":{"@id":"https:\/\/tele-mark.dk\/#\/schema\/logo\/image\/"}},{"@type":"Person","@id":"https:\/\/tele-mark.dk\/#\/schema\/person\/08dfec8274125355cc314880fdefb374","name":"author","url":"https:\/\/tele-mark.dk\/de\/author\/author\/"}]}},"_links":{"self":[{"href":"https:\/\/tele-mark.dk\/de\/wp-json\/wp\/v2\/posts\/11532","targetHints":{"allow":["GET"]}}],"collection":[{"href":"https:\/\/tele-mark.dk\/de\/wp-json\/wp\/v2\/posts"}],"about":[{"href":"https:\/\/tele-mark.dk\/de\/wp-json\/wp\/v2\/types\/post"}],"author":[{"embeddable":true,"href":"https:\/\/tele-mark.dk\/de\/wp-json\/wp\/v2\/users\/1"}],"replies":[{"embeddable":true,"href":"https:\/\/tele-mark.dk\/de\/wp-json\/wp\/v2\/comments?post=11532"}],"version-history":[{"count":1,"href":"https:\/\/tele-mark.dk\/de\/wp-json\/wp\/v2\/posts\/11532\/revisions"}],"predecessor-version":[{"id":11533,"href":"https:\/\/tele-mark.dk\/de\/wp-json\/wp\/v2\/posts\/11532\/revisions\/11533"}],"wp:featuredmedia":[{"embeddable":true,"href":"https:\/\/tele-mark.dk\/de\/wp-json\/wp\/v2\/media\/11235"}],"wp:attachment":[{"href":"https:\/\/tele-mark.dk\/de\/wp-json\/wp\/v2\/media?parent=11532"}],"wp:term":[{"taxonomy":"category","embeddable":true,"href":"https:\/\/tele-mark.dk\/de\/wp-json\/wp\/v2\/categories?post=11532"},{"taxonomy":"post_tag","embeddable":true,"href":"https:\/\/tele-mark.dk\/de\/wp-json\/wp\/v2\/tags?post=11532"}],"curies":[{"name":"wp","href":"https:\/\/api.w.org\/{rel}","templated":true}]}}