{"id":11460,"date":"2019-10-18T07:44:11","date_gmt":"2019-10-18T05:44:11","guid":{"rendered":"https:\/\/tele-mark.dk\/komm-wir-oeffnen-dir-die-tuer\/"},"modified":"2025-09-26T09:11:44","modified_gmt":"2025-09-26T07:11:44","slug":"komm-wir-oeffnen-dir-die-tuer","status":"publish","type":"post","link":"https:\/\/tele-mark.dk\/de\/komm-wir-oeffnen-dir-die-tuer\/","title":{"rendered":"Komm, wir \u00f6ffnen dir die \u201eT\u00fcr\u201c!"},"content":{"rendered":"<p>Wir \u00f6ffnen nicht nur die T\u00fcren f\u00fcr unsere Kunden, sondern auch die T\u00fcren zu unserem sch\u00f6nen Domizil in Aarhus mit dem sch\u00f6nen Konferenzraumturm. Das Domizil bildet nun seit gut drei Jahren den Rahmen f\u00fcr D\u00e4nemarks beste BtB-Vollzeit-Kontaktvermittler. Im Zusammenhang mit dem Umzug im August 2016 wurde das Domizil vollst\u00e4ndig angepasst, komplett modernisiert und durchdacht, um die vielleicht modernste und professionellste Agentur des Landes im Bereich BtB-Konferenzbuchung mit rund 60 sehr erfahrenen Mitarbeitern unterzubringen. Es wurde erheblich in L\u00e4rmreduzierung, optimale Innenarchitektur, Akustik, Raumklima und Arbeitsumgebung investiert. Daher freuen wir uns, dass wir weiterhin t\u00e4glich sch\u00e4tzen, welch gute Rahmenbedingungen wir tats\u00e4chlich haben, um unsere vielen treuen Kunden bedienen zu k\u00f6nnen.    <\/p>\n<p>Wir waren uns sehr bewusst, dass wir im Zusammenhang mit dem Umzug unsere einzigartige Tele-Mark-Atmosph\u00e4re und -Seele wiederbeleben mussten. Jetzt, etwas mehr als drei Jahre sp\u00e4ter, k\u00f6nnen wir feststellen, dass uns diese Mission voll und ganz gelungen ist. Tele-Mark A\/S ist immer noch ein au\u00dfergew\u00f6hnlich gem\u00fctliches Unternehmen mit einer ganz besonderen Atmosph\u00e4re. Das sp\u00fcrt man sofort, wenn man hineinschaut, sagen uns Kunden und G\u00e4ste immer wieder, und das bedeutet uns sehr viel.  <\/p>\n<p>Wir alle freuen uns auf viele weitere tolle Jahre hier!<\/p>\n<p>Klicken Sie hier auf den Link, um auf eigene Faust einen Rundgang zu machen und die R\u00e4umlichkeiten zu besichtigen. Sp\u00fcren Sie die besondere Atmosph\u00e4re von Tele-Mark? <\/p>\n<p><a href=\"https:\/\/my.matterport.com\/show\/?m=DBFHfJT6YoU\" target=\"_blank\" rel=\"noopener noreferrer\">https:\/\/my.matterport.com\/show\/?m=DBFHfJT6YoU<\/a><\/p>\n","protected":false},"excerpt":{"rendered":"<p>Wir \u00f6ffnen nicht nur die T\u00fcren f\u00fcr unsere Kunden, sondern auch die T\u00fcren zu unserem sch\u00f6nen Domizil in Aarhus mit dem sch\u00f6nen Konferenzraumturm. Das Domizil bildet nun seit gut drei Jahren den Rahmen f\u00fcr D\u00e4nemarks beste BtB-Vollzeit-Kontaktvermittler. Im Zusammenhang mit dem Umzug im August 2016 wurde das Domizil vollst\u00e4ndig angepasst, komplett modernisiert und durchdacht, um &#8230; <a title=\"Komm, wir \u00f6ffnen dir die \u201eT\u00fcr\u201c!\" class=\"read-more\" href=\"https:\/\/tele-mark.dk\/de\/komm-wir-oeffnen-dir-die-tuer\/\" aria-label=\"Mehr Informationen \u00fcber Komm, wir \u00f6ffnen dir die \u201eT\u00fcr\u201c!\">Weiterlesen &#8230;<\/a><\/p>\n","protected":false},"author":7,"featured_media":0,"comment_status":"closed","ping_status":"closed","sticky":false,"template":"","format":"standard","meta":{"_acf_changed":false,"footnotes":""},"categories":[71],"tags":[],"class_list":["post-11460","post","type-post","status-publish","format-standard","hentry","category-okategoriserad"],"acf":[],"yoast_head":"<!-- This site is optimized with the Yoast SEO plugin v26.8 - https:\/\/yoast.com\/product\/yoast-seo-wordpress\/ -->\n<title>Komm, wir \u00f6ffnen dir die \u201eT\u00fcr\u201c! | Tele-Mark A\/S<\/title>\n<meta name=\"robots\" content=\"index, follow, max-snippet:-1, max-image-preview:large, max-video-preview:-1\" \/>\n<link rel=\"canonical\" href=\"https:\/\/tele-mark.dk\/de\/?p=11460\" \/>\n<meta property=\"og:locale\" content=\"de_DE\" \/>\n<meta property=\"og:type\" content=\"article\" \/>\n<meta property=\"og:title\" content=\"Komm, wir \u00f6ffnen dir die \u201eT\u00fcr\u201c! | Tele-Mark A\/S\" \/>\n<meta property=\"og:description\" content=\"Wir \u00f6ffnen nicht nur die T\u00fcren f\u00fcr unsere Kunden, sondern auch die T\u00fcren zu unserem sch\u00f6nen Domizil in Aarhus mit dem sch\u00f6nen Konferenzraumturm. Das Domizil bildet nun seit gut drei Jahren den Rahmen f\u00fcr D\u00e4nemarks beste BtB-Vollzeit-Kontaktvermittler. Im Zusammenhang mit dem Umzug im August 2016 wurde das Domizil vollst\u00e4ndig angepasst, komplett modernisiert und durchdacht, um ... Weiterlesen ...\" \/>\n<meta property=\"og:url\" content=\"https:\/\/tele-mark.dk\/de\/?p=11460\" \/>\n<meta property=\"og:site_name\" content=\"Tele-Mark A\/S\" \/>\n<meta property=\"article:published_time\" content=\"2019-10-18T05:44:11+00:00\" \/>\n<meta property=\"article:modified_time\" content=\"2025-09-26T07:11:44+00:00\" \/>\n<meta name=\"author\" content=\"MK@tele-mark.dk\" \/>\n<meta name=\"twitter:card\" content=\"summary_large_image\" \/>\n<meta name=\"twitter:label1\" content=\"Verfasst von\" \/>\n\t<meta name=\"twitter:data1\" content=\"MK@tele-mark.dk\" \/>\n\t<meta name=\"twitter:label2\" content=\"Gesch\u00e4tzte Lesezeit\" \/>\n\t<meta name=\"twitter:data2\" content=\"1\u00a0Minute\" \/>\n<script type=\"application\/ld+json\" class=\"yoast-schema-graph\">{\"@context\":\"https:\/\/schema.org\",\"@graph\":[{\"@type\":\"Article\",\"@id\":\"https:\/\/tele-mark.dk\/de\/?p=11460#article\",\"isPartOf\":{\"@id\":\"https:\/\/tele-mark.dk\/de\/?p=11460\"},\"author\":{\"name\":\"MK@tele-mark.dk\",\"@id\":\"https:\/\/tele-mark.dk\/#\/schema\/person\/b384f8c60f09de558a20bb8574465698\"},\"headline\":\"Komm, wir \u00f6ffnen dir die \u201eT\u00fcr\u201c!\",\"datePublished\":\"2019-10-18T05:44:11+00:00\",\"dateModified\":\"2025-09-26T07:11:44+00:00\",\"mainEntityOfPage\":{\"@id\":\"https:\/\/tele-mark.dk\/de\/?p=11460\"},\"wordCount\":255,\"publisher\":{\"@id\":\"https:\/\/tele-mark.dk\/#organization\"},\"articleSection\":[\"Okategoriserad\"],\"inLanguage\":\"de\"},{\"@type\":\"WebPage\",\"@id\":\"https:\/\/tele-mark.dk\/de\/?p=11460\",\"url\":\"https:\/\/tele-mark.dk\/de\/?p=11460\",\"name\":\"Komm, wir \u00f6ffnen dir die \u201eT\u00fcr\u201c! | Tele-Mark A\/S\",\"isPartOf\":{\"@id\":\"https:\/\/tele-mark.dk\/#website\"},\"datePublished\":\"2019-10-18T05:44:11+00:00\",\"dateModified\":\"2025-09-26T07:11:44+00:00\",\"breadcrumb\":{\"@id\":\"https:\/\/tele-mark.dk\/de\/?p=11460#breadcrumb\"},\"inLanguage\":\"de\",\"potentialAction\":[{\"@type\":\"ReadAction\",\"target\":[\"https:\/\/tele-mark.dk\/de\/?p=11460\"]}]},{\"@type\":\"BreadcrumbList\",\"@id\":\"https:\/\/tele-mark.dk\/de\/?p=11460#breadcrumb\",\"itemListElement\":[{\"@type\":\"ListItem\",\"position\":1,\"name\":\"Forside\",\"item\":\"https:\/\/tele-mark.dk\/de\/?page_id=10844\"},{\"@type\":\"ListItem\",\"position\":2,\"name\":\"Komm, wir \u00f6ffnen dir die \u201eT\u00fcr\u201c!\"}]},{\"@type\":\"WebSite\",\"@id\":\"https:\/\/tele-mark.dk\/#website\",\"url\":\"https:\/\/tele-mark.dk\/\",\"name\":\"Tele-Mark A\/S\",\"description\":\"Telemarketing-Agentur f\u00fcr D\u00e4nemark, die nordischen L\u00e4nder, Europa und die ganze Welt\",\"publisher\":{\"@id\":\"https:\/\/tele-mark.dk\/#organization\"},\"potentialAction\":[{\"@type\":\"SearchAction\",\"target\":{\"@type\":\"EntryPoint\",\"urlTemplate\":\"https:\/\/tele-mark.dk\/?s={search_term_string}\"},\"query-input\":{\"@type\":\"PropertyValueSpecification\",\"valueRequired\":true,\"valueName\":\"search_term_string\"}}],\"inLanguage\":\"de\"},{\"@type\":\"Organization\",\"@id\":\"https:\/\/tele-mark.dk\/#organization\",\"name\":\"Tele-Mark A\/S\",\"url\":\"https:\/\/tele-mark.dk\/\",\"logo\":{\"@type\":\"ImageObject\",\"inLanguage\":\"de\",\"@id\":\"https:\/\/tele-mark.dk\/#\/schema\/logo\/image\/\",\"url\":\"https:\/\/tele-mark.dk\/wp-content\/uploads\/2025\/03\/Nyt-logo.svg\",\"contentUrl\":\"https:\/\/tele-mark.dk\/wp-content\/uploads\/2025\/03\/Nyt-logo.svg\",\"width\":433,\"height\":161,\"caption\":\"Tele-Mark A\/S\"},\"image\":{\"@id\":\"https:\/\/tele-mark.dk\/#\/schema\/logo\/image\/\"}},{\"@type\":\"Person\",\"@id\":\"https:\/\/tele-mark.dk\/#\/schema\/person\/b384f8c60f09de558a20bb8574465698\",\"name\":\"MK@tele-mark.dk\",\"url\":\"https:\/\/tele-mark.dk\/de\/author\/mktele-mark-dk\/\"}]}<\/script>\n<!-- \/ Yoast SEO plugin. -->","yoast_head_json":{"title":"Komm, wir \u00f6ffnen dir die \u201eT\u00fcr\u201c! | Tele-Mark A\/S","robots":{"index":"index","follow":"follow","max-snippet":"max-snippet:-1","max-image-preview":"max-image-preview:large","max-video-preview":"max-video-preview:-1"},"canonical":"https:\/\/tele-mark.dk\/de\/?p=11460","og_locale":"de_DE","og_type":"article","og_title":"Komm, wir \u00f6ffnen dir die \u201eT\u00fcr\u201c! | Tele-Mark A\/S","og_description":"Wir \u00f6ffnen nicht nur die T\u00fcren f\u00fcr unsere Kunden, sondern auch die T\u00fcren zu unserem sch\u00f6nen Domizil in Aarhus mit dem sch\u00f6nen Konferenzraumturm. Das Domizil bildet nun seit gut drei Jahren den Rahmen f\u00fcr D\u00e4nemarks beste BtB-Vollzeit-Kontaktvermittler. Im Zusammenhang mit dem Umzug im August 2016 wurde das Domizil vollst\u00e4ndig angepasst, komplett modernisiert und durchdacht, um ... Weiterlesen ...","og_url":"https:\/\/tele-mark.dk\/de\/?p=11460","og_site_name":"Tele-Mark A\/S","article_published_time":"2019-10-18T05:44:11+00:00","article_modified_time":"2025-09-26T07:11:44+00:00","author":"MK@tele-mark.dk","twitter_card":"summary_large_image","twitter_misc":{"Verfasst von":"MK@tele-mark.dk","Gesch\u00e4tzte Lesezeit":"1\u00a0Minute"},"schema":{"@context":"https:\/\/schema.org","@graph":[{"@type":"Article","@id":"https:\/\/tele-mark.dk\/de\/?p=11460#article","isPartOf":{"@id":"https:\/\/tele-mark.dk\/de\/?p=11460"},"author":{"name":"MK@tele-mark.dk","@id":"https:\/\/tele-mark.dk\/#\/schema\/person\/b384f8c60f09de558a20bb8574465698"},"headline":"Komm, wir \u00f6ffnen dir die \u201eT\u00fcr\u201c!","datePublished":"2019-10-18T05:44:11+00:00","dateModified":"2025-09-26T07:11:44+00:00","mainEntityOfPage":{"@id":"https:\/\/tele-mark.dk\/de\/?p=11460"},"wordCount":255,"publisher":{"@id":"https:\/\/tele-mark.dk\/#organization"},"articleSection":["Okategoriserad"],"inLanguage":"de"},{"@type":"WebPage","@id":"https:\/\/tele-mark.dk\/de\/?p=11460","url":"https:\/\/tele-mark.dk\/de\/?p=11460","name":"Komm, wir \u00f6ffnen dir die \u201eT\u00fcr\u201c! | Tele-Mark A\/S","isPartOf":{"@id":"https:\/\/tele-mark.dk\/#website"},"datePublished":"2019-10-18T05:44:11+00:00","dateModified":"2025-09-26T07:11:44+00:00","breadcrumb":{"@id":"https:\/\/tele-mark.dk\/de\/?p=11460#breadcrumb"},"inLanguage":"de","potentialAction":[{"@type":"ReadAction","target":["https:\/\/tele-mark.dk\/de\/?p=11460"]}]},{"@type":"BreadcrumbList","@id":"https:\/\/tele-mark.dk\/de\/?p=11460#breadcrumb","itemListElement":[{"@type":"ListItem","position":1,"name":"Forside","item":"https:\/\/tele-mark.dk\/de\/?page_id=10844"},{"@type":"ListItem","position":2,"name":"Komm, wir \u00f6ffnen dir die \u201eT\u00fcr\u201c!"}]},{"@type":"WebSite","@id":"https:\/\/tele-mark.dk\/#website","url":"https:\/\/tele-mark.dk\/","name":"Tele-Mark A\/S","description":"Telemarketing-Agentur f\u00fcr D\u00e4nemark, die nordischen L\u00e4nder, Europa und die ganze Welt","publisher":{"@id":"https:\/\/tele-mark.dk\/#organization"},"potentialAction":[{"@type":"SearchAction","target":{"@type":"EntryPoint","urlTemplate":"https:\/\/tele-mark.dk\/?s={search_term_string}"},"query-input":{"@type":"PropertyValueSpecification","valueRequired":true,"valueName":"search_term_string"}}],"inLanguage":"de"},{"@type":"Organization","@id":"https:\/\/tele-mark.dk\/#organization","name":"Tele-Mark A\/S","url":"https:\/\/tele-mark.dk\/","logo":{"@type":"ImageObject","inLanguage":"de","@id":"https:\/\/tele-mark.dk\/#\/schema\/logo\/image\/","url":"https:\/\/tele-mark.dk\/wp-content\/uploads\/2025\/03\/Nyt-logo.svg","contentUrl":"https:\/\/tele-mark.dk\/wp-content\/uploads\/2025\/03\/Nyt-logo.svg","width":433,"height":161,"caption":"Tele-Mark A\/S"},"image":{"@id":"https:\/\/tele-mark.dk\/#\/schema\/logo\/image\/"}},{"@type":"Person","@id":"https:\/\/tele-mark.dk\/#\/schema\/person\/b384f8c60f09de558a20bb8574465698","name":"MK@tele-mark.dk","url":"https:\/\/tele-mark.dk\/de\/author\/mktele-mark-dk\/"}]}},"_links":{"self":[{"href":"https:\/\/tele-mark.dk\/de\/wp-json\/wp\/v2\/posts\/11460","targetHints":{"allow":["GET"]}}],"collection":[{"href":"https:\/\/tele-mark.dk\/de\/wp-json\/wp\/v2\/posts"}],"about":[{"href":"https:\/\/tele-mark.dk\/de\/wp-json\/wp\/v2\/types\/post"}],"author":[{"embeddable":true,"href":"https:\/\/tele-mark.dk\/de\/wp-json\/wp\/v2\/users\/7"}],"replies":[{"embeddable":true,"href":"https:\/\/tele-mark.dk\/de\/wp-json\/wp\/v2\/comments?post=11460"}],"version-history":[{"count":1,"href":"https:\/\/tele-mark.dk\/de\/wp-json\/wp\/v2\/posts\/11460\/revisions"}],"predecessor-version":[{"id":11461,"href":"https:\/\/tele-mark.dk\/de\/wp-json\/wp\/v2\/posts\/11460\/revisions\/11461"}],"wp:attachment":[{"href":"https:\/\/tele-mark.dk\/de\/wp-json\/wp\/v2\/media?parent=11460"}],"wp:term":[{"taxonomy":"category","embeddable":true,"href":"https:\/\/tele-mark.dk\/de\/wp-json\/wp\/v2\/categories?post=11460"},{"taxonomy":"post_tag","embeddable":true,"href":"https:\/\/tele-mark.dk\/de\/wp-json\/wp\/v2\/tags?post=11460"}],"curies":[{"name":"wp","href":"https:\/\/api.w.org\/{rel}","templated":true}]}}