{"id":11419,"date":"2016-07-04T07:31:55","date_gmt":"2016-07-04T05:31:55","guid":{"rendered":"https:\/\/tele-mark.dk\/tele-mark-a-s-verlaengert-seine-zusammenarbeit-mit-agf-zunaechst-um-3-jahre\/"},"modified":"2025-09-26T09:11:17","modified_gmt":"2025-09-26T07:11:17","slug":"tele-mark-a-s-verlaengert-seine-zusammenarbeit-mit-agf-zunaechst-um-3-jahre","status":"publish","type":"post","link":"https:\/\/tele-mark.dk\/de\/tele-mark-a-s-verlaengert-seine-zusammenarbeit-mit-agf-zunaechst-um-3-jahre\/","title":{"rendered":"Tele-Mark A\/S verl\u00e4ngert seine Zusammenarbeit mit AGF zun\u00e4chst um 3 Jahre."},"content":{"rendered":"<p>Im Vorfeld der Saison 2015\/16 begannen AGF und Tele-Mark A\/S eine spannende Zusammenarbeit. AGF war an einer Zusammenarbeit mit Tele-Mark A\/S interessiert, um erste Kontakte zu neuen relevanten Unternehmen zu kn\u00fcpfen, die einen Dialog mit AGF \u00fcber eine Sponsoring-Kooperation f\u00fcr relevant und interessant halten. <\/p>\n<p>Die Zusammenarbeit verlief sehr gut. Die Ergebnisse waren sogar so gut, dass AGF an einer Vertragsverl\u00e4ngerung f\u00fcr die n\u00e4chsten drei Saisons interessiert war. Eine Verl\u00e4ngerung, die wir bei Tele-Mark A\/S ohne Probleme akzeptiert haben. Die Zusammenarbeit wurde nicht weniger interessant, als AGF am 1. Mai Mads Bro Hansen als Vertriebsleiter einstellte. Mads ist ein sehr erfahrener Freund des Hauses, und wir freuen uns sehr auf die Zusammenarbeit mit Mads im \u201eAGF-Trikot\u201c und nicht zuletzt darauf, die Zusammenarbeit mit dem Rest des kompetenten AGF-Teams fortzusetzen und weiterzuentwickeln.    <\/p>\n<p>In diesem Zusammenhang hat Tele-Mark A\/S beschlossen, unseren Business-Sponsoring-Vertrag mit AGF bis Juni 2019 zu verl\u00e4ngern. Dies gibt uns die M\u00f6glichkeit, unser Engagement und unsere Pr\u00e4senz im Gesch\u00e4ftsnetzwerk von AGF fortzusetzen, wo wir seit 2009 mehrere spannende Unternehmen, Menschen, Partner, Lieferanten und Kunden kennengelernt haben. <\/p>\n<p>Die Vereinbarung erm\u00f6glicht es uns au\u00dferdem, Kunden, potenzielle Kunden, Partner und Mitarbeiter zum Fu\u00dfball einzuladen, wenn AGF in den kommenden drei Saisons spielt.<\/p>\n<p>Wenn Sie zum Fu\u00dfballspiel ins Stadion kommen m\u00f6chten oder als Gast im Business-Netzwerk dabei sein m\u00f6chten, kontaktieren Sie uns bitte unter 70237 238, fragen Sie nach Mads.<\/p>\n","protected":false},"excerpt":{"rendered":"<p>Im Vorfeld der Saison 2015\/16 begannen AGF und Tele-Mark A\/S eine spannende Zusammenarbeit. AGF war an einer Zusammenarbeit mit Tele-Mark A\/S interessiert, um erste Kontakte zu neuen relevanten Unternehmen zu kn\u00fcpfen, die einen Dialog mit AGF \u00fcber eine Sponsoring-Kooperation f\u00fcr relevant und interessant halten. Die Zusammenarbeit verlief sehr gut. Die Ergebnisse waren sogar so gut, &#8230; <a title=\"Tele-Mark A\/S verl\u00e4ngert seine Zusammenarbeit mit AGF zun\u00e4chst um 3 Jahre.\" class=\"read-more\" href=\"https:\/\/tele-mark.dk\/de\/tele-mark-a-s-verlaengert-seine-zusammenarbeit-mit-agf-zunaechst-um-3-jahre\/\" aria-label=\"Mehr Informationen \u00fcber Tele-Mark A\/S verl\u00e4ngert seine Zusammenarbeit mit AGF zun\u00e4chst um 3 Jahre.\">Weiterlesen &#8230;<\/a><\/p>\n","protected":false},"author":7,"featured_media":0,"comment_status":"closed","ping_status":"closed","sticky":false,"template":"","format":"standard","meta":{"_acf_changed":false,"footnotes":""},"categories":[71],"tags":[],"class_list":["post-11419","post","type-post","status-publish","format-standard","hentry","category-okategoriserad"],"acf":[],"yoast_head":"<!-- This site is optimized with the Yoast SEO plugin v26.8 - https:\/\/yoast.com\/product\/yoast-seo-wordpress\/ -->\n<title>Tele-Mark A\/S verl\u00e4ngert seine Zusammenarbeit mit AGF zun\u00e4chst um 3 Jahre. | Tele-Mark A\/S<\/title>\n<meta name=\"robots\" content=\"index, follow, max-snippet:-1, max-image-preview:large, max-video-preview:-1\" \/>\n<link rel=\"canonical\" href=\"https:\/\/tele-mark.dk\/de\/?p=11419\" \/>\n<meta property=\"og:locale\" content=\"de_DE\" \/>\n<meta property=\"og:type\" content=\"article\" \/>\n<meta property=\"og:title\" content=\"Tele-Mark A\/S verl\u00e4ngert seine Zusammenarbeit mit AGF zun\u00e4chst um 3 Jahre. | Tele-Mark A\/S\" \/>\n<meta property=\"og:description\" content=\"Im Vorfeld der Saison 2015\/16 begannen AGF und Tele-Mark A\/S eine spannende Zusammenarbeit. AGF war an einer Zusammenarbeit mit Tele-Mark A\/S interessiert, um erste Kontakte zu neuen relevanten Unternehmen zu kn\u00fcpfen, die einen Dialog mit AGF \u00fcber eine Sponsoring-Kooperation f\u00fcr relevant und interessant halten. Die Zusammenarbeit verlief sehr gut. Die Ergebnisse waren sogar so gut, ... Weiterlesen ...\" \/>\n<meta property=\"og:url\" content=\"https:\/\/tele-mark.dk\/de\/?p=11419\" \/>\n<meta property=\"og:site_name\" content=\"Tele-Mark A\/S\" \/>\n<meta property=\"article:published_time\" content=\"2016-07-04T05:31:55+00:00\" \/>\n<meta property=\"article:modified_time\" content=\"2025-09-26T07:11:17+00:00\" \/>\n<meta name=\"author\" content=\"MK@tele-mark.dk\" \/>\n<meta name=\"twitter:card\" content=\"summary_large_image\" \/>\n<meta name=\"twitter:label1\" content=\"Verfasst von\" \/>\n\t<meta name=\"twitter:data1\" content=\"MK@tele-mark.dk\" \/>\n\t<meta name=\"twitter:label2\" content=\"Gesch\u00e4tzte Lesezeit\" \/>\n\t<meta name=\"twitter:data2\" content=\"1\u00a0Minute\" \/>\n<script type=\"application\/ld+json\" class=\"yoast-schema-graph\">{\"@context\":\"https:\/\/schema.org\",\"@graph\":[{\"@type\":\"Article\",\"@id\":\"https:\/\/tele-mark.dk\/de\/?p=11419#article\",\"isPartOf\":{\"@id\":\"https:\/\/tele-mark.dk\/de\/?p=11419\"},\"author\":{\"name\":\"MK@tele-mark.dk\",\"@id\":\"https:\/\/tele-mark.dk\/#\/schema\/person\/b384f8c60f09de558a20bb8574465698\"},\"headline\":\"Tele-Mark A\/S verl\u00e4ngert seine Zusammenarbeit mit AGF zun\u00e4chst um 3 Jahre.\",\"datePublished\":\"2016-07-04T05:31:55+00:00\",\"dateModified\":\"2025-09-26T07:11:17+00:00\",\"mainEntityOfPage\":{\"@id\":\"https:\/\/tele-mark.dk\/de\/?p=11419\"},\"wordCount\":252,\"publisher\":{\"@id\":\"https:\/\/tele-mark.dk\/#organization\"},\"articleSection\":[\"Okategoriserad\"],\"inLanguage\":\"de\"},{\"@type\":\"WebPage\",\"@id\":\"https:\/\/tele-mark.dk\/de\/?p=11419\",\"url\":\"https:\/\/tele-mark.dk\/de\/?p=11419\",\"name\":\"Tele-Mark A\/S verl\u00e4ngert seine Zusammenarbeit mit AGF zun\u00e4chst um 3 Jahre. | Tele-Mark A\/S\",\"isPartOf\":{\"@id\":\"https:\/\/tele-mark.dk\/#website\"},\"datePublished\":\"2016-07-04T05:31:55+00:00\",\"dateModified\":\"2025-09-26T07:11:17+00:00\",\"breadcrumb\":{\"@id\":\"https:\/\/tele-mark.dk\/de\/?p=11419#breadcrumb\"},\"inLanguage\":\"de\",\"potentialAction\":[{\"@type\":\"ReadAction\",\"target\":[\"https:\/\/tele-mark.dk\/de\/?p=11419\"]}]},{\"@type\":\"BreadcrumbList\",\"@id\":\"https:\/\/tele-mark.dk\/de\/?p=11419#breadcrumb\",\"itemListElement\":[{\"@type\":\"ListItem\",\"position\":1,\"name\":\"Forside\",\"item\":\"https:\/\/tele-mark.dk\/de\/?page_id=10844\"},{\"@type\":\"ListItem\",\"position\":2,\"name\":\"Tele-Mark A\/S verl\u00e4ngert seine Zusammenarbeit mit AGF zun\u00e4chst um 3 Jahre.\"}]},{\"@type\":\"WebSite\",\"@id\":\"https:\/\/tele-mark.dk\/#website\",\"url\":\"https:\/\/tele-mark.dk\/\",\"name\":\"Tele-Mark A\/S\",\"description\":\"Telemarketing-Agentur f\u00fcr D\u00e4nemark, die nordischen L\u00e4nder, Europa und die ganze Welt\",\"publisher\":{\"@id\":\"https:\/\/tele-mark.dk\/#organization\"},\"potentialAction\":[{\"@type\":\"SearchAction\",\"target\":{\"@type\":\"EntryPoint\",\"urlTemplate\":\"https:\/\/tele-mark.dk\/?s={search_term_string}\"},\"query-input\":{\"@type\":\"PropertyValueSpecification\",\"valueRequired\":true,\"valueName\":\"search_term_string\"}}],\"inLanguage\":\"de\"},{\"@type\":\"Organization\",\"@id\":\"https:\/\/tele-mark.dk\/#organization\",\"name\":\"Tele-Mark A\/S\",\"url\":\"https:\/\/tele-mark.dk\/\",\"logo\":{\"@type\":\"ImageObject\",\"inLanguage\":\"de\",\"@id\":\"https:\/\/tele-mark.dk\/#\/schema\/logo\/image\/\",\"url\":\"https:\/\/tele-mark.dk\/wp-content\/uploads\/2025\/03\/Nyt-logo.svg\",\"contentUrl\":\"https:\/\/tele-mark.dk\/wp-content\/uploads\/2025\/03\/Nyt-logo.svg\",\"width\":433,\"height\":161,\"caption\":\"Tele-Mark A\/S\"},\"image\":{\"@id\":\"https:\/\/tele-mark.dk\/#\/schema\/logo\/image\/\"}},{\"@type\":\"Person\",\"@id\":\"https:\/\/tele-mark.dk\/#\/schema\/person\/b384f8c60f09de558a20bb8574465698\",\"name\":\"MK@tele-mark.dk\",\"url\":\"https:\/\/tele-mark.dk\/de\/author\/mktele-mark-dk\/\"}]}<\/script>\n<!-- \/ Yoast SEO plugin. -->","yoast_head_json":{"title":"Tele-Mark A\/S verl\u00e4ngert seine Zusammenarbeit mit AGF zun\u00e4chst um 3 Jahre. | Tele-Mark A\/S","robots":{"index":"index","follow":"follow","max-snippet":"max-snippet:-1","max-image-preview":"max-image-preview:large","max-video-preview":"max-video-preview:-1"},"canonical":"https:\/\/tele-mark.dk\/de\/?p=11419","og_locale":"de_DE","og_type":"article","og_title":"Tele-Mark A\/S verl\u00e4ngert seine Zusammenarbeit mit AGF zun\u00e4chst um 3 Jahre. | Tele-Mark A\/S","og_description":"Im Vorfeld der Saison 2015\/16 begannen AGF und Tele-Mark A\/S eine spannende Zusammenarbeit. AGF war an einer Zusammenarbeit mit Tele-Mark A\/S interessiert, um erste Kontakte zu neuen relevanten Unternehmen zu kn\u00fcpfen, die einen Dialog mit AGF \u00fcber eine Sponsoring-Kooperation f\u00fcr relevant und interessant halten. Die Zusammenarbeit verlief sehr gut. Die Ergebnisse waren sogar so gut, ... Weiterlesen ...","og_url":"https:\/\/tele-mark.dk\/de\/?p=11419","og_site_name":"Tele-Mark A\/S","article_published_time":"2016-07-04T05:31:55+00:00","article_modified_time":"2025-09-26T07:11:17+00:00","author":"MK@tele-mark.dk","twitter_card":"summary_large_image","twitter_misc":{"Verfasst von":"MK@tele-mark.dk","Gesch\u00e4tzte Lesezeit":"1\u00a0Minute"},"schema":{"@context":"https:\/\/schema.org","@graph":[{"@type":"Article","@id":"https:\/\/tele-mark.dk\/de\/?p=11419#article","isPartOf":{"@id":"https:\/\/tele-mark.dk\/de\/?p=11419"},"author":{"name":"MK@tele-mark.dk","@id":"https:\/\/tele-mark.dk\/#\/schema\/person\/b384f8c60f09de558a20bb8574465698"},"headline":"Tele-Mark A\/S verl\u00e4ngert seine Zusammenarbeit mit AGF zun\u00e4chst um 3 Jahre.","datePublished":"2016-07-04T05:31:55+00:00","dateModified":"2025-09-26T07:11:17+00:00","mainEntityOfPage":{"@id":"https:\/\/tele-mark.dk\/de\/?p=11419"},"wordCount":252,"publisher":{"@id":"https:\/\/tele-mark.dk\/#organization"},"articleSection":["Okategoriserad"],"inLanguage":"de"},{"@type":"WebPage","@id":"https:\/\/tele-mark.dk\/de\/?p=11419","url":"https:\/\/tele-mark.dk\/de\/?p=11419","name":"Tele-Mark A\/S verl\u00e4ngert seine Zusammenarbeit mit AGF zun\u00e4chst um 3 Jahre. | Tele-Mark A\/S","isPartOf":{"@id":"https:\/\/tele-mark.dk\/#website"},"datePublished":"2016-07-04T05:31:55+00:00","dateModified":"2025-09-26T07:11:17+00:00","breadcrumb":{"@id":"https:\/\/tele-mark.dk\/de\/?p=11419#breadcrumb"},"inLanguage":"de","potentialAction":[{"@type":"ReadAction","target":["https:\/\/tele-mark.dk\/de\/?p=11419"]}]},{"@type":"BreadcrumbList","@id":"https:\/\/tele-mark.dk\/de\/?p=11419#breadcrumb","itemListElement":[{"@type":"ListItem","position":1,"name":"Forside","item":"https:\/\/tele-mark.dk\/de\/?page_id=10844"},{"@type":"ListItem","position":2,"name":"Tele-Mark A\/S verl\u00e4ngert seine Zusammenarbeit mit AGF zun\u00e4chst um 3 Jahre."}]},{"@type":"WebSite","@id":"https:\/\/tele-mark.dk\/#website","url":"https:\/\/tele-mark.dk\/","name":"Tele-Mark A\/S","description":"Telemarketing-Agentur f\u00fcr D\u00e4nemark, die nordischen L\u00e4nder, Europa und die ganze Welt","publisher":{"@id":"https:\/\/tele-mark.dk\/#organization"},"potentialAction":[{"@type":"SearchAction","target":{"@type":"EntryPoint","urlTemplate":"https:\/\/tele-mark.dk\/?s={search_term_string}"},"query-input":{"@type":"PropertyValueSpecification","valueRequired":true,"valueName":"search_term_string"}}],"inLanguage":"de"},{"@type":"Organization","@id":"https:\/\/tele-mark.dk\/#organization","name":"Tele-Mark A\/S","url":"https:\/\/tele-mark.dk\/","logo":{"@type":"ImageObject","inLanguage":"de","@id":"https:\/\/tele-mark.dk\/#\/schema\/logo\/image\/","url":"https:\/\/tele-mark.dk\/wp-content\/uploads\/2025\/03\/Nyt-logo.svg","contentUrl":"https:\/\/tele-mark.dk\/wp-content\/uploads\/2025\/03\/Nyt-logo.svg","width":433,"height":161,"caption":"Tele-Mark A\/S"},"image":{"@id":"https:\/\/tele-mark.dk\/#\/schema\/logo\/image\/"}},{"@type":"Person","@id":"https:\/\/tele-mark.dk\/#\/schema\/person\/b384f8c60f09de558a20bb8574465698","name":"MK@tele-mark.dk","url":"https:\/\/tele-mark.dk\/de\/author\/mktele-mark-dk\/"}]}},"_links":{"self":[{"href":"https:\/\/tele-mark.dk\/de\/wp-json\/wp\/v2\/posts\/11419","targetHints":{"allow":["GET"]}}],"collection":[{"href":"https:\/\/tele-mark.dk\/de\/wp-json\/wp\/v2\/posts"}],"about":[{"href":"https:\/\/tele-mark.dk\/de\/wp-json\/wp\/v2\/types\/post"}],"author":[{"embeddable":true,"href":"https:\/\/tele-mark.dk\/de\/wp-json\/wp\/v2\/users\/7"}],"replies":[{"embeddable":true,"href":"https:\/\/tele-mark.dk\/de\/wp-json\/wp\/v2\/comments?post=11419"}],"version-history":[{"count":1,"href":"https:\/\/tele-mark.dk\/de\/wp-json\/wp\/v2\/posts\/11419\/revisions"}],"predecessor-version":[{"id":11420,"href":"https:\/\/tele-mark.dk\/de\/wp-json\/wp\/v2\/posts\/11419\/revisions\/11420"}],"wp:attachment":[{"href":"https:\/\/tele-mark.dk\/de\/wp-json\/wp\/v2\/media?parent=11419"}],"wp:term":[{"taxonomy":"category","embeddable":true,"href":"https:\/\/tele-mark.dk\/de\/wp-json\/wp\/v2\/categories?post=11419"},{"taxonomy":"post_tag","embeddable":true,"href":"https:\/\/tele-mark.dk\/de\/wp-json\/wp\/v2\/tags?post=11419"}],"curies":[{"name":"wp","href":"https:\/\/api.w.org\/{rel}","templated":true}]}}