{"id":11412,"date":"2016-04-29T07:36:38","date_gmt":"2016-04-29T05:36:38","guid":{"rendered":"https:\/\/tele-mark.dk\/tele-mark-a-s-verlegt-seinen-sitz\/"},"modified":"2025-09-26T09:11:16","modified_gmt":"2025-09-26T07:11:16","slug":"tele-mark-a-s-verlegt-seinen-sitz","status":"publish","type":"post","link":"https:\/\/tele-mark.dk\/de\/tele-mark-a-s-verlegt-seinen-sitz\/","title":{"rendered":"Tele-Mark A\/S verlegt seinen Sitz."},"content":{"rendered":"<p>Nach 9 wirklich guten Jahren in der Carl Blochs Gade 37 ist es nun an der Zeit, f\u00fcr Tele-Mark A\/S weiterzuziehen.<\/p>\n<p>Der Platz ist seit einigen Jahren zu eng. Wir freuen uns alle darauf, Ende August die T\u00fcren unseres neuen Hauptsitzes am S\u00f8ren Frichs Vej 40F zu \u00f6ffnen. Zuvor wird der Hauptsitz jedoch umfassend renoviert. Das Ergebnis ist ein wundersch\u00f6ner neuer Hauptsitz mit 85 durchdachten und ruhigen Arbeitspl\u00e4tzen, der den neuen Rahmen f\u00fcr D\u00e4nemarks beste Mitarbeiter und Kunden schafft.   <\/p>\n<p>Wir freuen uns, Sie in diesem sch\u00f6nen Zuhause begr\u00fc\u00dfen zu d\u00fcrfen. Tele-Mark A\/S wird sich im gesamten 3. Stock sowie im Turm befinden, wo es Tagungsr\u00e4ume mit herrlichem Blick auf Aarhus geben wird. <\/p>\n","protected":false},"excerpt":{"rendered":"<p>Nach 9 wirklich guten Jahren in der Carl Blochs Gade 37 ist es nun an der Zeit, f\u00fcr Tele-Mark A\/S weiterzuziehen. Der Platz ist seit einigen Jahren zu eng. Wir freuen uns alle darauf, Ende August die T\u00fcren unseres neuen Hauptsitzes am S\u00f8ren Frichs Vej 40F zu \u00f6ffnen. Zuvor wird der Hauptsitz jedoch umfassend renoviert. &#8230; <a title=\"Tele-Mark A\/S verlegt seinen Sitz.\" class=\"read-more\" href=\"https:\/\/tele-mark.dk\/de\/tele-mark-a-s-verlegt-seinen-sitz\/\" aria-label=\"Mehr Informationen \u00fcber Tele-Mark A\/S verlegt seinen Sitz.\">Weiterlesen &#8230;<\/a><\/p>\n","protected":false},"author":7,"featured_media":0,"comment_status":"closed","ping_status":"closed","sticky":false,"template":"","format":"standard","meta":{"_acf_changed":false,"footnotes":""},"categories":[71],"tags":[],"class_list":["post-11412","post","type-post","status-publish","format-standard","hentry","category-okategoriserad"],"acf":[],"yoast_head":"<!-- This site is optimized with the Yoast SEO plugin v26.8 - https:\/\/yoast.com\/product\/yoast-seo-wordpress\/ -->\n<title>Tele-Mark A\/S verlegt seinen Sitz. | Tele-Mark A\/S<\/title>\n<meta name=\"robots\" content=\"index, follow, max-snippet:-1, max-image-preview:large, max-video-preview:-1\" \/>\n<link rel=\"canonical\" href=\"https:\/\/tele-mark.dk\/de\/?p=11412\" \/>\n<meta property=\"og:locale\" content=\"de_DE\" \/>\n<meta property=\"og:type\" content=\"article\" \/>\n<meta property=\"og:title\" content=\"Tele-Mark A\/S verlegt seinen Sitz. | Tele-Mark A\/S\" \/>\n<meta property=\"og:description\" content=\"Nach 9 wirklich guten Jahren in der Carl Blochs Gade 37 ist es nun an der Zeit, f\u00fcr Tele-Mark A\/S weiterzuziehen. Der Platz ist seit einigen Jahren zu eng. Wir freuen uns alle darauf, Ende August die T\u00fcren unseres neuen Hauptsitzes am S\u00f8ren Frichs Vej 40F zu \u00f6ffnen. Zuvor wird der Hauptsitz jedoch umfassend renoviert. ... Weiterlesen ...\" \/>\n<meta property=\"og:url\" content=\"https:\/\/tele-mark.dk\/de\/?p=11412\" \/>\n<meta property=\"og:site_name\" content=\"Tele-Mark A\/S\" \/>\n<meta property=\"article:published_time\" content=\"2016-04-29T05:36:38+00:00\" \/>\n<meta property=\"article:modified_time\" content=\"2025-09-26T07:11:16+00:00\" \/>\n<meta name=\"author\" content=\"MK@tele-mark.dk\" \/>\n<meta name=\"twitter:card\" content=\"summary_large_image\" \/>\n<meta name=\"twitter:label1\" content=\"Verfasst von\" \/>\n\t<meta name=\"twitter:data1\" content=\"MK@tele-mark.dk\" \/>\n\t<meta name=\"twitter:label2\" content=\"Gesch\u00e4tzte Lesezeit\" \/>\n\t<meta name=\"twitter:data2\" content=\"1\u00a0Minute\" \/>\n<script type=\"application\/ld+json\" class=\"yoast-schema-graph\">{\"@context\":\"https:\/\/schema.org\",\"@graph\":[{\"@type\":\"Article\",\"@id\":\"https:\/\/tele-mark.dk\/de\/?p=11412#article\",\"isPartOf\":{\"@id\":\"https:\/\/tele-mark.dk\/de\/?p=11412\"},\"author\":{\"name\":\"MK@tele-mark.dk\",\"@id\":\"https:\/\/tele-mark.dk\/#\/schema\/person\/b384f8c60f09de558a20bb8574465698\"},\"headline\":\"Tele-Mark A\/S verlegt seinen Sitz.\",\"datePublished\":\"2016-04-29T05:36:38+00:00\",\"dateModified\":\"2025-09-26T07:11:16+00:00\",\"mainEntityOfPage\":{\"@id\":\"https:\/\/tele-mark.dk\/de\/?p=11412\"},\"wordCount\":127,\"publisher\":{\"@id\":\"https:\/\/tele-mark.dk\/#organization\"},\"articleSection\":[\"Okategoriserad\"],\"inLanguage\":\"de\"},{\"@type\":\"WebPage\",\"@id\":\"https:\/\/tele-mark.dk\/de\/?p=11412\",\"url\":\"https:\/\/tele-mark.dk\/de\/?p=11412\",\"name\":\"Tele-Mark A\/S verlegt seinen Sitz. | Tele-Mark A\/S\",\"isPartOf\":{\"@id\":\"https:\/\/tele-mark.dk\/#website\"},\"datePublished\":\"2016-04-29T05:36:38+00:00\",\"dateModified\":\"2025-09-26T07:11:16+00:00\",\"breadcrumb\":{\"@id\":\"https:\/\/tele-mark.dk\/de\/?p=11412#breadcrumb\"},\"inLanguage\":\"de\",\"potentialAction\":[{\"@type\":\"ReadAction\",\"target\":[\"https:\/\/tele-mark.dk\/de\/?p=11412\"]}]},{\"@type\":\"BreadcrumbList\",\"@id\":\"https:\/\/tele-mark.dk\/de\/?p=11412#breadcrumb\",\"itemListElement\":[{\"@type\":\"ListItem\",\"position\":1,\"name\":\"Forside\",\"item\":\"https:\/\/tele-mark.dk\/de\/?page_id=10844\"},{\"@type\":\"ListItem\",\"position\":2,\"name\":\"Tele-Mark A\/S verlegt seinen Sitz.\"}]},{\"@type\":\"WebSite\",\"@id\":\"https:\/\/tele-mark.dk\/#website\",\"url\":\"https:\/\/tele-mark.dk\/\",\"name\":\"Tele-Mark A\/S\",\"description\":\"Telemarketing-Agentur f\u00fcr D\u00e4nemark, die nordischen L\u00e4nder, Europa und die ganze Welt\",\"publisher\":{\"@id\":\"https:\/\/tele-mark.dk\/#organization\"},\"potentialAction\":[{\"@type\":\"SearchAction\",\"target\":{\"@type\":\"EntryPoint\",\"urlTemplate\":\"https:\/\/tele-mark.dk\/?s={search_term_string}\"},\"query-input\":{\"@type\":\"PropertyValueSpecification\",\"valueRequired\":true,\"valueName\":\"search_term_string\"}}],\"inLanguage\":\"de\"},{\"@type\":\"Organization\",\"@id\":\"https:\/\/tele-mark.dk\/#organization\",\"name\":\"Tele-Mark A\/S\",\"url\":\"https:\/\/tele-mark.dk\/\",\"logo\":{\"@type\":\"ImageObject\",\"inLanguage\":\"de\",\"@id\":\"https:\/\/tele-mark.dk\/#\/schema\/logo\/image\/\",\"url\":\"https:\/\/tele-mark.dk\/wp-content\/uploads\/2025\/03\/Nyt-logo.svg\",\"contentUrl\":\"https:\/\/tele-mark.dk\/wp-content\/uploads\/2025\/03\/Nyt-logo.svg\",\"width\":433,\"height\":161,\"caption\":\"Tele-Mark A\/S\"},\"image\":{\"@id\":\"https:\/\/tele-mark.dk\/#\/schema\/logo\/image\/\"}},{\"@type\":\"Person\",\"@id\":\"https:\/\/tele-mark.dk\/#\/schema\/person\/b384f8c60f09de558a20bb8574465698\",\"name\":\"MK@tele-mark.dk\",\"url\":\"https:\/\/tele-mark.dk\/de\/author\/mktele-mark-dk\/\"}]}<\/script>\n<!-- \/ Yoast SEO plugin. -->","yoast_head_json":{"title":"Tele-Mark A\/S verlegt seinen Sitz. | Tele-Mark A\/S","robots":{"index":"index","follow":"follow","max-snippet":"max-snippet:-1","max-image-preview":"max-image-preview:large","max-video-preview":"max-video-preview:-1"},"canonical":"https:\/\/tele-mark.dk\/de\/?p=11412","og_locale":"de_DE","og_type":"article","og_title":"Tele-Mark A\/S verlegt seinen Sitz. | Tele-Mark A\/S","og_description":"Nach 9 wirklich guten Jahren in der Carl Blochs Gade 37 ist es nun an der Zeit, f\u00fcr Tele-Mark A\/S weiterzuziehen. Der Platz ist seit einigen Jahren zu eng. Wir freuen uns alle darauf, Ende August die T\u00fcren unseres neuen Hauptsitzes am S\u00f8ren Frichs Vej 40F zu \u00f6ffnen. Zuvor wird der Hauptsitz jedoch umfassend renoviert. ... Weiterlesen ...","og_url":"https:\/\/tele-mark.dk\/de\/?p=11412","og_site_name":"Tele-Mark A\/S","article_published_time":"2016-04-29T05:36:38+00:00","article_modified_time":"2025-09-26T07:11:16+00:00","author":"MK@tele-mark.dk","twitter_card":"summary_large_image","twitter_misc":{"Verfasst von":"MK@tele-mark.dk","Gesch\u00e4tzte Lesezeit":"1\u00a0Minute"},"schema":{"@context":"https:\/\/schema.org","@graph":[{"@type":"Article","@id":"https:\/\/tele-mark.dk\/de\/?p=11412#article","isPartOf":{"@id":"https:\/\/tele-mark.dk\/de\/?p=11412"},"author":{"name":"MK@tele-mark.dk","@id":"https:\/\/tele-mark.dk\/#\/schema\/person\/b384f8c60f09de558a20bb8574465698"},"headline":"Tele-Mark A\/S verlegt seinen Sitz.","datePublished":"2016-04-29T05:36:38+00:00","dateModified":"2025-09-26T07:11:16+00:00","mainEntityOfPage":{"@id":"https:\/\/tele-mark.dk\/de\/?p=11412"},"wordCount":127,"publisher":{"@id":"https:\/\/tele-mark.dk\/#organization"},"articleSection":["Okategoriserad"],"inLanguage":"de"},{"@type":"WebPage","@id":"https:\/\/tele-mark.dk\/de\/?p=11412","url":"https:\/\/tele-mark.dk\/de\/?p=11412","name":"Tele-Mark A\/S verlegt seinen Sitz. | Tele-Mark A\/S","isPartOf":{"@id":"https:\/\/tele-mark.dk\/#website"},"datePublished":"2016-04-29T05:36:38+00:00","dateModified":"2025-09-26T07:11:16+00:00","breadcrumb":{"@id":"https:\/\/tele-mark.dk\/de\/?p=11412#breadcrumb"},"inLanguage":"de","potentialAction":[{"@type":"ReadAction","target":["https:\/\/tele-mark.dk\/de\/?p=11412"]}]},{"@type":"BreadcrumbList","@id":"https:\/\/tele-mark.dk\/de\/?p=11412#breadcrumb","itemListElement":[{"@type":"ListItem","position":1,"name":"Forside","item":"https:\/\/tele-mark.dk\/de\/?page_id=10844"},{"@type":"ListItem","position":2,"name":"Tele-Mark A\/S verlegt seinen Sitz."}]},{"@type":"WebSite","@id":"https:\/\/tele-mark.dk\/#website","url":"https:\/\/tele-mark.dk\/","name":"Tele-Mark A\/S","description":"Telemarketing-Agentur f\u00fcr D\u00e4nemark, die nordischen L\u00e4nder, Europa und die ganze Welt","publisher":{"@id":"https:\/\/tele-mark.dk\/#organization"},"potentialAction":[{"@type":"SearchAction","target":{"@type":"EntryPoint","urlTemplate":"https:\/\/tele-mark.dk\/?s={search_term_string}"},"query-input":{"@type":"PropertyValueSpecification","valueRequired":true,"valueName":"search_term_string"}}],"inLanguage":"de"},{"@type":"Organization","@id":"https:\/\/tele-mark.dk\/#organization","name":"Tele-Mark A\/S","url":"https:\/\/tele-mark.dk\/","logo":{"@type":"ImageObject","inLanguage":"de","@id":"https:\/\/tele-mark.dk\/#\/schema\/logo\/image\/","url":"https:\/\/tele-mark.dk\/wp-content\/uploads\/2025\/03\/Nyt-logo.svg","contentUrl":"https:\/\/tele-mark.dk\/wp-content\/uploads\/2025\/03\/Nyt-logo.svg","width":433,"height":161,"caption":"Tele-Mark A\/S"},"image":{"@id":"https:\/\/tele-mark.dk\/#\/schema\/logo\/image\/"}},{"@type":"Person","@id":"https:\/\/tele-mark.dk\/#\/schema\/person\/b384f8c60f09de558a20bb8574465698","name":"MK@tele-mark.dk","url":"https:\/\/tele-mark.dk\/de\/author\/mktele-mark-dk\/"}]}},"_links":{"self":[{"href":"https:\/\/tele-mark.dk\/de\/wp-json\/wp\/v2\/posts\/11412","targetHints":{"allow":["GET"]}}],"collection":[{"href":"https:\/\/tele-mark.dk\/de\/wp-json\/wp\/v2\/posts"}],"about":[{"href":"https:\/\/tele-mark.dk\/de\/wp-json\/wp\/v2\/types\/post"}],"author":[{"embeddable":true,"href":"https:\/\/tele-mark.dk\/de\/wp-json\/wp\/v2\/users\/7"}],"replies":[{"embeddable":true,"href":"https:\/\/tele-mark.dk\/de\/wp-json\/wp\/v2\/comments?post=11412"}],"version-history":[{"count":1,"href":"https:\/\/tele-mark.dk\/de\/wp-json\/wp\/v2\/posts\/11412\/revisions"}],"predecessor-version":[{"id":11414,"href":"https:\/\/tele-mark.dk\/de\/wp-json\/wp\/v2\/posts\/11412\/revisions\/11414"}],"wp:attachment":[{"href":"https:\/\/tele-mark.dk\/de\/wp-json\/wp\/v2\/media?parent=11412"}],"wp:term":[{"taxonomy":"category","embeddable":true,"href":"https:\/\/tele-mark.dk\/de\/wp-json\/wp\/v2\/categories?post=11412"},{"taxonomy":"post_tag","embeddable":true,"href":"https:\/\/tele-mark.dk\/de\/wp-json\/wp\/v2\/tags?post=11412"}],"curies":[{"name":"wp","href":"https:\/\/api.w.org\/{rel}","templated":true}]}}