{"id":11405,"date":"2015-12-14T07:37:46","date_gmt":"2015-12-14T06:37:46","guid":{"rendered":"https:\/\/tele-mark.dk\/die-zusammenarbeit-zwischen-tele-mark-a-s-und-ekf-der-daenischen-exportkreditagentur-geht-nun-in-ihr-fuenftes-jahr\/"},"modified":"2025-09-26T09:11:15","modified_gmt":"2025-09-26T07:11:15","slug":"die-zusammenarbeit-zwischen-tele-mark-a-s-und-ekf-der-daenischen-exportkreditagentur-geht-nun-in-ihr-fuenftes-jahr","status":"publish","type":"post","link":"https:\/\/tele-mark.dk\/de\/die-zusammenarbeit-zwischen-tele-mark-a-s-und-ekf-der-daenischen-exportkreditagentur-geht-nun-in-ihr-fuenftes-jahr\/","title":{"rendered":"Die Zusammenarbeit zwischen Tele-Mark A\/S und EKF, der d\u00e4nischen Exportkreditagentur, geht nun in ihr f\u00fcnftes Jahr."},"content":{"rendered":"<p>Im Zuge der Finanzkrise erhielt die d\u00e4nische Exportkreditagentur EKF eine Reihe neuer Garantien und B\u00fcrgschaften, die es erm\u00f6glichten, vielen weiteren kleinen und mittleren Exportunternehmen zu helfen. Dies bedeutete einen deutlichen Anstieg der Zahl potenzieller Unternehmen, die betreut, beraten und unterst\u00fctzt werden mussten. Allein die Identifizierung und Kontaktaufnahme mit relevanten Unternehmen im sehr gro\u00dfen KMU-Segment ist f\u00fcr jedes Unternehmen eine Herausforderung. EKF beauftragte Tele-Mark A\/S mit der Erstansprache aller neuen KMU-Kunden. Die Zusammenarbeit begann 2011 und dauert nun schon das f\u00fcnfte Jahr an.    <\/p>\n<p>Die Zusammenarbeit besteht haupts\u00e4chlich darin, erste Dialoge zu f\u00fchren, um Unternehmen zu identifizieren, die eine Reihe von Bedingungen erf\u00fcllen. Dadurch wird sichergestellt, dass EKF keine unn\u00f6tige Zeit mit Unternehmen ohne Bedarf und\/oder Unternehmen mit Bedarf, der von privaten Akteuren gel\u00f6st werden muss, verbringt.<\/p>\n<p>\u201eDie Zusammenarbeit ist f\u00fcr EKF von gro\u00dfer Bedeutung\u201c, sagt Morten Hvilsom Larsen. \u201eSeit dem Start im Jahr 2011 hat Tele-Mark A\/S f\u00fcr uns mehr als 2.000 Unternehmen kontaktiert. Dieser Kontakt wird so lange aufrechterhalten, bis das Unternehmen grunds\u00e4tzlich eine Reihe definierter Kriterien erf\u00fcllt. Anschlie\u00dfend wird ein Treffen zwischen dem Unternehmen und EKF vereinbart, das dann den Dialog \u00fcbernimmt.\u201c Morten f\u00e4hrt fort: \u201eDie Qualit\u00e4t der Treffen ist auf einem erstaunlich hohen Niveau und \u00fcbertrifft unsere Vorstellungen von 2011, als wir die Zusammenarbeit mit einem kleinen Test begannen. Die Mitarbeiter von Tele-Mark A\/S verf\u00fcgen \u00fcber eine ungew\u00f6hnlich gute F\u00e4higkeit, relativ komplexe Zusammenh\u00e4nge zu verstehen und zu nutzen. Besonders positiv ist, dass wir \u00fcber all die Jahre hinweg denselben Telefonanten f\u00fcr die Aufgabe hatten, was nat\u00fcrlich auch zur hohen Qualit\u00e4t der Zusammenarbeit beitr\u00e4gt.\u201c    <\/p>\n<p>\u201eEin Vorteil besteht einerseits f\u00fcr uns bei EKF, andererseits f\u00fcr die Unternehmen, mit denen Tele-Mark A\/S Kontakt hat.\u201c Morten erkl\u00e4rt: \u201eDerzeit haben 36 Unternehmen von Tele-Mark A\/S eine aktive Garantie und 45 Unternehmen haben einen Garantiefall in der Pipeline. Dar\u00fcber hinaus stehen meine Kollegen und ich mit rund 200 Unternehmen noch im Dialog. Es ist keineswegs sicher, dass alle diese Unternehmen ohne die Zusammenarbeit mit Tele-Mark A\/S mit EKF in Kontakt getreten w\u00e4ren.\u201c   <\/p>\n<p>Tele-Mark A\/S freut sich \u00fcber die Zusammenarbeit und ist stolz auf die mit dem EKF-Team erzielten Ergebnisse. \u201eIn erster Linie ist es fantastisch, dass so viele Unternehmen indirekt stark von der Zusammenarbeit zwischen EKF und Tele-Mark A\/S profitieren, da sie grunds\u00e4tzlich im Interesse aller D\u00e4nen liegt\u201c, sagt Mads Elefsen Kudsk, Partner bei Tele-Mark A\/S. Mads f\u00e4hrt fort: \u201eEs ist gro\u00dfartig, wenn ein Kunde merkt und sch\u00e4tzt, dass er f\u00fcr ein Projekt, das f\u00fcnf Jahre l\u00e4uft, denselben Mitarbeiter einsetzt. Das zeigt uns, dass unsere Strategie, qualifizierte und kompetente Mitarbeiter gezielt zu binden, f\u00fcr unsere Kunden sinnvoll ist, auch wenn dies auf dem Papier eine teurere L\u00f6sung ist, als wenn wir nur neu eingestellte Mitarbeiter mit dem Anfangsgehalt f\u00fcr die Projekte einsetzen w\u00fcrden.\u201c   <\/p>\n<p>Wenn Sie mehr \u00fcber EKF erfahren m\u00f6chten, k\u00f6nnen Sie hier mehr dar\u00fcber lesen: <a href=\"http:\/\/www.ekf.dk\/\" target=\"_blank\" rel=\"noopener\">www.ekf.dk<\/a><\/p>\n<p><strong>Fakten \u00fcber die Mitarbeiter von Tele-Mark A\/S.<\/strong><\/p>\n<p>Tele-Mark A\/S besch\u00e4ftigt derzeit 50 Vollzeitmitarbeiter mit einer durchschnittlichen Betriebszugeh\u00f6rigkeit von \u00fcber f\u00fcnf Jahren. Diese Zahl ist in den letzten zwei Jahren jedoch leicht zur\u00fcckgegangen, da wir aufgrund unseres zunehmenden Wachstums mehr Vollzeitmitarbeiter einstellen mussten. Tele-Mark A\/S besch\u00e4ftigt \u00fcber 15 Mitarbeiter mit \u00fcber acht Jahren Erfahrung, und der erfahrenste <a href=\"https:\/\/tele-mark.dk\/de\/telemarketing\/meeting-bucher\/\">Meeting-Booker<\/a> arbeitet seit \u00fcber zw\u00f6lf Jahren (seit Juni 2003). Das Durchschnittsalter betr\u00e4gt derzeit 37,5 Jahre.  <\/p>\n<p>Wenn Sie mehr \u00fcber Tele-Mark A\/S und unseren Ansatz zur B2B <a href=\"\/telemarketing\/modebooking\/\">-Meeting-Buchung<\/a> erfahren m\u00f6chten, kontaktieren Sie Mads bitte telefonisch unter 70 237 238 oder 40 256 687.<\/p>\n","protected":false},"excerpt":{"rendered":"<p>Im Zuge der Finanzkrise erhielt die d\u00e4nische Exportkreditagentur EKF eine Reihe neuer Garantien und B\u00fcrgschaften, die es erm\u00f6glichten, vielen weiteren kleinen und mittleren Exportunternehmen zu helfen. Dies bedeutete einen deutlichen Anstieg der Zahl potenzieller Unternehmen, die betreut, beraten und unterst\u00fctzt werden mussten. Allein die Identifizierung und Kontaktaufnahme mit relevanten Unternehmen im sehr gro\u00dfen KMU-Segment ist &#8230; <a title=\"Die Zusammenarbeit zwischen Tele-Mark A\/S und EKF, der d\u00e4nischen Exportkreditagentur, geht nun in ihr f\u00fcnftes Jahr.\" class=\"read-more\" href=\"https:\/\/tele-mark.dk\/de\/die-zusammenarbeit-zwischen-tele-mark-a-s-und-ekf-der-daenischen-exportkreditagentur-geht-nun-in-ihr-fuenftes-jahr\/\" aria-label=\"Mehr Informationen \u00fcber Die Zusammenarbeit zwischen Tele-Mark A\/S und EKF, der d\u00e4nischen Exportkreditagentur, geht nun in ihr f\u00fcnftes Jahr.\">Weiterlesen &#8230;<\/a><\/p>\n","protected":false},"author":7,"featured_media":0,"comment_status":"closed","ping_status":"closed","sticky":false,"template":"","format":"standard","meta":{"_acf_changed":false,"footnotes":""},"categories":[71],"tags":[],"class_list":["post-11405","post","type-post","status-publish","format-standard","hentry","category-okategoriserad"],"acf":[],"yoast_head":"<!-- This site is optimized with the Yoast SEO plugin v26.8 - https:\/\/yoast.com\/product\/yoast-seo-wordpress\/ -->\n<title>Die Zusammenarbeit zwischen Tele-Mark A\/S und EKF, der d\u00e4nischen Exportkreditagentur, geht nun in ihr f\u00fcnftes Jahr. | Tele-Mark A\/S<\/title>\n<meta name=\"robots\" content=\"index, follow, max-snippet:-1, max-image-preview:large, max-video-preview:-1\" \/>\n<link rel=\"canonical\" href=\"https:\/\/tele-mark.dk\/de\/?p=11405\" \/>\n<meta property=\"og:locale\" content=\"de_DE\" \/>\n<meta property=\"og:type\" content=\"article\" \/>\n<meta property=\"og:title\" content=\"Die Zusammenarbeit zwischen Tele-Mark A\/S und EKF, der d\u00e4nischen Exportkreditagentur, geht nun in ihr f\u00fcnftes Jahr. | Tele-Mark A\/S\" \/>\n<meta property=\"og:description\" content=\"Im Zuge der Finanzkrise erhielt die d\u00e4nische Exportkreditagentur EKF eine Reihe neuer Garantien und B\u00fcrgschaften, die es erm\u00f6glichten, vielen weiteren kleinen und mittleren Exportunternehmen zu helfen. Dies bedeutete einen deutlichen Anstieg der Zahl potenzieller Unternehmen, die betreut, beraten und unterst\u00fctzt werden mussten. Allein die Identifizierung und Kontaktaufnahme mit relevanten Unternehmen im sehr gro\u00dfen KMU-Segment ist ... Weiterlesen ...\" \/>\n<meta property=\"og:url\" content=\"https:\/\/tele-mark.dk\/de\/?p=11405\" \/>\n<meta property=\"og:site_name\" content=\"Tele-Mark A\/S\" \/>\n<meta property=\"article:published_time\" content=\"2015-12-14T06:37:46+00:00\" \/>\n<meta property=\"article:modified_time\" content=\"2025-09-26T07:11:15+00:00\" \/>\n<meta name=\"author\" content=\"MK@tele-mark.dk\" \/>\n<meta name=\"twitter:card\" content=\"summary_large_image\" \/>\n<meta name=\"twitter:label1\" content=\"Verfasst von\" \/>\n\t<meta name=\"twitter:data1\" content=\"MK@tele-mark.dk\" \/>\n\t<meta name=\"twitter:label2\" content=\"Gesch\u00e4tzte Lesezeit\" \/>\n\t<meta name=\"twitter:data2\" content=\"3\u00a0Minuten\" \/>\n<script type=\"application\/ld+json\" class=\"yoast-schema-graph\">{\"@context\":\"https:\/\/schema.org\",\"@graph\":[{\"@type\":\"Article\",\"@id\":\"https:\/\/tele-mark.dk\/de\/?p=11405#article\",\"isPartOf\":{\"@id\":\"https:\/\/tele-mark.dk\/de\/?p=11405\"},\"author\":{\"name\":\"MK@tele-mark.dk\",\"@id\":\"https:\/\/tele-mark.dk\/#\/schema\/person\/b384f8c60f09de558a20bb8574465698\"},\"headline\":\"Die Zusammenarbeit zwischen Tele-Mark A\/S und EKF, der d\u00e4nischen Exportkreditagentur, geht nun in ihr f\u00fcnftes Jahr.\",\"datePublished\":\"2015-12-14T06:37:46+00:00\",\"dateModified\":\"2025-09-26T07:11:15+00:00\",\"mainEntityOfPage\":{\"@id\":\"https:\/\/tele-mark.dk\/de\/?p=11405\"},\"wordCount\":636,\"publisher\":{\"@id\":\"https:\/\/tele-mark.dk\/#organization\"},\"articleSection\":[\"Okategoriserad\"],\"inLanguage\":\"de\"},{\"@type\":\"WebPage\",\"@id\":\"https:\/\/tele-mark.dk\/de\/?p=11405\",\"url\":\"https:\/\/tele-mark.dk\/de\/?p=11405\",\"name\":\"Die Zusammenarbeit zwischen Tele-Mark A\/S und EKF, der d\u00e4nischen Exportkreditagentur, geht nun in ihr f\u00fcnftes Jahr. | Tele-Mark A\/S\",\"isPartOf\":{\"@id\":\"https:\/\/tele-mark.dk\/#website\"},\"datePublished\":\"2015-12-14T06:37:46+00:00\",\"dateModified\":\"2025-09-26T07:11:15+00:00\",\"breadcrumb\":{\"@id\":\"https:\/\/tele-mark.dk\/de\/?p=11405#breadcrumb\"},\"inLanguage\":\"de\",\"potentialAction\":[{\"@type\":\"ReadAction\",\"target\":[\"https:\/\/tele-mark.dk\/de\/?p=11405\"]}]},{\"@type\":\"BreadcrumbList\",\"@id\":\"https:\/\/tele-mark.dk\/de\/?p=11405#breadcrumb\",\"itemListElement\":[{\"@type\":\"ListItem\",\"position\":1,\"name\":\"Forside\",\"item\":\"https:\/\/tele-mark.dk\/de\/?page_id=10844\"},{\"@type\":\"ListItem\",\"position\":2,\"name\":\"Die Zusammenarbeit zwischen Tele-Mark A\/S und EKF, der d\u00e4nischen Exportkreditagentur, geht nun in ihr f\u00fcnftes Jahr.\"}]},{\"@type\":\"WebSite\",\"@id\":\"https:\/\/tele-mark.dk\/#website\",\"url\":\"https:\/\/tele-mark.dk\/\",\"name\":\"Tele-Mark A\/S\",\"description\":\"Telemarketing-Agentur f\u00fcr D\u00e4nemark, die nordischen L\u00e4nder, Europa und die ganze Welt\",\"publisher\":{\"@id\":\"https:\/\/tele-mark.dk\/#organization\"},\"potentialAction\":[{\"@type\":\"SearchAction\",\"target\":{\"@type\":\"EntryPoint\",\"urlTemplate\":\"https:\/\/tele-mark.dk\/?s={search_term_string}\"},\"query-input\":{\"@type\":\"PropertyValueSpecification\",\"valueRequired\":true,\"valueName\":\"search_term_string\"}}],\"inLanguage\":\"de\"},{\"@type\":\"Organization\",\"@id\":\"https:\/\/tele-mark.dk\/#organization\",\"name\":\"Tele-Mark A\/S\",\"url\":\"https:\/\/tele-mark.dk\/\",\"logo\":{\"@type\":\"ImageObject\",\"inLanguage\":\"de\",\"@id\":\"https:\/\/tele-mark.dk\/#\/schema\/logo\/image\/\",\"url\":\"https:\/\/tele-mark.dk\/wp-content\/uploads\/2025\/03\/Nyt-logo.svg\",\"contentUrl\":\"https:\/\/tele-mark.dk\/wp-content\/uploads\/2025\/03\/Nyt-logo.svg\",\"width\":433,\"height\":161,\"caption\":\"Tele-Mark A\/S\"},\"image\":{\"@id\":\"https:\/\/tele-mark.dk\/#\/schema\/logo\/image\/\"}},{\"@type\":\"Person\",\"@id\":\"https:\/\/tele-mark.dk\/#\/schema\/person\/b384f8c60f09de558a20bb8574465698\",\"name\":\"MK@tele-mark.dk\",\"url\":\"https:\/\/tele-mark.dk\/de\/author\/mktele-mark-dk\/\"}]}<\/script>\n<!-- \/ Yoast SEO plugin. -->","yoast_head_json":{"title":"Die Zusammenarbeit zwischen Tele-Mark A\/S und EKF, der d\u00e4nischen Exportkreditagentur, geht nun in ihr f\u00fcnftes Jahr. | Tele-Mark A\/S","robots":{"index":"index","follow":"follow","max-snippet":"max-snippet:-1","max-image-preview":"max-image-preview:large","max-video-preview":"max-video-preview:-1"},"canonical":"https:\/\/tele-mark.dk\/de\/?p=11405","og_locale":"de_DE","og_type":"article","og_title":"Die Zusammenarbeit zwischen Tele-Mark A\/S und EKF, der d\u00e4nischen Exportkreditagentur, geht nun in ihr f\u00fcnftes Jahr. | Tele-Mark A\/S","og_description":"Im Zuge der Finanzkrise erhielt die d\u00e4nische Exportkreditagentur EKF eine Reihe neuer Garantien und B\u00fcrgschaften, die es erm\u00f6glichten, vielen weiteren kleinen und mittleren Exportunternehmen zu helfen. Dies bedeutete einen deutlichen Anstieg der Zahl potenzieller Unternehmen, die betreut, beraten und unterst\u00fctzt werden mussten. Allein die Identifizierung und Kontaktaufnahme mit relevanten Unternehmen im sehr gro\u00dfen KMU-Segment ist ... Weiterlesen ...","og_url":"https:\/\/tele-mark.dk\/de\/?p=11405","og_site_name":"Tele-Mark A\/S","article_published_time":"2015-12-14T06:37:46+00:00","article_modified_time":"2025-09-26T07:11:15+00:00","author":"MK@tele-mark.dk","twitter_card":"summary_large_image","twitter_misc":{"Verfasst von":"MK@tele-mark.dk","Gesch\u00e4tzte Lesezeit":"3\u00a0Minuten"},"schema":{"@context":"https:\/\/schema.org","@graph":[{"@type":"Article","@id":"https:\/\/tele-mark.dk\/de\/?p=11405#article","isPartOf":{"@id":"https:\/\/tele-mark.dk\/de\/?p=11405"},"author":{"name":"MK@tele-mark.dk","@id":"https:\/\/tele-mark.dk\/#\/schema\/person\/b384f8c60f09de558a20bb8574465698"},"headline":"Die Zusammenarbeit zwischen Tele-Mark A\/S und EKF, der d\u00e4nischen Exportkreditagentur, geht nun in ihr f\u00fcnftes Jahr.","datePublished":"2015-12-14T06:37:46+00:00","dateModified":"2025-09-26T07:11:15+00:00","mainEntityOfPage":{"@id":"https:\/\/tele-mark.dk\/de\/?p=11405"},"wordCount":636,"publisher":{"@id":"https:\/\/tele-mark.dk\/#organization"},"articleSection":["Okategoriserad"],"inLanguage":"de"},{"@type":"WebPage","@id":"https:\/\/tele-mark.dk\/de\/?p=11405","url":"https:\/\/tele-mark.dk\/de\/?p=11405","name":"Die Zusammenarbeit zwischen Tele-Mark A\/S und EKF, der d\u00e4nischen Exportkreditagentur, geht nun in ihr f\u00fcnftes Jahr. | Tele-Mark A\/S","isPartOf":{"@id":"https:\/\/tele-mark.dk\/#website"},"datePublished":"2015-12-14T06:37:46+00:00","dateModified":"2025-09-26T07:11:15+00:00","breadcrumb":{"@id":"https:\/\/tele-mark.dk\/de\/?p=11405#breadcrumb"},"inLanguage":"de","potentialAction":[{"@type":"ReadAction","target":["https:\/\/tele-mark.dk\/de\/?p=11405"]}]},{"@type":"BreadcrumbList","@id":"https:\/\/tele-mark.dk\/de\/?p=11405#breadcrumb","itemListElement":[{"@type":"ListItem","position":1,"name":"Forside","item":"https:\/\/tele-mark.dk\/de\/?page_id=10844"},{"@type":"ListItem","position":2,"name":"Die Zusammenarbeit zwischen Tele-Mark A\/S und EKF, der d\u00e4nischen Exportkreditagentur, geht nun in ihr f\u00fcnftes Jahr."}]},{"@type":"WebSite","@id":"https:\/\/tele-mark.dk\/#website","url":"https:\/\/tele-mark.dk\/","name":"Tele-Mark A\/S","description":"Telemarketing-Agentur f\u00fcr D\u00e4nemark, die nordischen L\u00e4nder, Europa und die ganze Welt","publisher":{"@id":"https:\/\/tele-mark.dk\/#organization"},"potentialAction":[{"@type":"SearchAction","target":{"@type":"EntryPoint","urlTemplate":"https:\/\/tele-mark.dk\/?s={search_term_string}"},"query-input":{"@type":"PropertyValueSpecification","valueRequired":true,"valueName":"search_term_string"}}],"inLanguage":"de"},{"@type":"Organization","@id":"https:\/\/tele-mark.dk\/#organization","name":"Tele-Mark A\/S","url":"https:\/\/tele-mark.dk\/","logo":{"@type":"ImageObject","inLanguage":"de","@id":"https:\/\/tele-mark.dk\/#\/schema\/logo\/image\/","url":"https:\/\/tele-mark.dk\/wp-content\/uploads\/2025\/03\/Nyt-logo.svg","contentUrl":"https:\/\/tele-mark.dk\/wp-content\/uploads\/2025\/03\/Nyt-logo.svg","width":433,"height":161,"caption":"Tele-Mark A\/S"},"image":{"@id":"https:\/\/tele-mark.dk\/#\/schema\/logo\/image\/"}},{"@type":"Person","@id":"https:\/\/tele-mark.dk\/#\/schema\/person\/b384f8c60f09de558a20bb8574465698","name":"MK@tele-mark.dk","url":"https:\/\/tele-mark.dk\/de\/author\/mktele-mark-dk\/"}]}},"_links":{"self":[{"href":"https:\/\/tele-mark.dk\/de\/wp-json\/wp\/v2\/posts\/11405","targetHints":{"allow":["GET"]}}],"collection":[{"href":"https:\/\/tele-mark.dk\/de\/wp-json\/wp\/v2\/posts"}],"about":[{"href":"https:\/\/tele-mark.dk\/de\/wp-json\/wp\/v2\/types\/post"}],"author":[{"embeddable":true,"href":"https:\/\/tele-mark.dk\/de\/wp-json\/wp\/v2\/users\/7"}],"replies":[{"embeddable":true,"href":"https:\/\/tele-mark.dk\/de\/wp-json\/wp\/v2\/comments?post=11405"}],"version-history":[{"count":1,"href":"https:\/\/tele-mark.dk\/de\/wp-json\/wp\/v2\/posts\/11405\/revisions"}],"predecessor-version":[{"id":11406,"href":"https:\/\/tele-mark.dk\/de\/wp-json\/wp\/v2\/posts\/11405\/revisions\/11406"}],"wp:attachment":[{"href":"https:\/\/tele-mark.dk\/de\/wp-json\/wp\/v2\/media?parent=11405"}],"wp:term":[{"taxonomy":"category","embeddable":true,"href":"https:\/\/tele-mark.dk\/de\/wp-json\/wp\/v2\/categories?post=11405"},{"taxonomy":"post_tag","embeddable":true,"href":"https:\/\/tele-mark.dk\/de\/wp-json\/wp\/v2\/tags?post=11405"}],"curies":[{"name":"wp","href":"https:\/\/api.w.org\/{rel}","templated":true}]}}